{"id":577037,"date":"2025-12-04T07:18:39","date_gmt":"2025-12-04T07:18:39","guid":{"rendered":"https:\/\/www.europesays.com\/fr\/577037\/"},"modified":"2025-12-04T07:18:39","modified_gmt":"2025-12-04T07:18:39","slug":"podcast-emmanuel-lechypre-face-a-jean-marc-daniel-lallemagne-toujours-un-modele-04-12-bfm","status":"publish","type":"post","link":"https:\/\/www.europesays.com\/fr\/577037\/","title":{"rendered":"PODCAST : Emmanuel Lechypre face \u00e0 Jean-Marc Daniel : L&#039;Allemagne, toujours un mod\u00e8le ? &#8211; 04\/12 &#8211; BFM"},"content":{"rendered":"<ol>\n<li><a href=\"https:\/\/news.google.com\/rss\/articles\/CBMi_gFBVV95cUxPWHR4RDZpeVlub0xYbnZtLUhrYk55QnVLRWZzbXVsWFJMZ21hamZXWmNiZVZobVVNWldxemJYSkxNYVBsY2t2UTgyVkR2ajlXcHFnNllqTlNvYkJBYkswQkdXN1BvRGlhbTdLYWNvck0xYWVuZm82dlZTMjE4TXRiRU5aSEZEYXhpczlNOEtENjBORGdJNU54RGM5b2tfUDlVb1N3Y044ZGxUZmFpSnlFUWduanE1Q2c3dXh2WG00VXFpTjk4WjduOVJLUlo3elExUHBwZkx3YVozdERfZk9hdG5pb0Y2MC1tcHZ1M2l4VjByMDVMaTEwQ0hlOXZmdw?oc=5\" target=\"_blank\" rel=\"noopener\">PODCAST : Emmanuel Lechypre face \u00e0 Jean-Marc Daniel : L&rsquo;Allemagne, toujours un mod\u00e8le ? &#8211; 04\/12<\/a>&nbsp;&nbsp;BFM<\/li>\n<li><a href=\"https:\/\/news.google.com\/rss\/articles\/CBMixwFBVV95cUxPbDFhaFB4WUJuZDl3MzFONzJDV2hrZ09fMnNJNUhOcWpiZU9DYlVrc0ZYeGdLd0RPLXZrcWZxQXh4bzJSaWVTbkIxNFFFc0hMRG00UmdoZlRVNXJSb2dLR19yVGhVaDVuSHpYTDR0WFJzeW5Vc05VRXVmNTNMSmFFcGdkUkZXVFI2c1NhRnpCT1pMUWp1T2FfOUxoZHdYdk1UdEU0RFlGcDJVc2VDN3VZMkxyelRTRVE2OEExRkpESGxMUVNSRWdN?oc=5\" target=\"_blank\" rel=\"noopener\">Mod\u00e8le \u00e9conomique et alli\u00e9 ind\u00e9fectible : pourquoi les Fran\u00e7ais font confiance \u00e0 l\u2019Allemagne<\/a>&nbsp;&nbsp;Challenges<\/li>\n<li><a href=\"https:\/\/news.google.com\/rss\/articles\/CBMi6AFBVV95cUxQYmMxMW8xdEF5MnNRaUVWVWRrT3VvQVZ1UFZpTHJ4QkZ3dEYzUEdCb1BEUDF3VzZrV2NjU0JHVUN0SG1NQm1SSTAyZHB1SUtDZ0huSDBPTGszaVVHeVRmSzhzUEdtVDRVejdQbjJqajFWTnk3alJFbnE3RVpzY0RYR2ZVU3BBbWNkVUVYZUtlN0hhRHBHSGt1M0FjallVZU9HZmFKbjlCaG5CU0FOV2VrZnV1UTlUdVhKOVo1emJzWTNhandzaXNCU3g5LTZ5YURPeTRSVUlRWXlVdEduNDNTTUk2M0RQdHNs?oc=5\" target=\"_blank\" rel=\"noopener\">\u00ab L&rsquo;\u00e9conomie allemande est en chute libre \u00bb : le patronat alerte sur l&rsquo;ampleur de la d\u00e9route industrielle outre-Rhin<\/a>&nbsp;&nbsp;Les Echos<\/li>\n<\/ol>\n","protected":false},"excerpt":{"rendered":"PODCAST : Emmanuel Lechypre face \u00e0 Jean-Marc Daniel : L&rsquo;Allemagne, toujours un mod\u00e8le ? &#8211; 04\/12&nbsp;&nbsp;BFM Mod\u00e8le \u00e9conomique&hellip;\n","protected":false},"author":2,"featured_media":395849,"comment_status":"","ping_status":"","sticky":false,"template":"","format":"standard","meta":{"footnotes":""},"categories":[1587],"tags":[11,672,1804,1805,1803,1777,674,1801,12,1802],"class_list":{"0":"post-577037","1":"post","2":"type-post","3":"status-publish","4":"format-standard","5":"has-post-thumbnail","7":"category-allemagne","8":"tag-actualites","9":"tag-allemagne","10":"tag-bundesrepublik-deutschland","11":"tag-de","12":"tag-deutschland","13":"tag-eu","14":"tag-europe","15":"tag-germany","16":"tag-news","17":"tag-republique-federale-dallemagne"},"share_on_mastodon":{"url":"https:\/\/pubeurope.com\/@fr\/115660082600166212","error":""},"_links":{"self":[{"href":"https:\/\/www.europesays.com\/fr\/wp-json\/wp\/v2\/posts\/577037","targetHints":{"allow":["GET"]}}],"collection":[{"href":"https:\/\/www.europesays.com\/fr\/wp-json\/wp\/v2\/posts"}],"about":[{"href":"https:\/\/www.europesays.com\/fr\/wp-json\/wp\/v2\/types\/post"}],"author":[{"embeddable":true,"href":"https:\/\/www.europesays.com\/fr\/wp-json\/wp\/v2\/users\/2"}],"replies":[{"embeddable":true,"href":"https:\/\/www.europesays.com\/fr\/wp-json\/wp\/v2\/comments?post=577037"}],"version-history":[{"count":0,"href":"https:\/\/www.europesays.com\/fr\/wp-json\/wp\/v2\/posts\/577037\/revisions"}],"wp:featuredmedia":[{"embeddable":true,"href":"https:\/\/www.europesays.com\/fr\/wp-json\/wp\/v2\/media\/395849"}],"wp:attachment":[{"href":"https:\/\/www.europesays.com\/fr\/wp-json\/wp\/v2\/media?parent=577037"}],"wp:term":[{"taxonomy":"category","embeddable":true,"href":"https:\/\/www.europesays.com\/fr\/wp-json\/wp\/v2\/categories?post=577037"},{"taxonomy":"post_tag","embeddable":true,"href":"https:\/\/www.europesays.com\/fr\/wp-json\/wp\/v2\/tags?post=577037"}],"curies":[{"name":"wp","href":"https:\/\/api.w.org\/{rel}","templated":true}]}}