{"id":577038,"date":"2025-12-04T07:20:24","date_gmt":"2025-12-04T07:20:24","guid":{"rendered":"https:\/\/www.europesays.com\/fr\/577038\/"},"modified":"2025-12-04T07:20:24","modified_gmt":"2025-12-04T07:20:24","slug":"les-valeurs-a-suivre-a-paris-et-en-europe-actualise-04-12-2025-a-0809","status":"publish","type":"post","link":"https:\/\/www.europesays.com\/fr\/577038\/","title":{"rendered":"Les valeurs \u00e0 suivre \u00e0 Paris et en Europe (actualis\u00e9) &#8211; 04\/12\/2025 \u00e0 08:09"},"content":{"rendered":"<p>\n (Actualis\u00e9 avec LVMH, Soci\u00e9t\u00e9 g\u00e9n\u00e9rale, Capgemini, Schneider,<br \/>\nsecteur du luxe, Adidas, Aurubis, Rio Tinto, Novo Nordisk)\n<\/p>\n<p>\n *\n<\/p>\n<p>\n Variation des futures sur indice CAC 40  0#FCE:\n<\/p>\n<p>\n *\n<\/p>\n<p>\n Variation des futures sur indice Stoxx 600  0#FXXP:\n<\/p>\n<p>\n *\n<\/p>\n<p>\n Valeurs qui se traitent ex-dividende  .EX.PA\n<\/p>\n<p>\n *\n<\/p>\n<p>\n Le point sur les march\u00e9s europ\u00e9ens  .EUFR\n<\/p>\n<p>\n Les valeurs \u00e0 suivre jeudi<br \/>\n\u00e0 la Bourse de Paris et en Europe :\n<\/p>\n<p>\n * LVMH<br \/>\n <a href=\"https:\/\/www.boursorama.com\/cours\/1rPMC\/\" target=\"_blank\" rel=\"noopener\"><br \/>\n  LVMH.PA<br \/>\n <\/a><br \/>\n &#8211; Les employ\u00e9s de la fili\u00e8re vin et<br \/>\nspiritueux du groupe Mo\u00ebt Hennessy sont appel\u00e9s \u00e0 manifester<br \/>\nvendredi par la CGT, qui demande l&rsquo;ouverture d&rsquo;une n\u00e9gociation<br \/>\nsur les compensations financi\u00e8res, selon\n<\/p>\n<p>\n un tract\n<\/p>\n<p>\n consult\u00e9 par Reuters.\n<\/p>\n<p>\n Le groupe LVMH a par ailleurs\n<\/p>\n<p>\n d\u00e9menti\n<\/p>\n<p>\n mercredi tout d\u00e9tournement d&rsquo;actions de son concurrent<br \/>\nHerm\u00e8s et ni\u00e9 d\u00e9tenir des actions \u00ab\u00a0cach\u00e9es\u00a0\u00bb du sellier.\n<\/p>\n<p>\n * ERAMET<br \/>\n <a href=\"https:\/\/www.boursorama.com\/cours\/1rPERA\/\" target=\"_blank\" rel=\"noopener\"><br \/>\n  ERMT.PA<br \/>\n <\/a><br \/>\n a annonc\u00e9 jeudi le lancement d&rsquo;un<br \/>\nprogramme d&rsquo;am\u00e9lioration de sa performance op\u00e9rationnelle,<br \/>\nintitul\u00e9 \u00ab\u00a0ReSolution\u00a0\u00bb, le groupe minier fran\u00e7ais disant vouloir<br \/>\nfaire face \u00e0 des conditions de march\u00e9s qualifi\u00e9es de<br \/>\n\u00ab\u00a0difficiles\u00a0\u00bb. Il cite un potentiel initial d&rsquo;am\u00e9lioration de<br \/>\nl&rsquo;Ebitda en ann\u00e9e pleine de 130 \u00e0 170 millions d&rsquo;euros d&rsquo;ici<br \/>\ndeux ans.\n<\/p>\n<p>\n * SOCIETE GENERALE<br \/>\n <a href=\"https:\/\/www.boursorama.com\/cours\/1rPGLE\/\" target=\"_blank\" rel=\"noopener\"><br \/>\n  SOGN.PA<br \/>\n <\/a><br \/>\n rel\u00e8ve sa recommandation \u00e0<br \/>\n\u00ab\u00a0acheter\u00a0\u00bb contre \u00ab\u00a0neutre\u00a0\u00bb.\n<\/p>\n<p>\n * SCHNEIDER ELECTRIC<br \/>\n <a href=\"https:\/\/www.boursorama.com\/cours\/1rPSU\/\" target=\"_blank\" rel=\"noopener\"><br \/>\n  SCHN.PA<br \/>\n <\/a><br \/>\n &#8211; JP Morgan rel\u00e8ve sa<br \/>\nrecommandation \u00e0 \u00ab\u00a0surpond\u00e9rer\u00a0\u00bb contre \u00ab\u00a0neutre\u00a0\u00bb.\n<\/p>\n<p>\n * CAPGEMINI<br \/>\n <a href=\"https:\/\/www.boursorama.com\/cours\/1rPCAP\/\" target=\"_blank\" rel=\"noopener\"><br \/>\n  CAPP.PA<br \/>\n <\/a><br \/>\n &#8211; JP Morgan reprend le suivi de la<br \/>\nvaleur avec une recommandation \u00e0 \u00ab\u00a0neutre\u00a0\u00bb.\n<\/p>\n<p>\n * SECTEUR DU LUXE &#8211; La police italienne s&rsquo;est rendue<br \/>\nmercredi au si\u00e8ge de 13 entreprises de haute couture pour leur<br \/>\ndemander de remettre des documents relatifs \u00e0 la gouvernance et<br \/>\nau contr\u00f4le de la cha\u00eene d&rsquo;approvisionnement dans le cadre d&rsquo;une<br \/>\nenqu\u00eate sur des all\u00e9gations d&rsquo;abus envers les travailleurs chez<br \/>\ndes sous-traitants du secteur de la mode, selon des documents<br \/>\njudiciaires.\n<\/p>\n<p>\n Les marques qui ont re\u00e7u des ordonnances de production<br \/>\nde documents sont Dolce &amp; Gabbana, Gianni Versace, Prada\n<\/p>\n<p>\n 1913.F , Adidas Italy<br \/>\n <a href=\"https:\/\/www.boursorama.com\/cours\/1zADS\/\" target=\"_blank\" rel=\"noopener\"><br \/>\n  ADSGn.DE<br \/>\n <\/a><br \/>\n , Off-White Operating, Missoni,<br \/>\nFerragamo<br \/>\n <a href=\"https:\/\/www.boursorama.com\/cours\/1gSFER\/\" target=\"_blank\" rel=\"noopener\"><br \/>\n  SFER.MI<br \/>\n <\/a><br \/>\n , Givenchy Italia, Alexander McQueen Italia,<br \/>\nGuccio Gucci<br \/>\n <a href=\"https:\/\/www.boursorama.com\/cours\/1rPKER\/\" target=\"_blank\" rel=\"noopener\"><br \/>\n  PRTP.PA<br \/>\n <\/a><br \/>\n , Yves Saint Laurent Manifatture\n<\/p>\n<p>\n <a href=\"https:\/\/www.boursorama.com\/cours\/1rPKER\/\" target=\"_blank\" rel=\"noopener\"><br \/>\n  PRTP.PA<br \/>\n <\/a><br \/>\n , Cris Conf. (Pinko) et Coccinelle.\n<\/p>\n<p>\n * AURUBIS<br \/>\n <a href=\"https:\/\/www.boursorama.com\/cours\/1zNDA\/\" target=\"_blank\" rel=\"noopener\"><br \/>\n  NAFG.DE<br \/>\n <\/a><br \/>\n &#8211; Le plus grand producteur europ\u00e9en de<br \/>\ncuivre a publi\u00e9 jeudi des r\u00e9sultats annuels inf\u00e9rieurs aux<br \/>\nattentes, p\u00e9nalis\u00e9 par une baisse du d\u00e9bit de concentr\u00e9s et une<br \/>\nr\u00e9duction des frais de traitement et de raffinage.\n<\/p>\n<p>\n * RIO TINTO<br \/>\n <a href=\"https:\/\/www.boursorama.com\/cours\/1uRIO.L\/\" target=\"_blank\" rel=\"noopener\"><br \/>\n  RIO.L<br \/>\n <\/a><br \/>\n a revu \u00e0 la hausse jeudi ses pr\u00e9visions<br \/>\nde production de cuivre pour 2025, invoquant une acc\u00e9l\u00e9ration<br \/>\ndes op\u00e9rations dans le cadre de son projet Oyu Tolgoi en<br \/>\nMongolie.\n<\/p>\n<p>\n * ADIDAS<br \/>\n <a href=\"https:\/\/www.boursorama.com\/cours\/1zADS\/\" target=\"_blank\" rel=\"noopener\"><br \/>\n  ADSGn.DE<br \/>\n <\/a><br \/>\n a obtenu mercredi le rejet d&rsquo;un recours<br \/>\nd\u00e9pos\u00e9 par des actionnaires am\u00e9ricains qui affirmaient que le<br \/>\ngroupe allemand avait dissimul\u00e9 de mani\u00e8re frauduleuse les<br \/>\npropos antis\u00e9mites et autres comportements inappropri\u00e9s de Ye,<br \/>\nanciennement connu sous le nom de Kanye West, avant que son<br \/>\npartenariat avec le rappeur et cr\u00e9ateur de mode ne vole en<br \/>\n\u00e9clats en 2022.\n<\/p>\n<p>\n * NOVO NORDISK<br \/>\n <a href=\"https:\/\/www.boursorama.com\/cours\/1uNVOB.L\/\" target=\"_blank\" rel=\"noopener\"><br \/>\n  NOVOb.CO<br \/>\n <\/a><br \/>\n &#8211; Le fabricant danois de<br \/>\nm\u00e9dicaments lancera ce mois-ci en Inde son m\u00e9dicament phare<br \/>\ncontre le diab\u00e8te, Ozempic, ont d\u00e9clar\u00e9 trois sources proches du<br \/>\ndossier, alors que l&rsquo;entreprise cherche \u00e0 renforcer sa pr\u00e9sence<br \/>\ndans le pays le plus peupl\u00e9 au monde.\n<\/p>\n<p>\n L&rsquo;AGENDA FRANCE &amp; INTERNATIONAL \u00c0 7 JOURS:<br \/>\n nL8N3X413R\n<\/p>\n<p>\n (R\u00e9dig\u00e9 par Claude Chendjou et Diana Mandia)<\/p>\n","protected":false},"excerpt":{"rendered":"(Actualis\u00e9 avec LVMH, Soci\u00e9t\u00e9 g\u00e9n\u00e9rale, Capgemini, Schneider, secteur du luxe, Adidas, Aurubis, Rio Tinto, Novo Nordisk) * Variation&hellip;\n","protected":false},"author":2,"featured_media":481458,"comment_status":"","ping_status":"","sticky":false,"template":"","format":"standard","meta":{"footnotes":""},"categories":[1586],"tags":[400,11,398,408,405,1777,674,1011,27,403,402,399,404,12,25,401,406,407],"class_list":{"0":"post-577038","1":"post","2":"type-post","3":"status-publish","4":"format-standard","5":"has-post-thumbnail","7":"category-europe","8":"tag-action-cac-40","9":"tag-actualites","10":"tag-bourse-de-paris","11":"tag-boursorama","12":"tag-cotations","13":"tag-eu","14":"tag-europe","15":"tag-fr","16":"tag-france","17":"tag-indices-devises","18":"tag-investir","19":"tag-investissement","20":"tag-marche-boursier","21":"tag-news","22":"tag-republique-francaise","23":"tag-sicav","24":"tag-trackers","25":"tag-warrants"},"share_on_mastodon":{"url":"https:\/\/pubeurope.com\/@fr\/115660090602454197","error":""},"_links":{"self":[{"href":"https:\/\/www.europesays.com\/fr\/wp-json\/wp\/v2\/posts\/577038","targetHints":{"allow":["GET"]}}],"collection":[{"href":"https:\/\/www.europesays.com\/fr\/wp-json\/wp\/v2\/posts"}],"about":[{"href":"https:\/\/www.europesays.com\/fr\/wp-json\/wp\/v2\/types\/post"}],"author":[{"embeddable":true,"href":"https:\/\/www.europesays.com\/fr\/wp-json\/wp\/v2\/users\/2"}],"replies":[{"embeddable":true,"href":"https:\/\/www.europesays.com\/fr\/wp-json\/wp\/v2\/comments?post=577038"}],"version-history":[{"count":0,"href":"https:\/\/www.europesays.com\/fr\/wp-json\/wp\/v2\/posts\/577038\/revisions"}],"wp:featuredmedia":[{"embeddable":true,"href":"https:\/\/www.europesays.com\/fr\/wp-json\/wp\/v2\/media\/481458"}],"wp:attachment":[{"href":"https:\/\/www.europesays.com\/fr\/wp-json\/wp\/v2\/media?parent=577038"}],"wp:term":[{"taxonomy":"category","embeddable":true,"href":"https:\/\/www.europesays.com\/fr\/wp-json\/wp\/v2\/categories?post=577038"},{"taxonomy":"post_tag","embeddable":true,"href":"https:\/\/www.europesays.com\/fr\/wp-json\/wp\/v2\/tags?post=577038"}],"curies":[{"name":"wp","href":"https:\/\/api.w.org\/{rel}","templated":true}]}}