{"id":577046,"date":"2025-12-04T07:27:14","date_gmt":"2025-12-04T07:27:14","guid":{"rendered":"https:\/\/www.europesays.com\/fr\/577046\/"},"modified":"2025-12-04T07:27:14","modified_gmt":"2025-12-04T07:27:14","slug":"exclu-midol-entraineur-de-lattaque-du-racing-92-frederic-michalak-partira-en-fin-de-saison","status":"publish","type":"post","link":"https:\/\/www.europesays.com\/fr\/577046\/","title":{"rendered":"Exclu Midol : Entra\u00eeneur de l\u2019attaque du Racing 92, Fr\u00e9d\u00e9ric Michalak partira en fin de saison"},"content":{"rendered":"<p>\n                Fr\u00e9d\u00e9ric Michalak, en charge de l\u2019attaque francilienne depuis 2023, quittera ses fonctions \u00e0 l\u2019issue de la saison en cours.\n            <\/p>\n<p>Fr\u00e9d\u00e9ric Michalak ne poursuivra pas l\u2019aventure au Racing 92. L\u2019entra\u00eeneur charg\u00e9 de l\u2019attaque, arriv\u00e9 dans les Hauts-de-Seine en juin\u00a02023 aux c\u00f4t\u00e9s de Stuart Lancaster, quittera le club francilien \u00e0 la fin de la saison, soit au terme de son contrat. L\u2019ancien ouvreur du XV de France, aujourd\u2019hui \u00e2g\u00e9 de 43 ans, avait rejoint le projet ciel et blanc pour accompagner le chantier de reconstruction men\u00e9 alors par l\u2019ancien technicien du Leinster. L\u2019\u00e9t\u00e9 prochain, l\u2019ancien ouvreur du XV de France devrait donc rejoindre le staff d\u2019un club de rugby \u00e0 13 australien, les Cronulla Sharks<\/p>\n<p>En 2021, l\u2019ex-international fran\u00e7ais avait d\u00e9j\u00e0 int\u00e9gr\u00e9, pour quelques mois, le staff des Sydney Roosters, l\u2019une des r\u00e9f\u00e9rences de la NRL. Cette immersion dans l\u2019un des championnats les plus exigeants du monde avait marqu\u00e9 chez lui le d\u00e9but d\u2019une v\u00e9ritable curiosit\u00e9 pour le XIII, discipline qu\u2019il suit de pr\u00e8s depuis.<\/p>\n<p>Collazo en qu\u00eate d\u2019un nouveau bras droit<\/p>\n<p>Form\u00e9 \u00e0 Toulouse, pass\u00e9 par Durban, Toulon ou encore Lyon durant sa carri\u00e8re de joueur, Michalak (77 s\u00e9lections) a entam\u00e9 son parcours d\u2019entra\u00eeneur sur la Rade, dans l\u2019encadrement du RCT, alors qu\u2019il venait tout juste de ranger les crampons. Depuis, il construit patiemment un CV m\u00ealant exp\u00e9riences vari\u00e9es et volont\u00e9 d\u2019apprendre aupr\u00e8s de structures d\u2019\u00e9lite. Le Racing 92, de son c\u00f4t\u00e9, va d\u00e9sormais devoir se mettre en qu\u00eate d\u2019un nouveau responsable de son attaque pour accompagner la suite du mandat Collazo. Un dossier important pour un club qui ambitionne de retrouver une place centrale dans le paysage du Top 14.<\/p>\n","protected":false},"excerpt":{"rendered":"Fr\u00e9d\u00e9ric Michalak, en charge de l\u2019attaque francilienne depuis 2023, quittera ses fonctions \u00e0 l\u2019issue de la saison en&hellip;\n","protected":false},"author":2,"featured_media":577047,"comment_status":"","ping_status":"","sticky":false,"template":"","format":"standard","meta":{"footnotes":""},"categories":[1416],"tags":[1011,27,69143,479,1468,68796,60,478],"class_list":{"0":"post-577046","1":"post","2":"type-post","3":"status-publish","4":"format-standard","5":"has-post-thumbnail","7":"category-rugby","8":"tag-fr","9":"tag-france","10":"tag-fru00e9du00e9ric-michalak","11":"tag-rugby","12":"tag-rugby-football","13":"tag-rugby-u00e0-xv","14":"tag-sports","15":"tag-top-14"},"share_on_mastodon":{"url":"https:\/\/pubeurope.com\/@fr\/115660118793696274","error":""},"_links":{"self":[{"href":"https:\/\/www.europesays.com\/fr\/wp-json\/wp\/v2\/posts\/577046","targetHints":{"allow":["GET"]}}],"collection":[{"href":"https:\/\/www.europesays.com\/fr\/wp-json\/wp\/v2\/posts"}],"about":[{"href":"https:\/\/www.europesays.com\/fr\/wp-json\/wp\/v2\/types\/post"}],"author":[{"embeddable":true,"href":"https:\/\/www.europesays.com\/fr\/wp-json\/wp\/v2\/users\/2"}],"replies":[{"embeddable":true,"href":"https:\/\/www.europesays.com\/fr\/wp-json\/wp\/v2\/comments?post=577046"}],"version-history":[{"count":0,"href":"https:\/\/www.europesays.com\/fr\/wp-json\/wp\/v2\/posts\/577046\/revisions"}],"wp:featuredmedia":[{"embeddable":true,"href":"https:\/\/www.europesays.com\/fr\/wp-json\/wp\/v2\/media\/577047"}],"wp:attachment":[{"href":"https:\/\/www.europesays.com\/fr\/wp-json\/wp\/v2\/media?parent=577046"}],"wp:term":[{"taxonomy":"category","embeddable":true,"href":"https:\/\/www.europesays.com\/fr\/wp-json\/wp\/v2\/categories?post=577046"},{"taxonomy":"post_tag","embeddable":true,"href":"https:\/\/www.europesays.com\/fr\/wp-json\/wp\/v2\/tags?post=577046"}],"curies":[{"name":"wp","href":"https:\/\/api.w.org\/{rel}","templated":true}]}}