{"id":577052,"date":"2025-12-04T07:34:11","date_gmt":"2025-12-04T07:34:11","guid":{"rendered":"https:\/\/www.europesays.com\/fr\/577052\/"},"modified":"2025-12-04T07:34:11","modified_gmt":"2025-12-04T07:34:11","slug":"le-vrai-visage-dangel-gomes-selon-son-ancien-entraineur","status":"publish","type":"post","link":"https:\/\/www.europesays.com\/fr\/577052\/","title":{"rendered":"le vrai visage d\u2019Angel Gomes selon son ancien entra\u00eeneur !"},"content":{"rendered":"<p><strong>Angel Gomes vit un tournant crucial \u00e0 l\u2019OM. Arriv\u00e9 l\u2019\u00e9t\u00e9 dernier, le jeune milieu de terrain anglais a d\u00e9j\u00e0 disput\u00e9 17 matchs et marqu\u00e9 3 buts. Pourtant, son adaptation au style de jeu de Roberto De Zerbi reste un d\u00e9fi. Selon un de ses anciens entra\u00eeneurs, Gomes doit encore apprendre \u00e0 s\u2019imposer dans un environnement exigeant comme Marseille.<\/strong><\/p>\n<p>\u00a0<\/p>\n<p>Les points forts d\u2019Angel Gomes selon son ancien entra\u00eeneur<\/p>\n<p>\u00ab Angel est peut-\u00eatre l\u2019un des meilleurs joueurs au niveau de la premi\u00e8re touche, tr\u00e8s fort dans les petits espaces et dans la d\u00e9finition du jeu, qu\u2019il joue court ou long ; il est imm\u00e9diatement port\u00e9 vers l\u2019avant. Avec son petit gabarit, le ballon reste cach\u00e9 entre ses jambes. Il a quelque chose de br\u00e9silien dans ses dribbles, m\u00eame s\u2019il manque de puissance \u00bb, explique-t-il \u00e0 la Provence.<\/p>\n<p>Le <strong>milieu de terrain<\/strong> poss\u00e8de donc des qualit\u00e9s techniques ind\u00e9niables, mais le rythme impos\u00e9 par <strong>Roberto De Zerbi<\/strong> semble le mettre en difficult\u00e9.<\/p>\n<p>\u00a0<\/p>\n<\/p>\n<p>Les limites d\u2019Angel Gomes face au jeu direct de De Zerbi<\/p>\n<p>\u00ab Il avait plut\u00f4t le profil pour le jeu d\u00e9velopp\u00e9 la saison derni\u00e8re, pas pour celui de cette saison qui est plus direct, le ballon voyage plus vite. Quand \u00e7a va vite, il a du mal \u00e0 \u00eatre un vrai box to box. Il a les qualit\u00e9s pour jouer en meneur, mais on perd sa relance. Il est tr\u00e8s fort sous pression. En France, peu de milieux sont aussi \u00e0 l\u2019aise que lui \u00bb, pr\u00e9cise son ancien coach.<\/p>\n<p>Cette analyse souligne que <strong>Gomes<\/strong> doit encore trouver son \u00e9quilibre pour devenir un joueur cl\u00e9 \u00e0 l\u2019<strong>OM<\/strong>.<\/p>\n<p>\u00a0<\/p>\n<p>A lire :\u00a0<a href=\"https:\/\/www.footballclubdemarseille.fr\/om-actualites\/mercato-lom-dans-la-course-pour-ce-tres-jeune-lateral-gauche-tres-sollicite.html\" target=\"_blank\" rel=\"noopener\">Mercato : L\u2019OM dans la course pour ce tr\u00e8s jeune lat\u00e9ral gauche (tr\u00e8s sollicit\u00e9) ?<\/a><\/p>\n<p>\u00a0<\/p>\n<p>L\u2019OM, un v\u00e9ritable test de r\u00e9silience pour Angel Gomes<\/p>\n<p>L\u2019entra\u00eeneur insiste sur l\u2019importance du contexte humain : \u00ab Il a grandi \u00e0 Manchester United, Boavista est un club particulier mais qui n\u2019a pas la dimension de l\u2019OM, alors qu\u2019il \u00e9tait dans le confort \u00e0 Lille. Il a faim, il a tout pour r\u00e9ussir, mais l\u2019univers marseillais est un vrai test pour montrer sa r\u00e9silience. Il doit \u00eatre plus costaud mentalement, montrer qu\u2019il en est capable. Angel a besoin de beaucoup d\u2019affect, que les gens lui parlent, le soutiennent. Dans ce sens-l\u00e0, c\u2019est un enfant. Peut-il y arriver sans l\u2019empathie des autres ? Il se prot\u00e8ge toujours, ne s\u2019expose pas trop. Passer par un moment de moins bien peut le faire grandir \u00bb.<\/p>\n<p>Pour <strong>Roberto De Zerbi<\/strong>, optimiser l\u2019utilisation d\u2019<strong>Angel Gomes<\/strong> est crucial pour le futur de l\u2019<strong>OM<\/strong>. Le jeune <strong>milieu de terrain<\/strong> a toutes les qualit\u00e9s pour s\u2019imposer, mais sa r\u00e9ussite d\u00e9pendra de sa capacit\u00e9 \u00e0 s\u2019adapter \u00e0 la vitesse et \u00e0 la pression du football marseillais.<\/p>\n<p>\u00a0<\/p>\n<ul>\n<li><strong>Angel Gomes<\/strong> : 17 matchs, 3 buts avec l\u2019<strong>OM<\/strong> cette saison.<\/li>\n<li>Difficult\u00e9s d\u2019adaptation au style direct de <strong>Roberto De Zerbi<\/strong>.<\/li>\n<li>Forces : premi\u00e8re touche, petits espaces, jeu vers l\u2019avant.<\/li>\n<li>Limites : manque de puissance et box to box limit\u00e9.<\/li>\n<\/ul>\n<p>\u00a0<\/p>\n","protected":false},"excerpt":{"rendered":"Angel Gomes vit un tournant crucial \u00e0 l\u2019OM. Arriv\u00e9 l\u2019\u00e9t\u00e9 dernier, le jeune milieu de terrain anglais a&hellip;\n","protected":false},"author":2,"featured_media":247185,"comment_status":"","ping_status":"","sticky":false,"template":"","format":"standard","meta":{"footnotes":""},"categories":[1410],"tags":[63,1011,27,60],"class_list":{"0":"post-577052","1":"post","2":"type-post","3":"status-publish","4":"format-standard","5":"has-post-thumbnail","7":"category-football","8":"tag-football","9":"tag-fr","10":"tag-france","11":"tag-sports"},"share_on_mastodon":{"url":"https:\/\/pubeurope.com\/@fr\/115660145932640216","error":""},"_links":{"self":[{"href":"https:\/\/www.europesays.com\/fr\/wp-json\/wp\/v2\/posts\/577052","targetHints":{"allow":["GET"]}}],"collection":[{"href":"https:\/\/www.europesays.com\/fr\/wp-json\/wp\/v2\/posts"}],"about":[{"href":"https:\/\/www.europesays.com\/fr\/wp-json\/wp\/v2\/types\/post"}],"author":[{"embeddable":true,"href":"https:\/\/www.europesays.com\/fr\/wp-json\/wp\/v2\/users\/2"}],"replies":[{"embeddable":true,"href":"https:\/\/www.europesays.com\/fr\/wp-json\/wp\/v2\/comments?post=577052"}],"version-history":[{"count":0,"href":"https:\/\/www.europesays.com\/fr\/wp-json\/wp\/v2\/posts\/577052\/revisions"}],"wp:featuredmedia":[{"embeddable":true,"href":"https:\/\/www.europesays.com\/fr\/wp-json\/wp\/v2\/media\/247185"}],"wp:attachment":[{"href":"https:\/\/www.europesays.com\/fr\/wp-json\/wp\/v2\/media?parent=577052"}],"wp:term":[{"taxonomy":"category","embeddable":true,"href":"https:\/\/www.europesays.com\/fr\/wp-json\/wp\/v2\/categories?post=577052"},{"taxonomy":"post_tag","embeddable":true,"href":"https:\/\/www.europesays.com\/fr\/wp-json\/wp\/v2\/tags?post=577052"}],"curies":[{"name":"wp","href":"https:\/\/api.w.org\/{rel}","templated":true}]}}