{"id":577053,"date":"2025-12-04T07:35:28","date_gmt":"2025-12-04T07:35:28","guid":{"rendered":"https:\/\/www.europesays.com\/fr\/577053\/"},"modified":"2025-12-04T07:35:28","modified_gmt":"2025-12-04T07:35:28","slug":"kate-middleton-porte-un-diademe-fort-en-symboles-et-le-favori-de-la-reine-elizabeth-pour-le-banquet-detat","status":"publish","type":"post","link":"https:\/\/www.europesays.com\/fr\/577053\/","title":{"rendered":"Kate Middleton porte un diad\u00e8me fort en symboles (et le favori de la reine Elizabeth) pour le banquet d&rsquo;\u00c9tat"},"content":{"rendered":"<p>Le diad\u00e8me a ainsi rejoint la collection de la famille royale \u00ab afin d&rsquo;\u00eatre port\u00e9 par les futures reines \u00bb, et en premier lieu \u00e0 la <strong>reine Alexandra<\/strong>, la belle-fille de feue la reine Victoria, princesse danoise devenue reine consort en \u00e9pousant <strong>\u00c9douard VII<\/strong>. Trouvant les opales \u00ab\u00a0malchanceuses \u00bb, Alexandra les fit remplacer par des rubis offerts \u00e0 son mari par le roi du N\u00e9pal en 1870, lors d&rsquo;une visite officielle.<\/p>\n<p>Et c&rsquo;est l\u00e0 o\u00f9 il faut admirer le sens de l&rsquo;histoire de Kate Middleton : selon les archives royales, Alexandra n&rsquo;aurait port\u00e9 le bijou qu&rsquo;une seule fois, en 1903, \u00e0 l&rsquo;occasion d&rsquo;une visite d&rsquo;\u00c9tat en Allemagne. Plus d&rsquo;un si\u00e8cle donc avant que la princesse de Galles ne salue le pr\u00e9sident allemand <strong>Frank-Walter Steinmeier<\/strong> lors de cette visite d&rsquo;\u00c9tat.<\/p>\n<p><a href=\"https:\/\/www.vanityfair.fr\/dossier\/elizabeth-ii\" isautogenerated=\"true\" target=\"_blank\" rel=\"noopener\"><strong>Elizabeth II<\/strong><\/a>, descendante de Victoria, n&rsquo;a port\u00e9 qu&rsquo;une seule fois cette couronne, qui figure parmi les plus ch\u00e8res de la collection royale. Elle en a largement laiss\u00e9 l&rsquo;usage \u00e0 sa m\u00e8re, la <strong>reine Elizabeth<\/strong>, qui ch\u00e9rissait particuli\u00e8rement cette tiare, \u00e0 tel point qu&rsquo;elle l&rsquo;arbora sur son portrait officiel \u00e0 l&rsquo;occasion du couronnement de son mari, <strong>George VI<\/strong>, immortalis\u00e9 par <strong>Cecil Beaton<\/strong>.<\/p>\n<p><img decoding=\"async\" alt=\"La reine Elizabeth photographie par Cecil Beaton.\" loading=\"lazy\" class=\"ResponsiveImageContainer-eNxvmU cfBbTk responsive-image__image\"   src=\"https:\/\/www.europesays.com\/fr\/wp-content\/uploads\/2025\/12\/Elizabeth-I-171794906.jpg\"\/><\/p>\n<p>La reine Elizabeth, photographi\u00e9e par Cecil Beaton.<\/p>\n<p>Underwood Archives\/Getty Images<img decoding=\"async\" alt=\"La reinem\u00e8re en 1939.\" loading=\"lazy\" class=\"ResponsiveImageContainer-eNxvmU cfBbTk responsive-image__image\"   src=\"https:\/\/www.europesays.com\/fr\/wp-content\/uploads\/2025\/12\/Elizabeth-I-613464868.jpg\"\/><\/p>\n<p>La reine-m\u00e8re, en 1939.<\/p>\n<p>Hulton Deutsch\/Getty Images<img decoding=\"async\" alt=\"La reinem\u00e8re en 1949.\" loading=\"lazy\" class=\"ResponsiveImageContainer-eNxvmU cfBbTk responsive-image__image\"   src=\"https:\/\/www.europesays.com\/fr\/wp-content\/uploads\/2025\/12\/Elizabeth-I-515331918.jpg\"\/><\/p>\n<p>La reine-m\u00e8re, en 1949.<\/p>\n<p>Bettmann\/Getty Images<img decoding=\"async\" alt=\"La reinem\u00e8re en 1980.\" loading=\"lazy\" class=\"ResponsiveImageContainer-eNxvmU cfBbTk responsive-image__image\"   src=\"https:\/\/www.europesays.com\/fr\/wp-content\/uploads\/2025\/12\/Elizabeth-I-80156427.jpg\"\/><\/p>\n<p>La reine-m\u00e8re, en 1980.<\/p>\n<p>Mike Lawn\/Getty Images<img decoding=\"async\" alt=\"La reinem\u00e8re en 1980.\" loading=\"lazy\" class=\"ResponsiveImageContainer-eNxvmU cfBbTk responsive-image__image\"   src=\"https:\/\/www.europesays.com\/fr\/wp-content\/uploads\/2025\/12\/Elizabeth-I-52104064.jpg\"\/><\/p>\n<p>La reine-m\u00e8re, en 1980.<\/p>\n<p>Tim Graham\/Getty Images<img decoding=\"async\" alt=\"Elizabeth II portant l'Oriental Circlet Tiara en 2005.\" loading=\"lazy\" class=\"ResponsiveImageContainer-eNxvmU cfBbTk responsive-image__image\"   src=\"https:\/\/www.europesays.com\/fr\/wp-content\/uploads\/2025\/12\/Elizabeth-II-158143411.jpg\"\/><\/p>\n<p>Elizabeth II portant l&rsquo;Oriental Circlet Tiara, en 2005.<\/p>\n<p>Mark Cuthbert\/Getty Images<img decoding=\"async\" alt=\"Elizabeth II portant l'Oriental Circlet Tiara en 2005.\" loading=\"lazy\" class=\"ResponsiveImageContainer-eNxvmU cfBbTk responsive-image__image\"   src=\"https:\/\/www.europesays.com\/fr\/wp-content\/uploads\/2025\/12\/Elizabeth-II-158143404.jpg\"\/><\/p>\n<p>Elizabeth II portant l&rsquo;Oriental Circlet Tiara, en 2005.<\/p>\n<p>Mark Cuthbert\/Getty Images<\/p>\n<p>S&rsquo;il est hautement symbolique, le choix de diad\u00e8me de Kate Middleton est avant tout surprenant : c&rsquo;est la premi\u00e8re fois qu&rsquo;elle arbore l&rsquo;Oriental Circlet Tiara. Pour les derniers banquets d&rsquo;\u00c9tat, la princesse de Galles a rarement vari\u00e9 dans les choix de couvre-chef diamant\u00e9. <a href=\"https:\/\/www.vanityfair.fr\/article\/lhistoire-du-diademe-cambridge-lovers-knot-princesse-diana-kate-middleton\" target=\"_blank\" rel=\"noopener\">Le diad\u00e8me Lover\u2019s Knot<\/a> a souvent eu sa pr\u00e9f\u00e9rence \u2013 comme il avait celui de feue <a href=\"https:\/\/www.vanityfair.fr\/dossier\/lady-diana\" isautogenerated=\"true\" target=\"_blank\" rel=\"noopener\"><strong>Lady Diana<\/strong><\/a>. Elle l&rsquo;a port\u00e9 en juillet dernier, pour <a href=\"https:\/\/www.vanityfair.fr\/galerie\/brigitte-macron-kate-middleton-camilla-diner-detat-a-windsor\" target=\"_blank\" rel=\"noopener\">le banquet d&rsquo;\u00c9tat en l&rsquo;honneur d&rsquo;<strong>Emmanuel Macron<\/strong> et de <strong>Brigitte Macron<\/strong><\/a>.<\/p>\n<p>Deux seuls autres diad\u00e8mes avaient eu ses faveurs auparavant pour de telles occasion : lors de son premier banquet d&rsquo;\u00c9tat au palais de Buckingham en 2015 (pour la visite du pr\u00e9sident chinois <strong>Xi Jinping<\/strong> et son \u00e9pouse <strong>Peng Liyuan<\/strong>), elle avait opt\u00e9 pour le diad\u00e8me Fleur de Lotus, une pi\u00e8ce des ann\u00e9es 1920 cr\u00e9\u00e9e pour la Reine-M\u00e8re ; huit ans plus tard, pour accueillir le pr\u00e9sident et la premi\u00e8re dame de Cor\u00e9e <strong>Yoon Suk-yeol<\/strong> et <strong>Kim Keon-hee<\/strong>, elle avait choisi le diad\u00e8me Strathmore Rose, <a href=\"https:\/\/www.vanityfair.fr\/article\/famille-royale-britannique-diademes-oublies-kate-middleton-camilla\" target=\"_blank\" rel=\"noopener\">ainsi vu pour la premi\u00e8re fois depuis pr\u00e8s d&rsquo;un si\u00e8cle<\/a>.<\/p>\n","protected":false},"excerpt":{"rendered":"Le diad\u00e8me a ainsi rejoint la collection de la famille royale \u00ab afin d&rsquo;\u00eatre port\u00e9 par les futures&hellip;\n","protected":false},"author":2,"featured_media":577054,"comment_status":"","ping_status":"","sticky":false,"template":"","format":"standard","meta":{"footnotes":""},"categories":[1359],"tags":[58,59,1011,27,5858,973],"class_list":{"0":"post-577053","1":"post","2":"type-post","3":"status-publish","4":"format-standard","5":"has-post-thumbnail","7":"category-people","8":"tag-divertissement","9":"tag-entertainment","10":"tag-fr","11":"tag-france","12":"tag-kate-middleton","13":"tag-people"},"share_on_mastodon":{"url":"https:\/\/pubeurope.com\/@fr\/115660150533306422","error":""},"_links":{"self":[{"href":"https:\/\/www.europesays.com\/fr\/wp-json\/wp\/v2\/posts\/577053","targetHints":{"allow":["GET"]}}],"collection":[{"href":"https:\/\/www.europesays.com\/fr\/wp-json\/wp\/v2\/posts"}],"about":[{"href":"https:\/\/www.europesays.com\/fr\/wp-json\/wp\/v2\/types\/post"}],"author":[{"embeddable":true,"href":"https:\/\/www.europesays.com\/fr\/wp-json\/wp\/v2\/users\/2"}],"replies":[{"embeddable":true,"href":"https:\/\/www.europesays.com\/fr\/wp-json\/wp\/v2\/comments?post=577053"}],"version-history":[{"count":0,"href":"https:\/\/www.europesays.com\/fr\/wp-json\/wp\/v2\/posts\/577053\/revisions"}],"wp:featuredmedia":[{"embeddable":true,"href":"https:\/\/www.europesays.com\/fr\/wp-json\/wp\/v2\/media\/577054"}],"wp:attachment":[{"href":"https:\/\/www.europesays.com\/fr\/wp-json\/wp\/v2\/media?parent=577053"}],"wp:term":[{"taxonomy":"category","embeddable":true,"href":"https:\/\/www.europesays.com\/fr\/wp-json\/wp\/v2\/categories?post=577053"},{"taxonomy":"post_tag","embeddable":true,"href":"https:\/\/www.europesays.com\/fr\/wp-json\/wp\/v2\/tags?post=577053"}],"curies":[{"name":"wp","href":"https:\/\/api.w.org\/{rel}","templated":true}]}}