{"id":577055,"date":"2025-12-04T07:36:18","date_gmt":"2025-12-04T07:36:18","guid":{"rendered":"https:\/\/www.europesays.com\/fr\/577055\/"},"modified":"2025-12-04T07:36:18","modified_gmt":"2025-12-04T07:36:18","slug":"de-dinan-au-louvre-le-fil-dune-vie-dediee-a-lart-pour-olivier-gabet","status":"publish","type":"post","link":"https:\/\/www.europesays.com\/fr\/577055\/","title":{"rendered":"De Dinan au Louvre\u00a0: le fil d\u2019une vie d\u00e9di\u00e9e \u00e0 l\u2019Art pour Olivier Gabet"},"content":{"rendered":"<p>Parti alors qu\u2019il avait 18 ans, \u00ab j\u2019ai vraiment v\u00e9cu \u00e0 Dinan avant \u00bb, dit-il, avec une heureuse nostalgie. N\u00e9 \u00e0 la clinique Legrand, \u00ab qui n\u2019existe plus aujourd\u2019hui \u00bb, Olivier Gabet grandit dans une ville qu\u2019il affectionne toujours beaucoup et d\u00e9crit comme \u00ab tr\u00e8s charmante, \u00e0 taille humaine \u00bb, o\u00f9 tout se fait \u00e0 pied : l\u2019\u00e9cole du Sacr\u00e9-C\u0153ur, les Cordeliers, les maisons familiales, les grands-parents qu\u2019il peut rejoindre \u00ab en quelques minutes \u00bb. \u00ab Des cadres familiaux tr\u00e8s diff\u00e9rents aussi \u00bb : un ancrage \u00e0 la fois affectif et intellectuel. \u00ab C\u2019\u00e9tait tr\u00e8s joyeux \u00bb, sourit le quadra plong\u00e9 dans ses souvenirs.<\/p>\n<p>Les Cordeliers et La Grande Vigne<\/p>\n<p>L\u2019homme \u00e9voque aussi une histoire plus intime, la perte de sa maman \u00e0 sept ans, puis l\u2019arriv\u00e9e d\u2019une belle-m\u00e8re \u00ab que j\u2019aimais beaucoup \u00bb, et un environnement qui nourrit tr\u00e8s t\u00f4t sa sensibilit\u00e9 : la proximit\u00e9 de la mer, les navigations sur la Rance, \u00ab ce substrat historique partout pr\u00e9sent \u00bb. \u00ab On \u00e9volue dans l\u2019histoire. Je pense que \u00e7a vous marque profond\u00e9ment quand vous \u00eates enfant \u00bb. Les Cordeliers jouent un r\u00f4le d\u00e9cisif : \u00ab une tradition humaniste \u00bb, un corps enseignant \u00ab fabuleux \u00bb. \u00ab C\u2019est beaucoup de ce qui vous constitue culturellement, intellectuellement \u00bb ajoute-t-il, sans oublier son \u00e9rudit papa, ancien professeur de philosophie \u00ab qui reste une figure dinannaise \u00bb.<\/p>\n<p>Dans son adolescence, un autre lieu de la ville comptera : la Maison de la Grande Vigne d\u2019Yvonne Jean-Haffen. \u00ab Je ne l\u2019ai jamais rencontr\u00e9e, mais j\u2019ai d\u2019abord rencontr\u00e9 son travail l\u00e0-bas. J\u2019y ai \u00e9t\u00e9 guide un \u00e9t\u00e9 \u00bb. Plus tard seulement, avec les \u00e9tudes d\u2019histoire de l\u2019art, il comprend \u00ab ce qu\u2019elle repr\u00e9sente \u00bb. Aujourd\u2019hui encore, il la lit encore diff\u00e9remment, \u00ab dans le contexte de la place des femmes artistes \u00bb.<a href=\"https:\/\/www.letelegramme.fr\/cotes-d-armor\/dinan-22100\/lartiste-dinannaise-yvonne-jean-haffen-mise-a-lhonneur-a-paris-6940161.php\" target=\"_blank\" rel=\"noopener\"> Il sera pr\u00e9sent vendredi 5 \u00e0 Paris, lors du d\u00e9voilement de la plaque en son honneur.<\/a><\/p>\n<p>Orsay, Abu-Dhabi, les Arts d\u00e9coratifs\u2026<\/p>\n<p>Apr\u00e8s le lyc\u00e9e Chateaubriand \u00e0 Rennes, il r\u00e9ussit l\u2019\u00c9cole des chartes, puis l\u2019Institut national du patrimoine.<\/p>\n<p><img decoding=\"async\" src=\"https:\/\/www.europesays.com\/fr\/wp-content\/uploads\/2025\/12\/693062757aedeaa5f70f2dc5.1.jpeg\" width=\"480\" height=\"300\" class=\"web_golden_m\" loading=\"lazy\" alt=\"Une salle du d\u00e9partement des Objets d\u2019art au mus\u00e9e du Louvre de Paris.\"\/>Une salle du d\u00e9partement des Objets d\u2019art au mus\u00e9e du Louvre de Paris. (Le T\u00e9l\u00e9gramme\/Audrey Viger)<\/p>\n<p>Son premier stage ? D\u00e9j\u00e0 au d\u00e9partement des Objets d\u2019art du Louvre. Il d\u00e9bute au Mus\u00e9e d\u2019art moderne de la Ville de Paris, puis rejoint Orsay pour l\u2019art d\u00e9coratif et l\u2019art contemporain. \u00ab J\u2019ai rencontr\u00e9 des artistes fabuleux \u00bb. En 2007, nouveau tournant : l\u2019aventure du Louvre Abu-Dhabi. \u00ab \u00catre \u00e0 l\u2019origine de la cr\u00e9ation d\u2019un mus\u00e9e, \u00e7a arrive rarement. La premi\u00e8re fois que je suis all\u00e9 sur l\u2019\u00eele, il n\u2019y avait rien. C\u2019est tr\u00e8s fort \u00bb.<\/p>\n<p>De 2013 \u00e0 2022, il dirige le Mus\u00e9e des Arts d\u00e9coratifs : neuf ann\u00e9es intenses de projets, d\u2019expositions de mode, de design, d\u2019acquisitions, d\u2019apprentissage du m\u00e9c\u00e9nat.<\/p>\n<p>En septembre 2022, il revient au Louvre comme directeur du d\u00e9partement des Objets d\u2019art. Un \u00e9tablissement hors norme, une \u00e9quipe de dix conservateurs, un r\u00f4le central dans les avis patrimoniaux et les certificats de sortie du territoire. \u00ab On est \u00e0 la fois dans l\u2019histoire royale et dans la responsabilit\u00e9 contemporaine \u00bb.<\/p>\n<p>Le choc du 19 octobre<\/p>\n<p><a href=\"https:\/\/www.letelegramme.fr\/france\/vol-au-louvre-le-prejudice-evalue-par-le-musee-a-88-millions-deuros-selon-la-procureure-6913548.php\" target=\"_blank\" rel=\"noopener\">Le 19 octobre, le vol des bijoux de la Couronne bouleverse ce quotidien.<\/a> \u00ab C\u2019est la crainte absolue de n\u2019importe quel responsable de collection. Je n\u2019\u00e9tais pas \u00e0 Paris quand je l\u2019ai appris, je suis revenu le jour m\u00eame. Quand je suis rentr\u00e9 dans la galerie d\u2019Apollon, on sentait cette pr\u00e9sence barbare. C\u2019est comme une sc\u00e8ne de crime. <a href=\"https:\/\/www.letelegramme.fr\/france\/vol-au-louvre-la-direction-du-musee-defend-la-qualite-des-vitrines-fracturees-6913163.php\" target=\"_blank\" rel=\"noopener\">La vision de ces vitrines en partie vid\u00e9es tient de la stupeur<\/a> \u00bb. Il dit aussi la suite \u00ab la violence des attaques, des mensonges \u00bb. \ufeff\u00ab Dans une vie de conservateur, c\u2019est le pire, avec la destruction ou l\u2019incendie \u00bb, mais souligne la solidarit\u00e9 interne et internationale.<\/p>\n<p><img decoding=\"async\" src=\"https:\/\/www.europesays.com\/fr\/wp-content\/uploads\/2025\/12\/69306275c4fa249c6c0b1553.1.jpeg\" width=\"480\" height=\"300\" class=\"web_golden_m\" loading=\"lazy\" alt=\"Une vue de l\u2019exposition Louvre Couture 2024 dont Olivier Gabet \u00e9tait commissaire. D\u00e9sormais, l\u2019exposition est visible \u00e0 Houston. Une fiert\u00e9.\"\/>Une vue de l\u2019exposition Louvre Couture 2024 dont Olivier Gabet \u00e9tait commissaire. D\u00e9sormais, l\u2019exposition est visible \u00e0 Houston. Une fiert\u00e9. (Mus\u00e9e du Louvre &#8211; Nicolas Bousser)<\/p>\n<p>Il a surtout envie de regarder l\u2019avenir : la donation Lacoste, les futures acquisitions, <a href=\"https:\/\/www.louvre.fr\/expositions-et-evenements\/expositions\/louvre-couture\" target=\"_blank\" rel=\"noopener\">la circulation internationale de l\u2019exposition Louvre Couture dont il \u00e9tait commissaire<\/a>. Et aussi, Dinan. \u00ab<a href=\"https:\/\/www.letelegramme.fr\/cotes-d-armor\/dinan-22100\/musee-de-dinan-un-projet-pour-redonner-vie-aux-collections-6927907.php\" target=\"_blank\" rel=\"noopener\"> Il y a un projet de mus\u00e9e. Le maire et le directeur du mus\u00e9e m\u2019ont demand\u00e9 de contribuer \u00e0 la r\u00e9flexion en faisant partie du conseil scientifique. \u00c7a m\u2019int\u00e9resse beaucoup<\/a> \u00bb.<\/p>\n<p>Ce sera une occasion suppl\u00e9mentaire pour Olivier Gabet de revenir aupr\u00e8s de sa famille et son p\u00e8re, avec qui il aime partager un caf\u00e9 sur l\u2019un de ses endroits pr\u00e9f\u00e9r\u00e9s, la place Saint-Sauveur.<\/p>\n","protected":false},"excerpt":{"rendered":"Parti alors qu\u2019il avait 18 ans, \u00ab j\u2019ai vraiment v\u00e9cu \u00e0 Dinan avant \u00bb, dit-il, avec une heureuse&hellip;\n","protected":false},"author":2,"featured_media":577056,"comment_status":"","ping_status":"","sticky":false,"template":"","format":"standard","meta":{"footnotes":""},"categories":[1358],"tags":[3734,1348,1384,1385,829,69144,251,872,1386,3472,58,765,59,1011,27,626,2551],"class_list":{"0":"post-577055","1":"post","2":"type-post","3":"status-publish","4":"format-standard","5":"has-post-thumbnail","7":"category-arts-et-design","8":"tag-art","9":"tag-arts","10":"tag-arts-and-design","11":"tag-arts-et-design","12":"tag-bretagne","13":"tag-cambriolage-du-louvre","14":"tag-culture","15":"tag-culture-et-loisirs","16":"tag-design","17":"tag-dinan","18":"tag-divertissement","19":"tag-en-continu","20":"tag-entertainment","21":"tag-fr","22":"tag-france","23":"tag-paris","24":"tag-patrimoine"},"share_on_mastodon":{"url":"https:\/\/pubeurope.com\/@fr\/115660153707679643","error":""},"_links":{"self":[{"href":"https:\/\/www.europesays.com\/fr\/wp-json\/wp\/v2\/posts\/577055","targetHints":{"allow":["GET"]}}],"collection":[{"href":"https:\/\/www.europesays.com\/fr\/wp-json\/wp\/v2\/posts"}],"about":[{"href":"https:\/\/www.europesays.com\/fr\/wp-json\/wp\/v2\/types\/post"}],"author":[{"embeddable":true,"href":"https:\/\/www.europesays.com\/fr\/wp-json\/wp\/v2\/users\/2"}],"replies":[{"embeddable":true,"href":"https:\/\/www.europesays.com\/fr\/wp-json\/wp\/v2\/comments?post=577055"}],"version-history":[{"count":0,"href":"https:\/\/www.europesays.com\/fr\/wp-json\/wp\/v2\/posts\/577055\/revisions"}],"wp:featuredmedia":[{"embeddable":true,"href":"https:\/\/www.europesays.com\/fr\/wp-json\/wp\/v2\/media\/577056"}],"wp:attachment":[{"href":"https:\/\/www.europesays.com\/fr\/wp-json\/wp\/v2\/media?parent=577055"}],"wp:term":[{"taxonomy":"category","embeddable":true,"href":"https:\/\/www.europesays.com\/fr\/wp-json\/wp\/v2\/categories?post=577055"},{"taxonomy":"post_tag","embeddable":true,"href":"https:\/\/www.europesays.com\/fr\/wp-json\/wp\/v2\/tags?post=577055"}],"curies":[{"name":"wp","href":"https:\/\/api.w.org\/{rel}","templated":true}]}}