{"id":577057,"date":"2025-12-04T07:38:13","date_gmt":"2025-12-04T07:38:13","guid":{"rendered":"https:\/\/www.europesays.com\/fr\/577057\/"},"modified":"2025-12-04T07:38:13","modified_gmt":"2025-12-04T07:38:13","slug":"revelations-chocs-sur-leur-histoire","status":"publish","type":"post","link":"https:\/\/www.europesays.com\/fr\/577057\/","title":{"rendered":"r\u00e9v\u00e9lations chocs sur leur histoire"},"content":{"rendered":"<p>Par <a class=\"author_recette\" id=\"author_name\" href=\"https:\/\/www.nextplz.fr\/auteur\/yvan-styve\" target=\"_blank\" rel=\"noopener\">Yvan Styve<\/a><br \/>\n&#8211; Publi\u00e9 le<br \/>\n04 D\u00e9c 2025 \u00e0<br \/>\n08:00<\/p>\n<p class=\"article-intro excerpt\">Les contours de la relation entre<br \/>\nl\u2019animateur star et la fille de Brigitte Macron font la Une depuis<br \/>\ntout-\u00e0-l\u2019 heure. Une histoire qui franchit d\u00e9sormais plusieurs<br \/>\n\u00e9tapes d\u00e9cisives entre Paris et Saint-Tropez.<\/p>\n<p>Les couples m\u00e9diatiques fascinent autant qu\u00a0\u00bbils intriguent le<br \/>\ngrand public fran\u00e7ais. Entre curiosit\u00e9 l\u00e9gitime et respect<br \/>\nn\u00e9cessaire de l&rsquo;intimit\u00e9, la fronti\u00e8re demeure souvent floue. Cyril<br \/>\nHanouna et Tiphaine Auzi\u00e8re incarnent parfaitement cette dualit\u00e9<br \/>\ncontemporaine depuis plusieurs mois maintenant. L&rsquo;animateur vedette<br \/>\net l&rsquo;avocate, fille de la Premi\u00e8re dame, tissent leur histoire loin<br \/>\ndes projecteurs. N\u00e9anmoins, les r\u00e9v\u00e9lations r\u00e9centes d\u00e9voilent<br \/>\nprogressivement les contours de cette relation hors du commun.<\/p>\n<p>Cyril<br \/>\nHanouna sort du silence face aux sp\u00e9culations<\/p>\n<p>En juin dernier, l&rsquo;animateur de TPMP <a href=\"https:\/\/www.nextplz.fr\/people\/496527-je-nen-parle-jamais-cyril-hanouna-sort-enfin-du-silence-sur-sa-relation-avec-tiphaine-auziere\" target=\"_blank\" rel=\"noopener\"><br \/>\na finalement r\u00e9agi aux nombreuses rumeurs<\/a> qui circulaient sur<br \/>\nsa vie sentimentale. Sur son compte X, Cyril Hanouna a d&rsquo;ailleurs<br \/>\nclarifi\u00e9 sa position avec une promesse intrigante. \u00ab \u00c7a parle<br \/>\nbeaucoup de ma vie priv\u00e9e en ce moment ! Je n&rsquo;en parle jamais, mais<br \/>\ndans quelque temps, vous saurez toute la v\u00e9rit\u00e9 \u00bb, a-t-il<br \/>\nd\u00e9clar\u00e9 le 21 mars 2025. Par ailleurs, Kelly Vedovelli a \u00e9galement<br \/>\nprofit\u00e9 de cette prise de parole pour dissiper les malentendus<br \/>\npersistants. \u00ab Je ne parle jamais, mais l\u00e0, \u00e7a prend des<br \/>\nproportions\u2026 T&rsquo;as peur\u2026 Ce soir, on met les choses au clair \u00bb,<br \/>\navait-elle ajout\u00e9 avec fermet\u00e9. Cette mise au point collective a<br \/>\nouvert la voie \u00e0 des r\u00e9v\u00e9lations plus profondes sur leur histoire<br \/>\ncommune.<\/p>\n<p>Une histoire d&rsquo;amour qui s&rsquo;\u00e9panouit entre Paris et la C\u00f4te<br \/>\nd&rsquo;Opale<\/p>\n<p>Paris Match a r\u00e9v\u00e9l\u00e9 en mars dernier l&rsquo;existence officielle de<br \/>\ncette relation entre Cyril Hanouna et Tiphaine Auzi\u00e8re. Le couple<br \/>\nfr\u00e9quente notamment un restaurant du tr\u00e8s chic 8e<br \/>\narrondissement parisien o\u00f9 ils cultivent leurs habitudes. \u00ab Ils<br \/>\nprennent toujours la table du fond, comme \u00e7a il a vue sur l&rsquo;entr\u00e9e<br \/>\n\u00bb, rapporte l&rsquo;hebdomadaire avec pr\u00e9cision. En effet, Tiphaine<br \/>\nAuzi\u00e8re partage son temps entre plusieurs lieux de vie pour<br \/>\nmaintenir cet \u00e9quilibre familial. Elle a d&rsquo;ailleurs d\u00e9nich\u00e9 un<br \/>\npied-\u00e0-terre confortable pour recevoir ses deux enfants lors de<br \/>\nleurs visites parisiennes. Parall\u00e8lement, elle passe \u00e9galement<br \/>\nbeaucoup de temps dans le nouvel appartement de son compagnon situ\u00e9<br \/>\ndans le VIIe. Cette organisation t\u00e9moigne ainsi de leur<br \/>\nvolont\u00e9 de construire une relation stable malgr\u00e9 les contraintes<br \/>\nm\u00e9diatiques.<\/p>\n<p>Cyril Hanouna et les enfants franchissent un cap d\u00e9cisif<br \/>\nensemble<\/p>\n<p>L&rsquo;\u00e9t\u00e9 dernier a marqu\u00e9 une \u00e9tape cruciale dans l&rsquo;\u00e9volution de<br \/>\ncette relation entre les deux amoureux. Apr\u00e8s avoir rendu visite \u00e0<br \/>\nsa m\u00e8re au Fort de Br\u00e9gan\u00e7on, <a href=\"https:\/\/www.nextplz.fr\/people\/503593-cyril-hanouna-en-tres-charmante-compagnie-a-saint-tropez-de-rares-images-de-ses-vacances-ont-ete-publiees?utm_source=Threads_Nonli&amp;utm_medium=Social&amp;utm_campaign=Nonli#utm_campaign=Nonli\" target=\"_blank\" rel=\"noopener\"><br \/>\nTiphaine Auzi\u00e8re a rejoint Cyril Hanouna \u00e0 Saint-Tropez<\/a>. Elle a<br \/>\nalors pass\u00e9 du temps privil\u00e9gi\u00e9 avec Lino et Bianca, les deux<br \/>\nenfants de l&rsquo;animateur vedette. Par cons\u00e9quent, un nouveau cap a<br \/>\n\u00e9t\u00e9 franchi le 24 ao\u00fbt lors d&rsquo;une sortie familiale m\u00e9morable. \u00ab<br \/>\nCe fut Disneyland Paris. Le 24 ao\u00fbt, les quatre enfants ont pass\u00e9<br \/>\nune journ\u00e9e enti\u00e8re \u00e0 faire connaissance \u00bb, r\u00e9v\u00e8le Paris<br \/>\nMatch. De plus, lorsque l&rsquo;animateur a rachet\u00e9 les parts de H2O \u00e0<br \/>\nBanijay r\u00e9cemment, sa compagne avocate l&rsquo;a \u00e9paul\u00e9. Cette pr\u00e9sence<br \/>\nconstante illustre parfaitement la solidit\u00e9 de leur engagement<br \/>\nmutuel face aux d\u00e9fis professionnels et personnels.<\/p>\n","protected":false},"excerpt":{"rendered":"Par Yvan Styve &#8211; Publi\u00e9 le 04 D\u00e9c 2025 \u00e0 08:00 Les contours de la relation entre l\u2019animateur&hellip;\n","protected":false},"author":2,"featured_media":577058,"comment_status":"","ping_status":"","sticky":false,"template":"","format":"standard","meta":{"footnotes":""},"categories":[1356],"tags":[58,59,1011,27,252,1364],"class_list":{"0":"post-577057","1":"post","2":"type-post","3":"status-publish","4":"format-standard","5":"has-post-thumbnail","7":"category-television","8":"tag-divertissement","9":"tag-entertainment","10":"tag-fr","11":"tag-france","12":"tag-television","13":"tag-tv"},"share_on_mastodon":{"url":"https:\/\/pubeurope.com\/@fr\/115660161302924199","error":""},"_links":{"self":[{"href":"https:\/\/www.europesays.com\/fr\/wp-json\/wp\/v2\/posts\/577057","targetHints":{"allow":["GET"]}}],"collection":[{"href":"https:\/\/www.europesays.com\/fr\/wp-json\/wp\/v2\/posts"}],"about":[{"href":"https:\/\/www.europesays.com\/fr\/wp-json\/wp\/v2\/types\/post"}],"author":[{"embeddable":true,"href":"https:\/\/www.europesays.com\/fr\/wp-json\/wp\/v2\/users\/2"}],"replies":[{"embeddable":true,"href":"https:\/\/www.europesays.com\/fr\/wp-json\/wp\/v2\/comments?post=577057"}],"version-history":[{"count":0,"href":"https:\/\/www.europesays.com\/fr\/wp-json\/wp\/v2\/posts\/577057\/revisions"}],"wp:featuredmedia":[{"embeddable":true,"href":"https:\/\/www.europesays.com\/fr\/wp-json\/wp\/v2\/media\/577058"}],"wp:attachment":[{"href":"https:\/\/www.europesays.com\/fr\/wp-json\/wp\/v2\/media?parent=577057"}],"wp:term":[{"taxonomy":"category","embeddable":true,"href":"https:\/\/www.europesays.com\/fr\/wp-json\/wp\/v2\/categories?post=577057"},{"taxonomy":"post_tag","embeddable":true,"href":"https:\/\/www.europesays.com\/fr\/wp-json\/wp\/v2\/tags?post=577057"}],"curies":[{"name":"wp","href":"https:\/\/api.w.org\/{rel}","templated":true}]}}