{"id":577064,"date":"2025-12-04T07:42:10","date_gmt":"2025-12-04T07:42:10","guid":{"rendered":"https:\/\/www.europesays.com\/fr\/577064\/"},"modified":"2025-12-04T07:42:10","modified_gmt":"2025-12-04T07:42:10","slug":"lardeche-et-letranger-paul-seixas-connait-son-programme-actualite","status":"publish","type":"post","link":"https:\/\/www.europesays.com\/fr\/577064\/","title":{"rendered":"L&rsquo;Ard\u00e8che et l&rsquo;\u00e9tranger : Paul Seixas connait son programme &#8211; Actualit\u00e9"},"content":{"rendered":"<p style=\"text-align: justify;\">Il \u00e9tait attendu de nombreux suiveurs et acteurs du monde du cyclisme : le programme 2026 de\u00a0<strong><a href=\"https:\/\/www.directvelo.com\/coureur\/43312\/paul-seixas\" target=\"_blank\" rel=\"noopener\">Paul Seixas<\/a><\/strong> a \u00e9t\u00e9 d\u00e9voil\u00e9\u00a0dans la nuit de mercredi \u00e0 jeudi par nos confr\u00e8res du quotidien <strong><a href=\"https:\/\/www.laprovence.com\/article\/sports\/2083823130100315\/info-la-provence-paul-seixas-decouvrez-le-programme-du-debut-de-saison-du-prodige-du-cyclisme-francais\" target=\"_blank\" rel=\"noopener\">La Provence<\/a><\/strong>. Du moins pour la premi\u00e8re partie de saison. Le dernier laur\u00e9at du Tour de l&rsquo;Avenir fera sa reprise fin f\u00e9vrier au Portugal,\u00a0<strong>\u00e0 l\u2019occasion du Tour d\u2019Algarve (2.Pro), apr\u00e8s avoir pass\u00e9 trois semaines de stage en Sierra Nevada.\u00a0<\/strong><\/p>\n<p>L\u2019athl\u00e8te de 19 ans retrouvera ensuite des routes qu\u2019il conna\u00eet bien, celles de l\u2019Ard\u00e8che, pour la premi\u00e8re des deux \u00e9preuves des Boucles Dr\u00f4me-Ard\u00e8che, qui lui rappelleront \u00e0 coup s\u00fbr de bons souvenirs puisque\u00a0<strong><a href=\"https:\/\/www.directvelo.com\/actualite\/124468\/paul-seixas-indescriptible\" target=\"_blank\" rel=\"noopener\">c\u2019est au m\u00eame endroit qu\u2019il avait d\u00e9croch\u00e9 la m\u00e9daille de bronze au Championnat d\u2019Europe<\/a><\/strong> en fin de saison 2025, derri\u00e8re Tadej Pogacar et Remco Evenepoel. \u00ab\u00a0L&rsquo;id\u00e9e est de monter en puissance sur ces deux premi\u00e8res courses\u00a0\u00bb, explique le Lyonnais.\u00a0<\/p>\n<p>Pour sa deuxi\u00e8me saison au sein de la WorldTeam d\u00e9sormais nomm\u00e9e Decathlon CMA CGM,\u00a0s&rsquo;ensuivront\u00a0une s\u00e9rie de courses WorldTour, des Strade Bianche aux Ardennaises.<\/p>\n<p>Le suspense reste en revanche total quant \u00e0 la future pr\u00e9sence de Paul Seixas sur le Tour de France ou un autre Grand Tour la saison prochaine.\u00a0<\/p>\n<p><strong>Le programme\u00a0de Paul Seixas pour le d\u00e9but de saison 2026 :<\/strong>\u00a0<br \/>26\/01 &#8211; 14\/02 : Stage en Sierra Nevada\u00a0<br \/>18\/02 &#8211; 22\/02 : Tour d\u2019Algarve (2.Pro)<br \/><strong><strong>28\/02 : Faun-Ard\u00e8che Classic (1.Pro)<br \/><\/strong><\/strong><strong><strong>07\/03 : Strade Bianche (1.WT)<br \/><\/strong><\/strong><strong><strong>06\/04 &#8211; 11\/04 : Tour du Pays Basque (2.WT)\u00a0<br \/><\/strong><\/strong><strong><strong>22\/04 : Fl\u00e8che Wallonne (1.WT)<br \/><\/strong><\/strong><strong><strong>26\/04 : Li\u00e8ge-Bastogne-Li\u00e8ge (1.WT)\u00a0<\/strong><\/strong><\/p>\n","protected":false},"excerpt":{"rendered":"Il \u00e9tait attendu de nombreux suiveurs et acteurs du monde du cyclisme : le programme 2026 de\u00a0Paul Seixas&hellip;\n","protected":false},"author":2,"featured_media":577065,"comment_status":"","ping_status":"","sticky":false,"template":"","format":"standard","meta":{"footnotes":""},"categories":[9],"tags":[834,828,836,829,837,827,83,826,824,823,207,814,817,815,816,822,821,832,211,839,1011,27,820,818,819,835,831,830,833,838,60,212,208,825],"class_list":{"0":"post-577064","1":"post","2":"type-post","3":"status-publish","4":"format-standard","5":"has-post-thumbnail","7":"category-sports","8":"tag-attaque","9":"tag-belgique","10":"tag-braquet","11":"tag-bretagne","12":"tag-chute","13":"tag-competition","14":"tag-coupe-de-france","15":"tag-coureur","16":"tag-course-cyclisme","17":"tag-course-cycliste","18":"tag-cyclisme","19":"tag-direct","20":"tag-direct-velo","21":"tag-directvelo","22":"tag-directvelo-com","23":"tag-epreuve","24":"tag-epreuve-cycliste","25":"tag-federation-francaise-de-cyclisme","26":"tag-ffc","27":"tag-flandres","28":"tag-fr","29":"tag-france","30":"tag-live","31":"tag-live-course","32":"tag-live-epreuve","33":"tag-peloton","34":"tag-radio-peloton","35":"tag-radio-tour","36":"tag-ravitaillement","37":"tag-relance","38":"tag-sports","39":"tag-uci","40":"tag-velo","41":"tag-velos"},"share_on_mastodon":{"url":"https:\/\/pubeurope.com\/@fr\/115660177061861418","error":""},"_links":{"self":[{"href":"https:\/\/www.europesays.com\/fr\/wp-json\/wp\/v2\/posts\/577064","targetHints":{"allow":["GET"]}}],"collection":[{"href":"https:\/\/www.europesays.com\/fr\/wp-json\/wp\/v2\/posts"}],"about":[{"href":"https:\/\/www.europesays.com\/fr\/wp-json\/wp\/v2\/types\/post"}],"author":[{"embeddable":true,"href":"https:\/\/www.europesays.com\/fr\/wp-json\/wp\/v2\/users\/2"}],"replies":[{"embeddable":true,"href":"https:\/\/www.europesays.com\/fr\/wp-json\/wp\/v2\/comments?post=577064"}],"version-history":[{"count":0,"href":"https:\/\/www.europesays.com\/fr\/wp-json\/wp\/v2\/posts\/577064\/revisions"}],"wp:featuredmedia":[{"embeddable":true,"href":"https:\/\/www.europesays.com\/fr\/wp-json\/wp\/v2\/media\/577065"}],"wp:attachment":[{"href":"https:\/\/www.europesays.com\/fr\/wp-json\/wp\/v2\/media?parent=577064"}],"wp:term":[{"taxonomy":"category","embeddable":true,"href":"https:\/\/www.europesays.com\/fr\/wp-json\/wp\/v2\/categories?post=577064"},{"taxonomy":"post_tag","embeddable":true,"href":"https:\/\/www.europesays.com\/fr\/wp-json\/wp\/v2\/tags?post=577064"}],"curies":[{"name":"wp","href":"https:\/\/api.w.org\/{rel}","templated":true}]}}