{"id":577066,"date":"2025-12-04T07:43:15","date_gmt":"2025-12-04T07:43:15","guid":{"rendered":"https:\/\/www.europesays.com\/fr\/577066\/"},"modified":"2025-12-04T07:43:15","modified_gmt":"2025-12-04T07:43:15","slug":"exclu-laurence-facelina-ici-tout-commence-ninon-va-se-sentir-trahie-par-penelope-en-apprenant-la-verite-tele-star","status":"publish","type":"post","link":"https:\/\/www.europesays.com\/fr\/577066\/","title":{"rendered":"EXCLU. Laurence Facelina (Ici tout commence) : &quot;Ninon va se sentir trahie par P\u00e9n\u00e9lope en apprenant la v\u00e9rit\u00e9&quot; &#8211; T\u00e9l\u00e9 Star"},"content":{"rendered":"<ol>\n<li><a href=\"https:\/\/news.google.com\/rss\/articles\/CBMi3AFBVV95cUxNbTlTcU5nYjFuWDR2cGZpTFB6VFQwd1hZOHQtX0J6Y0ZLcGVuRWlSeDdId1hTVktjUy1iUmZkdUYxTUZuNGNTTEtxN3M3ckZXcFVXbFFITHdONUJ2YkhaWUZYREFJUTBKajh3MmZOaXprampkbzVUQkhFY1MyMl9GYnoxbWtndDU2SGNTaWZ2aVhYYmhYLV8tRzdzR2tiQVVWaGVxNnpGZGhvSjhhYXROT2pGTUxEeGFkWDNNemktazhXTW9IekJTWHoxa3oyRFdDTmpjLXo0M1dXNUtq?oc=5\" target=\"_blank\" rel=\"noopener\">EXCLU. Laurence Facelina (Ici tout commence) : \u00ab\u00a0Ninon va se sentir trahie par P\u00e9n\u00e9lope en apprenant la v\u00e9rit\u00e9\u00a0\u00bb<\/a>&nbsp;&nbsp;T\u00e9l\u00e9 Star<\/li>\n<li><a href=\"https:\/\/news.google.com\/rss\/articles\/CBMifkFVX3lxTE1tbDUxNGtoSEE2amFzUDBVZjlQY0Z2Nzg2SWE5SWRnREFEZXZJb3BsX3ZJQU1BR2REZnhteUZ3WTZXTUlvXzRwMjExeU9pa2xjV0hETWJZanMtS3FwMW1qek5fM1BqY05neko1NGRfbi1GZEJfQUdBbk1oVl9zQQ?oc=5\" target=\"_blank\" rel=\"noopener\">Ici tout commence sur TF1 : \u00ab\u00a0Ninon, c&rsquo;est ma fille\u00a0\u00bb, Laurence Facelina r\u00e9agit \u00e0 l&rsquo;incroyable r\u00e9v\u00e9lation de P\u00e9n\u00e9lope<\/a>&nbsp;&nbsp;AlloCin\u00e9<\/li>\n<li><a href=\"https:\/\/news.google.com\/rss\/articles\/CBMi5wFBVV95cUxPcnZYaU82N0l5SVlJZ05tWGFfeHVuRk9SRGR6MzEwdVNHci14NDRyaTEtOVU3QzN4djdjNERna1FBUlZydlJfUmx3cjZuM3lsUFZsdlAyQnE3ejNXNjdOM2lzLUZFVnljNFFrdkJSTkNSdjVaQ0x5S2N0RldpZHpaRUN6YjdRMXZkR0VyMjdUUFQwSUwxYVVtOXhRVllfbUMxLUFWa2hiTlRzNDJtTHQtS1Exd3hWanE2QVR6VWxiQWZFQlhtRmtKMFRjR0UyNGt0bHFWNHVkSTJJTENSVTc3TzZhdl9NXzg?oc=5\" target=\"_blank\" rel=\"noopener\">Ici tout commence : \u00ab\u00a0Je dois sortir de sa vie\u2026\u00a0\u00bb Le r\u00e9sum\u00e9 du 4 d\u00e9cembre (SPOILERS)<\/a>&nbsp;&nbsp;T\u00e9l\u00e9 7 Jours<\/li>\n<li><a href=\"https:\/\/news.google.com\/rss\/articles\/CBMi1gFBVV95cUxPLWtDamZ3YUF2bVNwZW04a0Q4Nmp6ZXR0YnBvRVpnSG1zSFVNaDd0YnZXY214Tm9WVmR1QWIxRklWZDBSazRTRnp4bjJ2ai1NUzAwXy13M3dPWTVjT0NzSTNYZlA1SFFsNjFQdTVsRUQ5UDlNYkFsU3l5eDdyZ3d6Wmt6c1Y5aEJlQ0x0V1h4UlBrcG1QUzJVNXhOS2xCcDl6c3l4dlNHdkFYWFBrc1dwZF8xeG5oRFZOQ1hKaXVidElTeXlsX29wZENhelFqTXp6ODZncnBn?oc=5\" target=\"_blank\" rel=\"noopener\">Ici tout commence : P\u00e9n\u00e9lope annonce son d\u00e9part, son secret sur le point d\u2019exploser sur TF1 (spoiler)<\/a>&nbsp;&nbsp;Toutelatele<\/li>\n<li><a href=\"https:\/\/news.google.com\/rss\/articles\/CBMirgJBVV95cUxNZ0N3TGQ5UV8zR0htUEkwQ2JXa1ZkRXpkQUNHSEF2cXNOSjE1aVNmYmRZc2pCX3VnNEFpaTg5aDFvT2JUQmlWUVU2WV9ydjdNcEpSNG5pTGNfamhEc2xPV01DVE1DZzEzQlRkRXd1UFhjNlMxdTVtQnVRX2w5M1BPOWFZaDduRlVmeXRXTGZUUXREZjZiREdqTEplbkxkY1o2cU1wV3NiSDdKeEFoU3FPbGMwS1BRLWFPQVlJUVBwZU5kRnZ6T2hiZ0IzNC1oQVZ4dXlMb2dKd2d2MEFyVF9TNmJhX2ZNR2xiMVVUYlFBUTFjaGdZSF9MaklFYkFqMVZURUEyWjd3d2Y2UG11a3dJVTZON0FEdElqSUpINkVvV25RcjRCcWZ2cTNOempodw?oc=5\" target=\"_blank\" rel=\"noopener\">Ici tout commence en avance : P\u00e9n\u00e9lope n&rsquo;arrive pas \u00e0 dire toute la v\u00e9rit\u00e9 \u00e0 Ninon et quitte l&rsquo;Institut ! Le r\u00e9sum\u00e9 de l\u2019\u00e9pisode 1320 du jeudi 4 d\u00e9cembre 2025<\/a>&nbsp;&nbsp;programme-tv.net<\/li>\n<\/ol>\n","protected":false},"excerpt":{"rendered":"EXCLU. Laurence Facelina (Ici tout commence) : \u00ab\u00a0Ninon va se sentir trahie par P\u00e9n\u00e9lope en apprenant la v\u00e9rit\u00e9\u00a0\u00bb&nbsp;&nbsp;T\u00e9l\u00e9&hellip;\n","protected":false},"author":2,"featured_media":577067,"comment_status":"","ping_status":"","sticky":false,"template":"","format":"standard","meta":{"footnotes":""},"categories":[8],"tags":[548,58,59,1011,27,620],"class_list":{"0":"post-577066","1":"post","2":"type-post","3":"status-publish","4":"format-standard","5":"has-post-thumbnail","7":"category-divertissement","8":"tag-article-simple","9":"tag-divertissement","10":"tag-entertainment","11":"tag-fr","12":"tag-france","13":"tag-ici-tout-commence"},"share_on_mastodon":{"url":"https:\/\/pubeurope.com\/@fr\/115660181110113265","error":""},"_links":{"self":[{"href":"https:\/\/www.europesays.com\/fr\/wp-json\/wp\/v2\/posts\/577066","targetHints":{"allow":["GET"]}}],"collection":[{"href":"https:\/\/www.europesays.com\/fr\/wp-json\/wp\/v2\/posts"}],"about":[{"href":"https:\/\/www.europesays.com\/fr\/wp-json\/wp\/v2\/types\/post"}],"author":[{"embeddable":true,"href":"https:\/\/www.europesays.com\/fr\/wp-json\/wp\/v2\/users\/2"}],"replies":[{"embeddable":true,"href":"https:\/\/www.europesays.com\/fr\/wp-json\/wp\/v2\/comments?post=577066"}],"version-history":[{"count":0,"href":"https:\/\/www.europesays.com\/fr\/wp-json\/wp\/v2\/posts\/577066\/revisions"}],"wp:featuredmedia":[{"embeddable":true,"href":"https:\/\/www.europesays.com\/fr\/wp-json\/wp\/v2\/media\/577067"}],"wp:attachment":[{"href":"https:\/\/www.europesays.com\/fr\/wp-json\/wp\/v2\/media?parent=577066"}],"wp:term":[{"taxonomy":"category","embeddable":true,"href":"https:\/\/www.europesays.com\/fr\/wp-json\/wp\/v2\/categories?post=577066"},{"taxonomy":"post_tag","embeddable":true,"href":"https:\/\/www.europesays.com\/fr\/wp-json\/wp\/v2\/tags?post=577066"}],"curies":[{"name":"wp","href":"https:\/\/api.w.org\/{rel}","templated":true}]}}