{"id":577068,"date":"2025-12-04T07:44:18","date_gmt":"2025-12-04T07:44:18","guid":{"rendered":"https:\/\/www.europesays.com\/fr\/577068\/"},"modified":"2025-12-04T07:44:18","modified_gmt":"2025-12-04T07:44:18","slug":"il-lui-avait-fallu-6-ans-pour-faire-cette-photo-quil-refait-en-6-minutes-en-2025","status":"publish","type":"post","link":"https:\/\/www.europesays.com\/fr\/577068\/","title":{"rendered":"Il lui avait fallu 6 ans pour faire cette photo, qu\u2019il refait en 6 minutes en 2025"},"content":{"rendered":"<p>                    <b>Un photographe \u00e9cossais a recr\u00e9\u00e9 sa c\u00e9l\u00e8bre photo de martin-p\u00eacheur en plongeon, prise apr\u00e8s 720 000 tentatives en 2015. Dix ans plus tard, son nouveau Nikon Z9 lui a permis de reproduire le clich\u00e9 en quelques minutes seulement.<\/b><\/p>\n<p>                                                                                                                                                        <img decoding=\"async\" src=\"https:\/\/www.europesays.com\/fr\/wp-content\/uploads\/2025\/12\/979f5e7834_il-lui-avait-fallu-6-ans-pour-faire-cette-photo-qu-il-refait-en-6-minutes-en-2025.webp.webp\" alt=\"Il lui avait fallu 6 ans pour faire cette photo, qu\u2019il refait en 6 minutes en 2025\" width=\"1200\" height=\"787\" loading=\"lazy\"\/>        <\/p>\n<p>Une photo devenue virale en 2015<\/p>\n<p>En 2015, Alan McFadyen avait fait sensation sur internet avec une photo parfaite d&rsquo;un martin-p\u00eacheur plongeant dans l&rsquo;eau sans la moindre \u00e9claboussure. Le <b>photographe \u00e9cossais avait pass\u00e9 six ans<\/b> \u00e0 traquer cet instant, accumulant 720 000 clich\u00e9s et 4 200 heures de travail pr\u00e8s de Kirkcudbright, en \u00c9cosse. Arm\u00e9 de son <a href=\"https:\/\/www.mac4ever.com\/divers\/191778-nikon-et-red-devoilent-la-zr-une-camera-cinema-compacte-au-prix-tres-agressif\" target=\"_blank\" rel=\"noopener\">Nikon<\/a> D4, il devait faire la mise au point manuellement et esp\u00e9rer que l&rsquo;oiseau passe pile au bon endroit. Cette image lui avait permis de lancer son activit\u00e9 de photographe animalier.<\/p>\n<p>                                                                                                                                                        <img decoding=\"async\" src=\"https:\/\/www.europesays.com\/fr\/wp-content\/uploads\/2025\/12\/5befa803ca_il-lui-avait-fallu-6-ans-pour-faire-cette-photo-qu-il-refait-en-6-minutes-en-2025.webp.webp\" alt=\"Il lui avait fallu 6 ans pour faire cette photo, qu\u2019il refait en 6 minutes en 2025\" width=\"1196\" height=\"1200\" loading=\"lazy\"\/>        <\/p>\n<p>Le Nikon Z9 change la donne<\/p>\n<p>Dix ans plus tard, McFadyen a voulu voir ce que la technologie moderne pouvait changer. Avec son Nikon Z9, la diff\u00e9rence est spectaculaire. L&rsquo;<a href=\"https:\/\/www.mac4ever.com\/divers\/158046-un-lidar-pour-l-autofocus-une-idee-qui-fait-son-chemin-sur-les-boitiers-pro\" target=\"_blank\" rel=\"noopener\">autofocus<\/a> suit d\u00e9sormais l&rsquo;\u0153il de l&rsquo;oiseau m\u00eame \u00e0 50 km\/h, l\u00e0 o\u00f9 le D4 imposait une mise au point manuelle. Le bo\u00eetier <a href=\"https:\/\/www.mac4ever.com\/divers\/168359-rumeur-bientot-un-appareil-photo-hybride-chez-dji\" target=\"_blank\" rel=\"noopener\">hybride<\/a> tire aussi \u00e0 <b>30 images par seconde contre 12<\/b> pour son pr\u00e9d\u00e9cesseur. En six minutes et une seule rafale de 30 photos, McFadyen a obtenu un clich\u00e9 comparable \u00e0 celui qui lui avait demand\u00e9 six ann\u00e9es de patience. \u00c0 la septi\u00e8me image de la s\u00e9rie, il savait qu&rsquo;il avait r\u00e9ussi.<\/p>\n<p>                                                                                                                                                        <img decoding=\"async\" src=\"https:\/\/www.europesays.com\/fr\/wp-content\/uploads\/2025\/12\/8e0640fc86_voila-la-version-de-2025.webp.webp\" alt=\"Voil\u00e0 la version de 2025\u00a0!\" width=\"1030\" height=\"1200\" loading=\"lazy\"\/>                Voil\u00e0 la version de 2025\u00a0!<\/p>\n<p>La technologie remplace-t-elle le talent\u00a0?<\/p>\n<p>McFadyen reconna\u00eet que le d\u00e9fi est moins grand aujourd&rsquo;hui. Par contre, il nuance\u00a0: la <b>photographie animali\u00e8re reste difficile<\/b> car on ne contr\u00f4le jamais le comportement des animaux ni la m\u00e9t\u00e9o. D&rsquo;ailleurs, il a d\u00fb utiliser un flash pour sa nouvelle photo \u00e0 cause de la pluie, ce qu&rsquo;il n&rsquo;avait pas fait en 2015. Et malgr\u00e9 la prouesse technique, il pr\u00e9f\u00e8re toujours sa premi\u00e8re image. La technologie facilite la capture, mais ne remplace pas l&rsquo;exp\u00e9rience ni l&rsquo;\u0153il du photographe.<\/p>\n<p>        On en dit quoi\u00a0?<\/p>\n<p>On voit bien que les progr\u00e8s des appareils photo hybrides sont impressionnants. Passer de <b>720 000 tentatives \u00e0 une seule rafale r\u00e9ussie<\/b>, \u00e7a donne un peu le vertige. Par contre, difficile de ne pas remarquer que McFadyen lui-m\u00eame pr\u00e9f\u00e8re son clich\u00e9 de 2015. La technologie raccourcit le chemin, mais ne garantit pas forc\u00e9ment une meilleure photo. Et puis, six ans \u00e0 observer des martins-p\u00eacheurs, \u00e7a aide aussi un peu \u00e0 r\u00e9ussir LA bonne photo.<\/p>\n","protected":false},"excerpt":{"rendered":"Un photographe \u00e9cossais a recr\u00e9\u00e9 sa c\u00e9l\u00e8bre photo de martin-p\u00eacheur en plongeon, prise apr\u00e8s 720 000 tentatives en&hellip;\n","protected":false},"author":2,"featured_media":577069,"comment_status":"","ping_status":"","sticky":false,"template":"","format":"standard","meta":{"footnotes":""},"categories":[7],"tags":[1011,27,69145,1756,43,40,41,39,42,44],"class_list":{"0":"post-577068","1":"post","2":"type-post","3":"status-publish","4":"format-standard","5":"has-post-thumbnail","7":"category-sciences-et-technologies","8":"tag-fr","9":"tag-france","10":"tag-nikon","11":"tag-photographie","12":"tag-science","13":"tag-science-and-technology","14":"tag-sciences","15":"tag-sciences-et-technologies","16":"tag-technologies","17":"tag-technology"},"share_on_mastodon":{"url":"https:\/\/pubeurope.com\/@fr\/115660185783448176","error":""},"_links":{"self":[{"href":"https:\/\/www.europesays.com\/fr\/wp-json\/wp\/v2\/posts\/577068","targetHints":{"allow":["GET"]}}],"collection":[{"href":"https:\/\/www.europesays.com\/fr\/wp-json\/wp\/v2\/posts"}],"about":[{"href":"https:\/\/www.europesays.com\/fr\/wp-json\/wp\/v2\/types\/post"}],"author":[{"embeddable":true,"href":"https:\/\/www.europesays.com\/fr\/wp-json\/wp\/v2\/users\/2"}],"replies":[{"embeddable":true,"href":"https:\/\/www.europesays.com\/fr\/wp-json\/wp\/v2\/comments?post=577068"}],"version-history":[{"count":0,"href":"https:\/\/www.europesays.com\/fr\/wp-json\/wp\/v2\/posts\/577068\/revisions"}],"wp:featuredmedia":[{"embeddable":true,"href":"https:\/\/www.europesays.com\/fr\/wp-json\/wp\/v2\/media\/577069"}],"wp:attachment":[{"href":"https:\/\/www.europesays.com\/fr\/wp-json\/wp\/v2\/media?parent=577068"}],"wp:term":[{"taxonomy":"category","embeddable":true,"href":"https:\/\/www.europesays.com\/fr\/wp-json\/wp\/v2\/categories?post=577068"},{"taxonomy":"post_tag","embeddable":true,"href":"https:\/\/www.europesays.com\/fr\/wp-json\/wp\/v2\/tags?post=577068"}],"curies":[{"name":"wp","href":"https:\/\/api.w.org\/{rel}","templated":true}]}}