{"id":577070,"date":"2025-12-04T07:45:17","date_gmt":"2025-12-04T07:45:17","guid":{"rendered":"https:\/\/www.europesays.com\/fr\/577070\/"},"modified":"2025-12-04T07:45:17","modified_gmt":"2025-12-04T07:45:17","slug":"lincroyable-resurrection-dun-citroen-c15-comme-neuf","status":"publish","type":"post","link":"https:\/\/www.europesays.com\/fr\/577070\/","title":{"rendered":"l\u2019incroyable r\u00e9surrection d\u2019un Citro\u00ebn C15 comme neuf"},"content":{"rendered":"<p itemprop=\"description\">En Espagne, un Citro\u00ebn C15 presque neuf,<br \/>\nl&rsquo;avant-dernier de sa lign\u00e9e, a refait surface pour le plus grand<br \/>\nplaisir des internautes.<\/p>\n<p><strong>L\u2019avant-dernier exemplaire du mythique<br \/>\n<a href=\"https:\/\/www.autoplus.fr\/environnement\/voiture-electrique\/bonus-ecologique-2026-combien-coute-la-citroen-e-c3-aircross-1411167.html\" target=\"_blank\" rel=\"noopener\"><br \/>\nCitro\u00ebn<\/a> C15<\/strong> produit par le constructeur<br \/>\nfran\u00e7ais affole en ce moment les r\u00e9seaux sociaux. En effet, il a<br \/>\nrefait surface \u00e0 Vigo, en Espagne, affichant seulement <strong>67<br \/>\nkilom\u00e8tres au compteur.<\/strong> Il a m\u00eame conserv\u00e9 ses plastiques<br \/>\nd\u00a0\u00bborigine en parfait \u00e9tat. Connu pour sa robustesse, le <strong>C15<br \/>\nest encore tr\u00e8s appr\u00e9ci\u00e9<\/strong>, notamment par ceux qui ont eu la<br \/>\nchance de le poss\u00e9der et d&rsquo;en appr\u00e9cier les nombreux avantages.<\/p>\n<blockquote class=\"tiktok-embed\" cite=\"https:\/\/www.tiktok.com\/@motor1espana\/video\/7550726551835397398\" data-video-id=\"7550726551835397398\" style=\"max-width: 605px;min-width: 325px;\"><p>\n<a target=\"_blank\" href=\"https:\/\/www.tiktok.com\/@motor1espana\/video\/7550726551835397398\" rel=\"noopener\"><img decoding=\"async\" src=\"https:\/\/www.tiktok.com\/img\/logo.png\" alt=\"TikTok Logo\"\/><\/a>\n<\/p><\/blockquote>\n<p>Un Citro\u00ebn C15 en \u00e9tat impeccable<\/p>\n<p>La vid\u00e9o partag\u00e9e par <a href=\"https:\/\/www.tiktok.com\/@motor1espana\/video\/7550726551835397398?embed_source=121374463%2C121468991%2C121439635%2C121749182%2C121433650%2C121404358%2C121497414%2C121477481%2C121351166%2C121811500%2C121860360%2C121487028%2C121331973%2C120811592%2C120810756%2C121885509%3Bnull%3Bembed_fullscreen&amp;refer=embed&amp;referer_url=revistajaraysedal.es%2Fcitroen-c15-67-kilometros%2F&amp;referer_video_id=7550726551835397398\" target=\"_blank\" rel=\"nofollow noopener\">Motor1 Spain<\/a><br \/>\nsur TikTok a suscit\u00e9 de nombreuses r\u00e9actions parmi les internautes.<br \/>\nCe <strong>Citro\u00ebn C15 de 2005<\/strong> \u00e9voque en effet une<br \/>\ncertaine nostalgie. Le v\u00e9hicule est rest\u00e9 en <strong>parfait<br \/>\n\u00e9tat,<\/strong> avec des si\u00e8ges comme neufs et un compteur affichant<br \/>\nseulement 67 kilom\u00e8tres, n&rsquo;ayant jamais quitt\u00e9 le concessionnaire.<br \/>\nBien que cela soit surprenant, de nombreux commentaires sous la<br \/>\nvid\u00e9o expriment le d\u00e9sir de l&rsquo;acqu\u00e9rir.<\/p>\n<p>Une fourgonnette embl\u00e9matique<\/p>\n<p>Le C15 \u00e9tait l&rsquo;un des v\u00e9hicules les plus pris\u00e9s entre<br \/>\n<strong>1980 et 2000<\/strong>. Au-del\u00e0 de sa robustesse, sa grande<br \/>\ncapacit\u00e9 de chargement \u00e9tait tr\u00e8s appr\u00e9ci\u00e9e \u00e0 l&rsquo;\u00e9poque. Qui ne<br \/>\nconna\u00eet pas quelqu&rsquo;un, que ce soit \u00e0 la campagne ou en entreprise,<br \/>\nqui poss\u00e8de ce v\u00e9hicule ? Il est devenu un symbole pour les<br \/>\ntravailleurs, tant en milieu rural qu&rsquo;urbain. Avec seulement 67<br \/>\nkilom\u00e8tres au compteur, ce mod\u00e8le est une v\u00e9ritable trouvaille pour<br \/>\nles collectionneurs. Bien que certains doutent de l&rsquo;authenticit\u00e9 du<br \/>\nkilom\u00e9trage ou du volant, d&rsquo;autres soulignent que cette version de<br \/>\n2005 avait d\u00e9j\u00e0 un design distinct. Plusieurs int\u00e9ress\u00e9s estiment<br \/>\nsa valeur \u00e0 20.000 euros.<\/p>\n<p>Reste \u00e0 voir si ce v\u00e9hicule sera mis en vente et s&rsquo;il est<br \/>\nimmatricul\u00e9. Il est important de noter que <strong>la production du<br \/>\nC15 a pris fin en 2005<\/strong> apr\u00e8s vingt ans. Cet exemplaire est<br \/>\nconsid\u00e9r\u00e9 comme une \u00ab\u00a0licorne\u00a0\u00bb par les amateurs, en raison de son<br \/>\n\u00e9tat exceptionnel. \u00c0 Vigo, <strong>plus de 1,18 million de ces<br \/>\nv\u00e9hicules ont \u00e9t\u00e9 produits depuis 1984<\/strong>. Aujourd&rsquo;hui,<br \/>\nl&rsquo;entreprise fait partie du groupe <a href=\"https:\/\/www.autoplus.fr\/actualite\/scandale-des-airbags-takata-stellantis-vise-par-la-clcv-18-million-de-voitures-en-jeu-1412118.html\" target=\"_blank\" rel=\"noopener\"><br \/>\nStellantis<\/a>. Il n&rsquo;est donc pas \u00e9tonnant que ce mod\u00e8le ait refait<br \/>\nsurface r\u00e9cemment en Galice. Et vous, seriez-vous tent\u00e9 par ce<br \/>\nCitro\u00ebn C15 qui semble tout juste sorti de l&rsquo;usine ? C&rsquo;est tentant,<br \/>\nn&rsquo;est-ce pas ?<\/p>\n<p><script async src=\"\/\/www.tiktok.com\/embed.js\"><\/script><\/p>\n","protected":false},"excerpt":{"rendered":"En Espagne, un Citro\u00ebn C15 presque neuf, l&rsquo;avant-dernier de sa lign\u00e9e, a refait surface pour le plus grand&hellip;\n","protected":false},"author":2,"featured_media":577071,"comment_status":"","ping_status":"","sticky":false,"template":"","format":"standard","meta":{"footnotes":""},"categories":[6],"tags":[35,10281,33,34,1011,27],"class_list":{"0":"post-577070","1":"post","2":"type-post","3":"status-publish","4":"format-standard","5":"has-post-thumbnail","7":"category-economie","8":"tag-business","9":"tag-buzz-nonli","10":"tag-economie","11":"tag-economy","12":"tag-fr","13":"tag-france"},"share_on_mastodon":{"url":"https:\/\/pubeurope.com\/@fr\/115660189059749357","error":""},"_links":{"self":[{"href":"https:\/\/www.europesays.com\/fr\/wp-json\/wp\/v2\/posts\/577070","targetHints":{"allow":["GET"]}}],"collection":[{"href":"https:\/\/www.europesays.com\/fr\/wp-json\/wp\/v2\/posts"}],"about":[{"href":"https:\/\/www.europesays.com\/fr\/wp-json\/wp\/v2\/types\/post"}],"author":[{"embeddable":true,"href":"https:\/\/www.europesays.com\/fr\/wp-json\/wp\/v2\/users\/2"}],"replies":[{"embeddable":true,"href":"https:\/\/www.europesays.com\/fr\/wp-json\/wp\/v2\/comments?post=577070"}],"version-history":[{"count":0,"href":"https:\/\/www.europesays.com\/fr\/wp-json\/wp\/v2\/posts\/577070\/revisions"}],"wp:featuredmedia":[{"embeddable":true,"href":"https:\/\/www.europesays.com\/fr\/wp-json\/wp\/v2\/media\/577071"}],"wp:attachment":[{"href":"https:\/\/www.europesays.com\/fr\/wp-json\/wp\/v2\/media?parent=577070"}],"wp:term":[{"taxonomy":"category","embeddable":true,"href":"https:\/\/www.europesays.com\/fr\/wp-json\/wp\/v2\/categories?post=577070"},{"taxonomy":"post_tag","embeddable":true,"href":"https:\/\/www.europesays.com\/fr\/wp-json\/wp\/v2\/tags?post=577070"}],"curies":[{"name":"wp","href":"https:\/\/api.w.org\/{rel}","templated":true}]}}