{"id":577072,"date":"2025-12-04T07:46:11","date_gmt":"2025-12-04T07:46:11","guid":{"rendered":"https:\/\/www.europesays.com\/fr\/577072\/"},"modified":"2025-12-04T07:46:11","modified_gmt":"2025-12-04T07:46:11","slug":"les-frappes-americaines-contre-les-bateaux-de-trafiquants-de-drogues-sont-elles-legales","status":"publish","type":"post","link":"https:\/\/www.europesays.com\/fr\/577072\/","title":{"rendered":"Les frappes am\u00e9ricaines contre les bateaux de trafiquants de drogues sont-elles l\u00e9gales ?"},"content":{"rendered":"<p>\n    <strong>D\u00c9CRYPTAGE &#8211;<\/strong> Donald Trump a d\u00e9clar\u00e9 la guerre \u00e0 plusieurs cartels de drogue latino-am\u00e9ricains pr\u00e9textant la l\u00e9gitime d\u00e9fense contre ces groupes qualifi\u00e9s d\u2019organisations terroristes.<\/p>\n<p class=\"fig-paragraph\">Quand Donald Trump a annonc\u00e9, le 2 septembre, que l\u2019US Navy avait an\u00e9anti pour la premi\u00e8re fois un\u00a0<a href=\"http:\/\/www.lefigaro.fr\/international\/ce-que-l-on-sait-de-la-montee-de-tensions-entre-les-etats-unis-et-le-venezuela-au-large-des-caraibes-20250908\" target=\"_blank\" data-fig-type=\"NewsFlash\" rel=\"noopener\" data-gtm-custom-categorie=\"navigation\" data-gtm-custom-action=\"crossclick\" data-gtm-custom-label=\"Contextuel\" data-gtm-event=\"customEventSPE\" data-fig-domain=\"LEFIGARO\">bateau de narcotrafiquants dans les Cara\u00efbes<\/a>, les d\u00e9mocrates am\u00e9ricains se sont imm\u00e9diatement insurg\u00e9s. Pour d\u00e9cider d\u2019une telle op\u00e9ration militaire, le pr\u00e9sident des \u00c9tats-Unis, commandant en chef des arm\u00e9es, doit au minimum avertir le Congr\u00e8s dans un d\u00e9lai de 48 heures.<\/p>\n<p class=\"fig-paragraph\">Le 4 septembre, in extremis, le Bureau ovale a finalement exp\u00e9di\u00e9 un courrier adress\u00e9 au pr\u00e9sident du S\u00e9nat. Les \u00c9tats-Unis sont entr\u00e9s en guerre, dit en substance cette lettre sign\u00e9e par Donald Trump. Le pays utilise son droit inh\u00e9rent \u00e0 la l\u00e9gitime d\u00e9fense contre des groupes terroristes qui attaquent la nation am\u00e9ricaine. Depuis, l\u2019arm\u00e9e am\u00e9ricaine a d\u00e9truit plus de 20 navires, tuant au moins 83 personnes. Les images de frappes ont \u00e9t\u00e9 presque syst\u00e9matiquement publi\u00e9es sur les r\u00e9seaux sociaux.<\/p>\n<p class=\"fig-paragraph\">En parall\u00e8le, beaucoup d\u2019encre a coul\u00e9 sur la l\u00e9galit\u00e9 d\u2019une telle guerre, men\u00e9e dans les eaux internationales, contre les cartels\u2026<\/p>\n<p class=\"fig-premium-paywall__infos\">\n        Cet article est r\u00e9serv\u00e9 aux abonn\u00e9s.        Il vous reste 85% \u00e0 d\u00e9couvrir.\n    <\/p>\n<p>                <img  data- alt=\"Le Figaro\" class=\"fig-img--complete fig-img\"\/><\/p>\n<p class=\"fig-premium-paywall__title\">Vous avez envie de lire la suite ?<\/p>\n<p class=\"fig-premium-paywall__subtitle\">D\u00e9bloquez tous les articles imm\u00e9diatement.<\/p>\n<p class=\"fig-premium-paywall__connect\">\n                D\u00e9j\u00e0 abonn\u00e9\u00a0?                <a class=\"fig-premium-paywall__connect-link\" href=\"https:\/\/connect.lefigaro.fr\/login?client=horizon_web&amp;type=main&amp;redirect_uri=https%3A%2F%2Fwww.lefigaro.fr%2Finternational%2Fles-frappes-americaines-contre-les-bateaux-de-trafiquants-de-drogues-sont-elles-legales-20251204\" data-js-gtm=\"{&quot;customCategorie&quot;: &quot;conversion&quot;, &quot;customAction&quot;: &quot;before_Landing_Connexion_paywall_auto&quot;, &quot;customLabel&quot;: &quot;bGVmaWdhcm8uZnJfXzFmMGQwNjA2LWM3NTYtNjFiYy1hNzhlLWUzNDFhNGQ3NzNlOV9fQXJ0aWNsZQ==_Les frappes am\u00e9ricaines contre les bateaux de trafiquants de drogues sont-elles l\u00e9gales\u00a0?_129&quot;, &quot;customIDSPE&quot;: &quot;bGVmaWdhcm8uZnJfXzFmMGQwNjA2LWM3NTYtNjFiYy1hNzhlLWUzNDFhNGQ3NzNlOV9fQXJ0aWNsZQ==&quot;, &quot;event&quot;: &quot;customEventSPE&quot;}\" target=\"_blank\" rel=\"noopener\"><br \/>\n                    Connectez-vous<br \/>\n                <\/a>\n            <\/p>\n","protected":false},"excerpt":{"rendered":"D\u00c9CRYPTAGE &#8211; Donald Trump a d\u00e9clar\u00e9 la guerre \u00e0 plusieurs cartels de drogue latino-am\u00e9ricains pr\u00e9textant la l\u00e9gitime d\u00e9fense&hellip;\n","protected":false},"author":2,"featured_media":577073,"comment_status":"","ping_status":"","sticky":false,"template":"","format":"standard","meta":{"footnotes":""},"categories":[5],"tags":[11,47979,75,1011,27,14,8721,12,28],"class_list":{"0":"post-577072","1":"post","2":"type-post","3":"status-publish","4":"format-standard","5":"has-post-thumbnail","7":"category-international","8":"tag-actualites","9":"tag-caraibes","10":"tag-donald-trump","11":"tag-fr","12":"tag-france","13":"tag-international","14":"tag-narcotrafic","15":"tag-news","16":"tag-world"},"share_on_mastodon":{"url":"https:\/\/pubeurope.com\/@fr\/115660192797565430","error":""},"_links":{"self":[{"href":"https:\/\/www.europesays.com\/fr\/wp-json\/wp\/v2\/posts\/577072","targetHints":{"allow":["GET"]}}],"collection":[{"href":"https:\/\/www.europesays.com\/fr\/wp-json\/wp\/v2\/posts"}],"about":[{"href":"https:\/\/www.europesays.com\/fr\/wp-json\/wp\/v2\/types\/post"}],"author":[{"embeddable":true,"href":"https:\/\/www.europesays.com\/fr\/wp-json\/wp\/v2\/users\/2"}],"replies":[{"embeddable":true,"href":"https:\/\/www.europesays.com\/fr\/wp-json\/wp\/v2\/comments?post=577072"}],"version-history":[{"count":0,"href":"https:\/\/www.europesays.com\/fr\/wp-json\/wp\/v2\/posts\/577072\/revisions"}],"wp:featuredmedia":[{"embeddable":true,"href":"https:\/\/www.europesays.com\/fr\/wp-json\/wp\/v2\/media\/577073"}],"wp:attachment":[{"href":"https:\/\/www.europesays.com\/fr\/wp-json\/wp\/v2\/media?parent=577072"}],"wp:term":[{"taxonomy":"category","embeddable":true,"href":"https:\/\/www.europesays.com\/fr\/wp-json\/wp\/v2\/categories?post=577072"},{"taxonomy":"post_tag","embeddable":true,"href":"https:\/\/www.europesays.com\/fr\/wp-json\/wp\/v2\/tags?post=577072"}],"curies":[{"name":"wp","href":"https:\/\/api.w.org\/{rel}","templated":true}]}}