{"id":577076,"date":"2025-12-04T07:48:19","date_gmt":"2025-12-04T07:48:19","guid":{"rendered":"https:\/\/www.europesays.com\/fr\/577076\/"},"modified":"2025-12-04T07:48:19","modified_gmt":"2025-12-04T07:48:19","slug":"ces-capteurs-de-glycemie-font-lobjet-dun-rappel-massif-apres-plusieurs-morts-et-des-incidents-graves","status":"publish","type":"post","link":"https:\/\/www.europesays.com\/fr\/577076\/","title":{"rendered":"Ces capteurs de glyc\u00e9mie font l\u2019objet d\u2019un rappel massif apr\u00e8s plusieurs morts et des incidents graves"},"content":{"rendered":"<p>        <img decoding=\"async\" loading=\"lazy\" src=\"https:\/\/www.europesays.com\/fr\/wp-content\/uploads\/2025\/12\/9a512cb_1679992549691-gettyimages-1334616845.jpg\"  width=\"728\" height=\"410\" alt=\"Photo d\u2019illustration d\u2019une femme utilisant un capteur de glyc\u00e9mie.\"\/>  <\/p>\n<p>Kosamtu \/ Getty Images<\/p>\n<p>Photo d\u2019illustration d\u2019une femme utilisant un capteur de glyc\u00e9mie.<\/p>\n<p class=\"asset asset-text\">17 pays concern\u00e9s. L\u2019entreprise pharmaceutique Abbott a annonc\u00e9 ce mercredi 3\u00a0d\u00e9cembre le lancement d\u2019une large campagne de rappel de <a href=\"https:\/\/www.huffingtonpost.fr\/life\/article\/les-capteurs-de-glycemie-dedies-aux-diabetiques-detournes-par-les-influenceurs-pour-mincir_215826.html\" target=\"_blank\" rel=\"noopener\">capteurs de glyc\u00e9mie<\/a> apr\u00e8s l\u2019identification d\u2019une malfonction qui pourrait avoir provoqu\u00e9 sept d\u00e9c\u00e8s.<\/p>\n<p class=\"asset asset-text\">Cette op\u00e9ration concerne \u00ab\u00a0certains capteurs FreeStyle Libre 3 et FreeStyle Libre 3 Plus\u00a0\u00bb utilis\u00e9s par des <a href=\"https:\/\/www.huffingtonpost.fr\/life\/video\/avec-sa-nouvelle-barbie-mattel-fait-beaucoup-de-bien-aux-enfants-diabetiques-de-type-1_252418.html\" target=\"_blank\" rel=\"noopener\">patients diab\u00e9tiques<\/a> est-il pr\u00e9cis\u00e9 dans un communiqu\u00e9. \u00ab\u00a0Des tests internes ont d\u00e9termin\u00e9 que certains de ces capteurs pouvaient fournir des mesures incorrectes de glyc\u00e9mie basse.\u00a0\u00bb<\/p>\n<p class=\"asset asset-text\">Des rappels sont donc en cours dans pas moins de 17\u00a0pays, dont la France et les \u00c9tats-Unis. Les autres pays concern\u00e9s sont l\u2019Allemagne, l\u2019Autriche, la Belgique, le Canada, le Danemark, l\u2019Espagne, la Finlande, l\u2019Italie, le Luxembourg, les Pays-Bas, la Nouvelle-Z\u00e9lande, la Norv\u00e8ge, la Su\u00e8de, la Suisse et Royaume-Uni.<\/p>\n<p>    Une seule cha\u00eene de production dans le viseur    <\/p>\n<p class=\"asset asset-text\">L\u2019urgence de cette campagne de rappels co\u00efncide avec les nombreux signalements re\u00e7us par l\u2019entreprise en lien avec sept d\u00e9c\u00e8s et 736 incidents graves qui pourraient \u00eatre li\u00e9s \u00e0 cette malfonction. Rien qu\u2019aux \u00c9tats-Unis, environ 3\u00a0millions de capteurs d\u00e9fectueux auraient \u00e9t\u00e9 distribu\u00e9s, estime la soci\u00e9t\u00e9 Abbott.<\/p>\n<p class=\"asset asset-text\">Les dispositifs d\u00e9fectueux sont li\u00e9s \u00e0 une seule cha\u00eene de production, a \u00e9galement pr\u00e9cis\u00e9 l\u2019entreprise pharmaceutique, qui a alert\u00e9 les autorit\u00e9s sanitaires des pays dans lesquels ils ont \u00e9t\u00e9 commercialis\u00e9s pour initier une action de rappel.<\/p>\n<p class=\"asset asset-text\">Utilis\u00e9s dans la gestion du diab\u00e8te, les capteurs de glyc\u00e9mie op\u00e8rent un suivi en continu du glucose, et aident ainsi les patients \u00e0 pr\u00e9venir le risque d\u2019hypoglyc\u00e9mie ou d\u2019hyperglyc\u00e9mie qui peuvent sans prise en charge provoquer un coma ou causer la mort.<\/p>\n","protected":false},"excerpt":{"rendered":"Kosamtu \/ Getty Images Photo d\u2019illustration d\u2019une femme utilisant un capteur de glyc\u00e9mie. 17 pays concern\u00e9s. L\u2019entreprise pharmaceutique&hellip;\n","protected":false},"author":2,"featured_media":577077,"comment_status":"","ping_status":"","sticky":false,"template":"","format":"standard","meta":{"footnotes":""},"categories":[2],"tags":[11,234,1011,27,12,12114,71],"class_list":{"0":"post-577076","1":"post","2":"type-post","3":"status-publish","4":"format-standard","5":"has-post-thumbnail","7":"category-actualites","8":"tag-actualites","9":"tag-diabete","10":"tag-fr","11":"tag-france","12":"tag-news","13":"tag-rappel-produit","14":"tag-sante"},"share_on_mastodon":{"url":"https:\/\/pubeurope.com\/@fr\/115660201428532648","error":""},"_links":{"self":[{"href":"https:\/\/www.europesays.com\/fr\/wp-json\/wp\/v2\/posts\/577076","targetHints":{"allow":["GET"]}}],"collection":[{"href":"https:\/\/www.europesays.com\/fr\/wp-json\/wp\/v2\/posts"}],"about":[{"href":"https:\/\/www.europesays.com\/fr\/wp-json\/wp\/v2\/types\/post"}],"author":[{"embeddable":true,"href":"https:\/\/www.europesays.com\/fr\/wp-json\/wp\/v2\/users\/2"}],"replies":[{"embeddable":true,"href":"https:\/\/www.europesays.com\/fr\/wp-json\/wp\/v2\/comments?post=577076"}],"version-history":[{"count":0,"href":"https:\/\/www.europesays.com\/fr\/wp-json\/wp\/v2\/posts\/577076\/revisions"}],"wp:featuredmedia":[{"embeddable":true,"href":"https:\/\/www.europesays.com\/fr\/wp-json\/wp\/v2\/media\/577077"}],"wp:attachment":[{"href":"https:\/\/www.europesays.com\/fr\/wp-json\/wp\/v2\/media?parent=577076"}],"wp:term":[{"taxonomy":"category","embeddable":true,"href":"https:\/\/www.europesays.com\/fr\/wp-json\/wp\/v2\/categories?post=577076"},{"taxonomy":"post_tag","embeddable":true,"href":"https:\/\/www.europesays.com\/fr\/wp-json\/wp\/v2\/tags?post=577076"}],"curies":[{"name":"wp","href":"https:\/\/api.w.org\/{rel}","templated":true}]}}