{"id":577078,"date":"2025-12-04T07:49:13","date_gmt":"2025-12-04T07:49:13","guid":{"rendered":"https:\/\/www.europesays.com\/fr\/577078\/"},"modified":"2025-12-04T07:49:13","modified_gmt":"2025-12-04T07:49:13","slug":"une-association-distribue-des-kits-de-visibilite-pour-cyclistes-gratuitement","status":"publish","type":"post","link":"https:\/\/www.europesays.com\/fr\/577078\/","title":{"rendered":"Une association distribue des kits de visibilit\u00e9 pour cyclistes gratuitement"},"content":{"rendered":"<p><img decoding=\"async\" class=\"\" style=\"width:100%\" src=\"https:\/\/www.europesays.com\/fr\/wp-content\/uploads\/2025\/12\/bike_7576251_12801764829546064.jpg\" alt=\"Il est important d'\u00eatre bien vu quand on fait du v\u00e9lo l'hiver. \"\/><\/p>\n<p>Il est important d&rsquo;\u00eatre bien vu quand on fait du v\u00e9lo l&rsquo;hiver. <\/p>\n<p>Cr\u00e9dit : Pixabay<\/p>\n<p>Si vous faites souvent du v\u00e9lo avec les jours qui se raccourcissent, vous n&rsquo;\u00eates pas sans savoir qu&rsquo;il faut redoubler de vigilance pour voir et surtout pour \u00eatre vu. Pour sensibiliser \u00e0 cela, et \u00e9viter des accidents, l\u2019association Ociv\u00e9lo Saint-Etienne organise ce jeudi 4 d\u00e9cembre son op\u00e9ration \u00ab Brillez \u00bb dont le but est donc d\u2019am\u00e9liorer la visibilit\u00e9 des cyclistes.\u00a0<br \/>Cette animation gratuite a lieu sur le parvis de la gare de Chateaucreux, \u00e0 Saint-Etienne, entre 15h50 et 18h30.\u00a0<\/p>\n<p>Sur place, vous pourrez par ailleurs r\u00e9cup\u00e9rer des kits de visibilit\u00e9 comprenant des gilets r\u00e9fl\u00e9chissants ou encore des bandes lumineuses. Vous n&rsquo;aurez plus d&rsquo;excuses pour faire du v\u00e9lo en toute s\u00e9curit\u00e9.\u00a0<\/p>\n<p>Par ailleurs, si vous n&rsquo;\u00eates pas disponible ce jeudi, la m\u00eame op\u00e9ration sera organis\u00e9 jeudi prochain (le 11 d\u00e9cembre) sur la place Jean Jaur\u00e8s aux m\u00eames horaires.\u00a0<\/p>\n","protected":false},"excerpt":{"rendered":"Il est important d&rsquo;\u00eatre bien vu quand on fait du v\u00e9lo l&rsquo;hiver. Cr\u00e9dit : Pixabay Si vous faites&hellip;\n","protected":false},"author":2,"featured_media":577079,"comment_status":"","ping_status":"","sticky":false,"template":"","format":"standard","meta":{"footnotes":""},"categories":[9653],"tags":[1111,11,2430,3542,22098,4511,1777,674,1011,27,3367,12,6543,25,4001,800,208],"class_list":{"0":"post-577078","1":"post","2":"type-post","3":"status-publish","4":"format-standard","5":"has-post-thumbnail","7":"category-saint-etienne","8":"tag-actu","9":"tag-actualites","10":"tag-auvergne-rhone-alpes","11":"tag-circulation","12":"tag-cycliste","13":"tag-danger","14":"tag-eu","15":"tag-europe","16":"tag-fr","17":"tag-france","18":"tag-loire","19":"tag-news","20":"tag-prevention","21":"tag-republique-francaise","22":"tag-saint-etienne","23":"tag-transports","24":"tag-velo"},"share_on_mastodon":{"url":"https:\/\/pubeurope.com\/@fr\/115660205151852030","error":""},"_links":{"self":[{"href":"https:\/\/www.europesays.com\/fr\/wp-json\/wp\/v2\/posts\/577078","targetHints":{"allow":["GET"]}}],"collection":[{"href":"https:\/\/www.europesays.com\/fr\/wp-json\/wp\/v2\/posts"}],"about":[{"href":"https:\/\/www.europesays.com\/fr\/wp-json\/wp\/v2\/types\/post"}],"author":[{"embeddable":true,"href":"https:\/\/www.europesays.com\/fr\/wp-json\/wp\/v2\/users\/2"}],"replies":[{"embeddable":true,"href":"https:\/\/www.europesays.com\/fr\/wp-json\/wp\/v2\/comments?post=577078"}],"version-history":[{"count":0,"href":"https:\/\/www.europesays.com\/fr\/wp-json\/wp\/v2\/posts\/577078\/revisions"}],"wp:featuredmedia":[{"embeddable":true,"href":"https:\/\/www.europesays.com\/fr\/wp-json\/wp\/v2\/media\/577079"}],"wp:attachment":[{"href":"https:\/\/www.europesays.com\/fr\/wp-json\/wp\/v2\/media?parent=577078"}],"wp:term":[{"taxonomy":"category","embeddable":true,"href":"https:\/\/www.europesays.com\/fr\/wp-json\/wp\/v2\/categories?post=577078"},{"taxonomy":"post_tag","embeddable":true,"href":"https:\/\/www.europesays.com\/fr\/wp-json\/wp\/v2\/tags?post=577078"}],"curies":[{"name":"wp","href":"https:\/\/api.w.org\/{rel}","templated":true}]}}