{"id":577086,"date":"2025-12-04T07:53:13","date_gmt":"2025-12-04T07:53:13","guid":{"rendered":"https:\/\/www.europesays.com\/fr\/577086\/"},"modified":"2025-12-04T07:53:13","modified_gmt":"2025-12-04T07:53:13","slug":"lassociation-la-seyne-de-lespoir-baisse-le-rideau-apres-20-ans-de-solidarite","status":"publish","type":"post","link":"https:\/\/www.europesays.com\/fr\/577086\/","title":{"rendered":"l\u2019association La Seyne de l\u2019Espoir baisse le rideau apr\u00e8s 20\u00a0ans de solidarit\u00e9"},"content":{"rendered":"<p class=\"fs-5 \">Le 31 d\u00e9cembre, c\u2019est fini. <strong>L\u2019association La Seyne de l\u2019espoir<\/strong> s\u2019arr\u00eatera au terme de vingt ans d\u2019une intense g\u00e9n\u00e9rosit\u00e9 d\u00e9ploy\u00e9e au service du mieux-\u00eatre des enfants hospitalis\u00e9s et de la recherche m\u00e9dicale.<\/p>\n<p class=\"fs-5 \">\u00ab\u00a0J\u2019ai essay\u00e9 de continuer apr\u00e8s le d\u00e9c\u00e8s de Serge. Mais il est irrempla\u00e7able. Je tiens \u00e0 remercier tous ceux et celles qui nous ont aid\u00e9s durant toutes ces ann\u00e9es, particuliers, commer\u00e7ants, entreprises\u2026 Merci mille fois pour votre investissement, votre gentillesse, votre amiti\u00e9\u00a0\u00bb, vient d\u2019annoncer sur les r\u00e9seaux sociaux Christine F\u00e9raud, veuve de <a href=\"https:\/\/www.nicematin.com\/sports\/equitation\/la-seyne-pleure-un-des-meilleurs-des-siens-serge-feraud-nous-a-quittes-ce-mardi-400131\" target=\"_blank\" rel=\"noopener\">Serge F\u00e9raud, disparu en 2019 \u00e0 l\u2019\u00e2ge de 68 ans.<\/a><\/p>\n<p>        <img decoding=\"async\" src=\"https:\/\/www.europesays.com\/fr\/wp-content\/uploads\/2025\/12\/ARTVIEW-10659412-ORIG-fc84c23_upload-1-edoclqwdzvbd-image-seyxxq302-dl-ferraud-espoir-small.jpg\" class=\"figure-img img-fluid rounded\" alt=\"En 2011, \u00ab Travers\u00e9e de l\u2019espoir\u00bb, Serge F\u00e9raud (\u00e0 gauche) a travers\u00e9 la M\u00e9diterran\u00e9e de La Seyne \u00e0 Calvi en Corse, en kayak biplace. &#10;\"\/><\/p>\n<p>            En 2011, \u00ab Travers\u00e9e de l\u2019espoir\u00bb, Serge F\u00e9raud (\u00e0 gauche) a travers\u00e9 la M\u00e9diterran\u00e9e de La Seyne \u00e0 Calvi en Corse, en kayak biplace.<br \/>\n <br \/>DOMINIQUE LERICHE \/ Var matin<\/p>\n<p class=\"fs-5 \">Apr\u00e8s le d\u00e9c\u00e8s de celui qui a ralli\u00e9 <strong>Paris<\/strong> depuis La Seyne, \u00e0 pied en vingt-trois \u00e9tapes, en 2004\u00a0; a travers\u00e9 la <strong>M\u00e9diterran\u00e9e<\/strong> de La Seyne \u00e0 <strong>Calvi <\/strong>en <strong>kayak biplace<\/strong>, puis fait le tour de la <strong>Corse<\/strong> avant de revenir, toujours en kayak, de <strong>Saint-Florent \u00e0 Nice<\/strong>, bouclant un p\u00e9riple de 31 jours en 2011\u00a0; celui qui a multipli\u00e9 infatigablement l\u2019organisation d\u2019\u00e9v\u00e9nements et d\u2019animations, pour collecter des fonds, \u00e9toffant un carnet d\u2019adresses de plus en plus fourni, Christine F\u00e9raud a continu\u00e9, \u00e0 son rythme. Mais, \u00ab\u00a0fatigu\u00e9e\u00a0\u00bb, elle s\u2019arr\u00eate fin 2025 sur une derni\u00e8re manifestation caritative.<\/p>\n<p>                                                                                \u00ab\u00a0Serge \u00e9tait les jambes, moi j\u2019\u00e9tais la t\u00eate\u00a0\u00bb<\/p>\n<p class=\"fs-5 \">\u00ab\u00a0Serge \u00e9tait les jambes, moi j\u2019\u00e9tais la t\u00eate, j\u2019organisais la partie administrative. \u00c7a me faisait mal au c\u0153ur d\u2019arr\u00eater l\u2019association apr\u00e8s son d\u00e9c\u00e8s, il s\u2019\u00e9tait tellement donn\u00e9 de mal pour les enfants que j\u2019ai souhait\u00e9 continuer. Mais maintenant, \u00e0 76 ans, j\u2019ai le besoin et l\u2019envie de me reposer\u00a0\u00bb, sourit-elle devant une grande table sur laquelle sont pos\u00e9s les \u00e9l\u00e9ments de cr\u00e8che, des maisons, qu\u2019elle vendra \u00e0 l\u2019<strong>hypermarch\u00e9 Leclerc<\/strong> de La Seyne du 8 au 15 d\u00e9cembre.<\/p>\n<p class=\"fs-5 \">\u00ab\u00a0Cela fait six ans que je fabrique et vends ces maisons, dont la conception me demande au moins trois mois de travail\u00a0\u00bb.<\/p>\n<p class=\"fs-5 \">Une activit\u00e9 et une \u00e9nergie qu\u2019elle d\u00e9ploie, toujours avec cette m\u00eame finalit\u00e9 qui est d\u2019aider les enfants malades.<\/p>\n<p class=\"fs-5 \">L\u2019aventure caritative a d\u00e9but\u00e9 fortuitement pour elle et son \u00e9poux en 2004.<\/p>\n<p class=\"fs-5 \">\u00ab\u00a0Nous avons amen\u00e9 mon fils Franck, alors \u00e2g\u00e9 de 10 ans, qui a eu un probl\u00e8me de sant\u00e9, sans gravit\u00e9 finalement, au service d\u2019hospitalisation de jour de l\u2019h\u00f4pital La Timone \u00e0 Marseille\u00a0\u00bb, se souvient-elle.<\/p>\n<p class=\"fs-5 \">Au sixi\u00e8me \u00e9tage, dans le service r\u00e9serv\u00e9 aux enfants, le couple est confront\u00e9 \u00e0 toutes les pathologies dont certaines tr\u00e8s graves, touchant les plus jeunes.<\/p>\n<p class=\"fs-5 \">\u00ab\u00a0\u00c7a a \u00e9t\u00e9 un d\u00e9clencheur. \u00ab\u00a0Si j\u2019avais de l\u2019argent, je les aiderais\u00a0\u00bb, m\u2019a dit Serge qui a gamberg\u00e9 et peu de temps apr\u00e8s m\u2019a lanc\u00e9\u00a0: \u00ab\u00a0\u00c9coute, voil\u00e0 ce que j\u2019ai envie de faire\u00a0\u00bb, avant de s\u2019en entretenir avec le professeur qui dirigeait le service, raconte Christine F\u00e9raud. Il \u00e9tait tout feu tout flamme, tr\u00e8s sportif, avait une id\u00e9e par minute, un gros bagout et \u00e9tait respect\u00e9\u00a0! C\u2019\u00e9tait lui-m\u00eame un grand enfant.<\/p>\n<p>                                                                                <strong>Plus de 100.000 euros collect\u00e9s<\/strong><\/p>\n<p class=\"fs-5 \">Le premier pas d\u2019une aventure qui a commenc\u00e9 avec \u00ab\u00a0La marche de l\u2019espoir\u00a0\u00bb lors de laquelle Serge, alors fonctionnaire municipal, parvient \u00e0 collecter la somme de 45 000 euros\u00a0!<\/p>\n<p class=\"fs-5 \">\u00ab\u00a0Sur le parcours de 966 km, il a mobilis\u00e9 les mairies et les Rotary des communes travers\u00e9es\u00a0! C\u2019est l\u2019h\u00f4pital de La Timone qui en a b\u00e9n\u00e9fici\u00e9\u00a0\u00bb, se rappelle la pr\u00e9sidente de La Seyne de l\u2019espoir.<\/p>\n<p class=\"fs-5 \">\u00ab\u00a0Gr\u00e2ce \u00e0 trois associations, plus de 100 000 euros ont \u00e9t\u00e9 collect\u00e9s et redistribu\u00e9s dans tous les services p\u00e9diatriques de proximit\u00e9, de <strong>Marseille<\/strong> \u00e0 Nice et en Corse, sous forme d\u2019am\u00e9nagement des services, achat de mat\u00e9riel, distribution de jouets,\u00a0etc. ainsi que d\u2019aides individuelles, comme pour <a href=\"https:\/\/www.nicematin.com\/sports\/equitation\/le-beausset-connait-bien-la-jeune-emma-qui-a-remporte-the-voice-kids-284372\" target=\"_blank\" rel=\"noopener\">la petite Emma, gagnante de The Voice Kids<\/a>, atteinte d\u2019une grave maladie aux yeux, souligne Christine F\u00e9raud. La derni\u00e8re action r\u00e9alis\u00e9e, avec l\u2019argent que j\u2019ai collect\u00e9, c\u2019est d\u2019apporter une aide aux enfants autistes hospitalis\u00e9e \u00e0 l\u2019h\u00f4pital de jour Les Orangers, \u00e0 La Seyne\u00a0; de m\u00eame qu\u2019au Centre d\u2019accueil m\u00e9dico-social pr\u00e9coce (de 0 \u00e0 6 ans) au sein de ce m\u00eame \u00e9tablissement\u00a0\u00bb.<\/p>\n<p class=\"fs-5 \">La pr\u00e9sidente de \u00ab\u00a0La Seyne de l\u2019espoir\u00a0\u00bb serait cependant heureuse de passer le relais. \u00ab\u00a0M\u00eame si l\u2019association s\u2019arr\u00eate, Serge est toujours l\u00e0\u00a0\u00bb, conclut-elle.<\/p>\n","protected":false},"excerpt":{"rendered":"Le 31 d\u00e9cembre, c\u2019est fini. L\u2019association La Seyne de l\u2019espoir s\u2019arr\u00eatera au terme de vingt ans d\u2019une intense&hellip;\n","protected":false},"author":2,"featured_media":577087,"comment_status":"","ping_status":"","sticky":false,"template":"","format":"standard","meta":{"footnotes":""},"categories":[9619],"tags":[1111,11,1777,674,1011,27,12,882,25,2310],"class_list":{"0":"post-577086","1":"post","2":"type-post","3":"status-publish","4":"format-standard","5":"has-post-thumbnail","7":"category-toulon","8":"tag-actu","9":"tag-actualites","10":"tag-eu","11":"tag-europe","12":"tag-fr","13":"tag-france","14":"tag-news","15":"tag-provence-alpes-cote-dazur","16":"tag-republique-francaise","17":"tag-toulon"},"share_on_mastodon":{"url":"https:\/\/pubeurope.com\/@fr\/115660220993052020","error":""},"_links":{"self":[{"href":"https:\/\/www.europesays.com\/fr\/wp-json\/wp\/v2\/posts\/577086","targetHints":{"allow":["GET"]}}],"collection":[{"href":"https:\/\/www.europesays.com\/fr\/wp-json\/wp\/v2\/posts"}],"about":[{"href":"https:\/\/www.europesays.com\/fr\/wp-json\/wp\/v2\/types\/post"}],"author":[{"embeddable":true,"href":"https:\/\/www.europesays.com\/fr\/wp-json\/wp\/v2\/users\/2"}],"replies":[{"embeddable":true,"href":"https:\/\/www.europesays.com\/fr\/wp-json\/wp\/v2\/comments?post=577086"}],"version-history":[{"count":0,"href":"https:\/\/www.europesays.com\/fr\/wp-json\/wp\/v2\/posts\/577086\/revisions"}],"wp:featuredmedia":[{"embeddable":true,"href":"https:\/\/www.europesays.com\/fr\/wp-json\/wp\/v2\/media\/577087"}],"wp:attachment":[{"href":"https:\/\/www.europesays.com\/fr\/wp-json\/wp\/v2\/media?parent=577086"}],"wp:term":[{"taxonomy":"category","embeddable":true,"href":"https:\/\/www.europesays.com\/fr\/wp-json\/wp\/v2\/categories?post=577086"},{"taxonomy":"post_tag","embeddable":true,"href":"https:\/\/www.europesays.com\/fr\/wp-json\/wp\/v2\/tags?post=577086"}],"curies":[{"name":"wp","href":"https:\/\/api.w.org\/{rel}","templated":true}]}}