{"id":577088,"date":"2025-12-04T07:54:13","date_gmt":"2025-12-04T07:54:13","guid":{"rendered":"https:\/\/www.europesays.com\/fr\/577088\/"},"modified":"2025-12-04T07:54:13","modified_gmt":"2025-12-04T07:54:13","slug":"bhns-dans-le-var-lancement-des-travaux-entre-ollioules-et-toulon","status":"publish","type":"post","link":"https:\/\/www.europesays.com\/fr\/577088\/","title":{"rendered":"BHNS dans le Var : lancement des travaux entre Ollioules et Toulon"},"content":{"rendered":"<p>Le chantier du BHNS a \u00e9t\u00e9 officiellement lanc\u00e9 \u00e0 Ollioules, marquant le d\u00e9but d\u2019un projet essentiel pour la mobilit\u00e9 dans la m\u00e9tropole toulonnaise.<\/p>\n<p><img fetchpriority=\"high\" decoding=\"async\" width=\"1024\" height=\"683\" alt=\"lancement BNHS Ollioules\" title=\"lancement BNHS Ollioules\" src=\"https:\/\/www.europesays.com\/fr\/wp-content\/uploads\/2025\/12\/lancement-BNHS-ollioules.jpg\" class=\"img-responsive wp-image-80796\"\/><\/p>\n<p>Lancement des travaux du BHNS entre Ollioules et Toulon \u2013 CREDIT : Pr\u00e9fet du Var<\/p>\n<p>Un chantier majeur lanc\u00e9 \u00e0 Ollioules<\/p>\n<p>Le lancement officiel des travaux du <strong>Bus \u00e0 Haut Niveau de Service (BHNS)<\/strong> de la m\u00e9tropole Toulon Provence M\u00e9diterran\u00e9e a \u00e9t\u00e9 donn\u00e9 ce jour \u00e0 Ollioules. Une premi\u00e8re \u00e9tape d\u00e9terminante pour ce vaste projet de mobilit\u00e9, annonc\u00e9e par le pr\u00e9fet du Var. Cette phase initiale concerne le tron\u00e7on reliant la Technopole de la Mer \u00e0 Ollioules jusqu\u2019\u00e0 Bir Hakeim \u00e0 Toulon, pour une mise en service pr\u00e9vue d\u00e9but 2029.<\/p>\n<p>Un projet structurant soutenu par l\u2019\u00c9tat<\/p>\n<p>L\u2019\u00c9tat accompagne fortement ce chantier d\u2019envergure, avec un financement de <strong>40 millions d\u2019euros<\/strong>. Un engagement qui s\u2019ajoute aux <strong>347 millions d\u2019euros d\u00e9di\u00e9s \u00e0 la Ligne Nouvelle Provence C\u00f4te d\u2019Azur (LNPCA)<\/strong>. Ce soutien confirme la volont\u00e9 nationale de moderniser les infrastructures de transport dans le Var et d\u2019am\u00e9liorer les d\u00e9placements quotidiens des habitants.<\/p>\n<p>Une offre de transport plus large et mieux connect\u00e9e<\/p>\n<p>Le BHNS s\u2019inscrit dans une politique m\u00e9tropolitaine visant \u00e0 renforcer la compl\u00e9mentarit\u00e9 des diff\u00e9rents modes de transport. Le \u2026<\/p>\n<p>Lire la suite dans l\u2019article <a href=\"https:\/\/www.varactu.fr\/bhns-dans-le-var-lancement-des-travaux-entre-ollioules-et-toulon\/\" target=\"_blank\" rel=\"noopener\">BHNS dans le Var : lancement des travaux entre Ollioules et Toulon<\/a> qui est apparu en premier sur <a href=\"https:\/\/www.varactu.fr\/\" target=\"_blank\" rel=\"noopener\">Var Actu<\/a>.<\/p>\n","protected":false},"excerpt":{"rendered":"Le chantier du BHNS a \u00e9t\u00e9 officiellement lanc\u00e9 \u00e0 Ollioules, marquant le d\u00e9but d\u2019un projet essentiel pour la&hellip;\n","protected":false},"author":2,"featured_media":577089,"comment_status":"","ping_status":"","sticky":false,"template":"","format":"standard","meta":{"footnotes":""},"categories":[9619],"tags":[1111,11,1777,674,1011,27,12,882,25,2310],"class_list":{"0":"post-577088","1":"post","2":"type-post","3":"status-publish","4":"format-standard","5":"has-post-thumbnail","7":"category-toulon","8":"tag-actu","9":"tag-actualites","10":"tag-eu","11":"tag-europe","12":"tag-fr","13":"tag-france","14":"tag-news","15":"tag-provence-alpes-cote-dazur","16":"tag-republique-francaise","17":"tag-toulon"},"share_on_mastodon":{"url":"https:\/\/pubeurope.com\/@fr\/115660225110943956","error":""},"_links":{"self":[{"href":"https:\/\/www.europesays.com\/fr\/wp-json\/wp\/v2\/posts\/577088","targetHints":{"allow":["GET"]}}],"collection":[{"href":"https:\/\/www.europesays.com\/fr\/wp-json\/wp\/v2\/posts"}],"about":[{"href":"https:\/\/www.europesays.com\/fr\/wp-json\/wp\/v2\/types\/post"}],"author":[{"embeddable":true,"href":"https:\/\/www.europesays.com\/fr\/wp-json\/wp\/v2\/users\/2"}],"replies":[{"embeddable":true,"href":"https:\/\/www.europesays.com\/fr\/wp-json\/wp\/v2\/comments?post=577088"}],"version-history":[{"count":0,"href":"https:\/\/www.europesays.com\/fr\/wp-json\/wp\/v2\/posts\/577088\/revisions"}],"wp:featuredmedia":[{"embeddable":true,"href":"https:\/\/www.europesays.com\/fr\/wp-json\/wp\/v2\/media\/577089"}],"wp:attachment":[{"href":"https:\/\/www.europesays.com\/fr\/wp-json\/wp\/v2\/media?parent=577088"}],"wp:term":[{"taxonomy":"category","embeddable":true,"href":"https:\/\/www.europesays.com\/fr\/wp-json\/wp\/v2\/categories?post=577088"},{"taxonomy":"post_tag","embeddable":true,"href":"https:\/\/www.europesays.com\/fr\/wp-json\/wp\/v2\/tags?post=577088"}],"curies":[{"name":"wp","href":"https:\/\/api.w.org\/{rel}","templated":true}]}}