{"id":577090,"date":"2025-12-04T07:55:11","date_gmt":"2025-12-04T07:55:11","guid":{"rendered":"https:\/\/www.europesays.com\/fr\/577090\/"},"modified":"2025-12-04T07:55:11","modified_gmt":"2025-12-04T07:55:11","slug":"sortir-a-montpellier-noel-au-sommet-braderie-m-pokora-des-idees-pour-ce-vendredi-5-decembre","status":"publish","type":"post","link":"https:\/\/www.europesays.com\/fr\/577090\/","title":{"rendered":"Sortir \u00e0 Montpellier\u00a0: No\u00ebl au sommet, braderie, M.\u00a0Pokora\u2026 des id\u00e9es pour ce vendredi 5\u00a0d\u00e9cembre"},"content":{"rendered":"<p>\n                                                                \u00ab\u00a0Super\u00a0\u00bb March\u00e9 de No\u00ebl \u00e0 la 411 Galerie, braderie solidaire \u00e0 Palavas, vin chaud sur l\u2019arc de triomphe, M.\u00a0Pokora \u00e0 l\u2019Arena ou\u00a0Drag show \u00e0 la Halle Tropisme.\n                            <\/p>\n<p>D\u00e9couvrez notre s\u00e9lection de sorties pour ce vendredi 5\u00a0d\u00e9cembre du c\u00f4t\u00e9 de <a href=\"https:\/\/www.midilibre.fr\/herault\/montpellier\/\" target=\"_blank\" rel=\"noopener\">Montpellier <\/a>et faites le plein d\u2019id\u00e9es avec notre<a href=\"https:\/\/www.midilibre.fr\/agenda\/?path=&amp;q=&amp;where=herault%3Amontpellier&amp;insee=34172&amp;from=2025-12-05&amp;to=2025-12-05&amp;agendapg=18#4087801\" target=\"_blank\" rel=\"noopener\"> agenda en ligne<\/a>.<\/p>\n<p>\u00ab\u00a0Super\u00a0\u00bb March\u00e9 de No\u00ebl<\/p>\n<blockquote data-instgrm-captioned=\"\" data-instgrm-permalink=\"https:\/\/www.instagram.com\/p\/DQwLl6dCOMG\/?utm_source=ig_embed&amp;utm_campaign=loading\" data-instgrm-version=\"14\" style=\" background:#FFF; border:0; border-radius:3px; box-shadow:0 0 1px 0 rgba(0,0,0,0.5),0 1px 10px 0 rgba(0,0,0,0.15); margin: 1px; max-width:540px; min-width:326px; padding:0; width:99.375%; width:-webkit-calc(100% - 2px); width:calc(100% - 2px);\" data-class=\"instagram-media\"\/>\n<p><strong>Exposition.<\/strong> Plus de soixante artistes locaux pr\u00e9senteront leurs \u0153uvres\u00a0: peintures, photographies, illustrations, c\u00e9ramiques, s\u00e9rigraphies, tirages d\u2019art et bien d\u2019autres formes d\u2019expression. Des animations viendront \u00e9galement ponctuer toute la dur\u00e9e de l\u2019exposition.<\/p>\n<p>&gt;\u00a0Du\u00a0mardi au\u00a0samedi jusqu\u2019au\u00a010\u00a0janvier de <strong>14\u00a0h \u00e0 18\u00a0heures<\/strong> \u00e0 la\u00a0411 Galerie, 19, avenue Georges Clemenceau \u00e0 <a href=\"https:\/\/www.midilibre.fr\/herault\/montpellier\/\" target=\"_blank\" rel=\"noopener\">Montpellier<\/a>. Entr\u00e9e libre.<\/p>\n<p>Braderie solidaire<\/p>\n<p><strong>Chine.<\/strong>\u00a0Les b\u00e9n\u00e9voles de l\u2019association <a href=\"https:\/\/www.facebook.com\/espoirenfantherault\/?locale=fr_FR\" target=\"_blank\" rel=\"noopener\">Espoir pour un enfant<\/a> proposent de bonnes affaires\u00a0: v\u00eatements, linge de maison, bijoux\u2026<\/p>\n<p>&gt;\u00a0Ce\u00a0vendredi 5\u00a0d\u00e9cembre de <strong>15\u00a0h \u00e0 18\u00a0heures<\/strong>, samedi\u00a06 de 9\u00a0h\u00a0\u00e0 18\u00a0heures et dimanche 7\u00a0d\u00e9cembre de 9\u00a0h\u00a0\u00e0 17\u00a0heures \u00e0 la salle des f\u00eates de <a href=\"https:\/\/www.midilibre.fr\/herault\/palavas-les-flots\/\" target=\"_blank\" rel=\"noopener\">Palavas-les-Flots<\/a>.<\/p>\n<p>\u200bNo\u00ebl au sommet\u00a0: vin chaud sur l\u2019arc de triomphe<\/p>\n<p><strong>Patrimoine.<\/strong>\u00a0Au sommet de l\u2019arc de triomphe, votre guide vous racontera Montpellier tandis que vous pourrez savourer un verre de vin chaud. Sur r\u00e9servation.<\/p>\n<p>&gt;\u00a0Ce vendredi 5\u00a0d\u00e9cembre de <strong>18\u00a0h\u00a030 \u00e0 19\u00a0h\u00a015<\/strong> et de <strong>19\u00a0h\u00a045 \u00e0 20\u00a0h\u00a030<\/strong>, \u00e0 l\u2019arc de triomphe, avenue Foch \u00e0 <a href=\"https:\/\/www.midilibre.fr\/herault\/montpellier\/\" target=\"_blank\" rel=\"noopener\">Montpellier<\/a>. Tarif unique 12\u00a0\u20ac, r\u00e9servation obligatoire aupr\u00e8s de l\u2019<a href=\"https:\/\/www.montpellier-tourisme.fr\/\" target=\"_blank\" rel=\"noopener\">office de tourisme de Montpellier<\/a>. Contact au 04\u00a067\u00a060\u00a060\u00a060.<\/p>\n<p>M.\u00a0Pokora, \u00ab\u00a0Adr\u00e9naline tour\u00a0\u00bb<\/p>\n<p><strong>Concert.<\/strong> Un nouveau spectacle accompagn\u00e9 d\u2019une sc\u00e9nographie imagin\u00e9e pour cr\u00e9er un moment de partage\u00a0avec le public. Matt Pokora ne cesse de repousser les limites de la mise en sc\u00e8ne et sera entour\u00e9 de ses danseurs et musiciens.<\/p>\n<p>&gt;\u00a0Ce vendredi 5\u00a0d\u00e9cembre \u00e0 <strong>20\u00a0heures<\/strong> \u00e0 la\u00a0<a href=\"https:\/\/www.suddefrance-arena.com\/event\/m-pokora-3\/\" target=\"_blank\" rel=\"noopener\">Sud de France Arena<\/a>, route de la Foire \u00e0 P\u00e9rols. De 65\u00a0\u20ac \u00e0 95\u00a0\u20ac.<\/p>\n<p>Drag show<\/p>\n<p><strong>2030 Festival.<\/strong> Drag Shows par Dragnini et DJ sets qui enflammeront la sc\u00e8ne de Tropisme, donnant la parole aussi bien \u00e0 des artistes \u00e9mergent\u00b7es qu\u2019\u00e0 des drags confirm\u00e9\u00b7es. Une soir\u00e9e pour \u00ab\u00a0affirmer l\u2019importance d\u2019un Montpellier de demain plus beau, plus libre et plus inclusif\u00a0\u00bb. Puis\u00a0concert de Kiddy Smile\u00a0: il se tient l\u00e0 o\u00f9 le rythme rencontre la r\u00e9sistance. Ancr\u00e9 dans la house de Chicago et la culture ballroom, son son est \u00e0 la fois physique et politique.<\/p>\n<p>&gt;\u00a0Ce\u00a0vendredi 5\u00a0d\u00e9cembre 2025 \u00e0<strong> 20\u00a0heures<\/strong>\u00a0\u00e0 la\u00a0<a href=\"https:\/\/www.tropisme.coop\/\" target=\"_blank\" rel=\"noopener\">Halle Tropisme<\/a>, 121 rue Fontcouverte \u00e0 <a href=\"https:\/\/www.midilibre.fr\/herault\/montpellier\/\" target=\"_blank\" rel=\"noopener\">Montpellier<\/a>. <a href=\"https:\/\/www.wecheers.app\/event\/e3863fcf-24f2-488d-9090-c6f330832007\" target=\"_blank\" rel=\"noopener\">Billetterie<\/a>\u00a0: tarif normal 16\u00a0\u20ac, last call 18\u00a0\u20ac. Contact au\u00a004\u00a067\u00a004\u00a008\u00a010.<\/p>\n<p>                                                                                                                                                                                                        <script async src=\"\/\/www.instagram.com\/embed.js\"><\/script><\/p>\n","protected":false},"excerpt":{"rendered":"\u00ab\u00a0Super\u00a0\u00bb March\u00e9 de No\u00ebl \u00e0 la 411 Galerie, braderie solidaire \u00e0 Palavas, vin chaud sur l\u2019arc de triomphe,&hellip;\n","protected":false},"author":2,"featured_media":577091,"comment_status":"","ping_status":"","sticky":false,"template":"","format":"standard","meta":{"footnotes":""},"categories":[9599],"tags":[1111,11,872,1777,674,1011,27,7089,2208,12,2680,25],"class_list":{"0":"post-577090","1":"post","2":"type-post","3":"status-publish","4":"format-standard","5":"has-post-thumbnail","7":"category-montpellier","8":"tag-actu","9":"tag-actualites","10":"tag-culture-et-loisirs","11":"tag-eu","12":"tag-europe","13":"tag-fr","14":"tag-france","15":"tag-herault","16":"tag-montpellier","17":"tag-news","18":"tag-occitanie","19":"tag-republique-francaise"},"share_on_mastodon":{"url":"https:\/\/pubeurope.com\/@fr\/115660228074977173","error":""},"_links":{"self":[{"href":"https:\/\/www.europesays.com\/fr\/wp-json\/wp\/v2\/posts\/577090","targetHints":{"allow":["GET"]}}],"collection":[{"href":"https:\/\/www.europesays.com\/fr\/wp-json\/wp\/v2\/posts"}],"about":[{"href":"https:\/\/www.europesays.com\/fr\/wp-json\/wp\/v2\/types\/post"}],"author":[{"embeddable":true,"href":"https:\/\/www.europesays.com\/fr\/wp-json\/wp\/v2\/users\/2"}],"replies":[{"embeddable":true,"href":"https:\/\/www.europesays.com\/fr\/wp-json\/wp\/v2\/comments?post=577090"}],"version-history":[{"count":0,"href":"https:\/\/www.europesays.com\/fr\/wp-json\/wp\/v2\/posts\/577090\/revisions"}],"wp:featuredmedia":[{"embeddable":true,"href":"https:\/\/www.europesays.com\/fr\/wp-json\/wp\/v2\/media\/577091"}],"wp:attachment":[{"href":"https:\/\/www.europesays.com\/fr\/wp-json\/wp\/v2\/media?parent=577090"}],"wp:term":[{"taxonomy":"category","embeddable":true,"href":"https:\/\/www.europesays.com\/fr\/wp-json\/wp\/v2\/categories?post=577090"},{"taxonomy":"post_tag","embeddable":true,"href":"https:\/\/www.europesays.com\/fr\/wp-json\/wp\/v2\/tags?post=577090"}],"curies":[{"name":"wp","href":"https:\/\/api.w.org\/{rel}","templated":true}]}}