{"id":577094,"date":"2025-12-04T07:57:12","date_gmt":"2025-12-04T07:57:12","guid":{"rendered":"https:\/\/www.europesays.com\/fr\/577094\/"},"modified":"2025-12-04T07:57:12","modified_gmt":"2025-12-04T07:57:12","slug":"jai-teste-pour-vous-le-parcours-velo-entre-le-centre-ville-et-les-hauts-de-rouen","status":"publish","type":"post","link":"https:\/\/www.europesays.com\/fr\/577094\/","title":{"rendered":"J&rsquo;ai test\u00e9 pour vous le parcours v\u00e9lo entre le centre-ville et les Hauts de Rouen"},"content":{"rendered":"<p>                    Par<br \/>\n        <strong><br \/>\n            <a href=\"https:\/\/actu.fr\/auteur\/fmass\" title=\"Consulter tous les articles de Fabien Massin\" target=\"_blank\" rel=\"noopener\">Fabien Massin<\/a><br \/>\n                    <\/strong><\/p>\n<p>        Publi\u00e9 le<\/p>\n<p>            4 d\u00e9c. 2025 \u00e0 8h24        <\/p>\n<p>Destination les <a href=\"https:\/\/actu.fr\/tag\/hauts-de-rouen\" target=\"_blank\" rel=\"noopener\">Hauts de Rouen<\/a> \u00e0 v\u00e9lo, et \u00ab\u2009sans peine\u2009\u00bb, nous est-il promis. Dans cet esprit, la Ville a balis\u00e9 un parcours* allant du centre-ville aux Hauts de Rouen, via une s\u00e9rie de panneaux directionnels. \u00ab\u2009Sans peine\u2009\u00bb\u2009? Il est vrai qu\u2019en passant par la route de Neufch\u00e2tel ou par la c\u00f4te du monumental (avenue Georges-M\u00e9tayer), la pente est raide. Alors pour rejoindre les quartiers du <strong>Ch\u00e2telet, Grand\u2019Mare, Lombardie ou des Sapins<\/strong>, un parcours alternatif (et m\u00e9connu) d\u2019environ une demi-heure est propos\u00e9. On l\u2019a test\u00e9 pour vous.<\/p>\n<p>Promenade bucolique le long du Robec<\/p>\n<p class=\" wall-content\">Deux points de d\u00e9part sont possibles, <strong>place Saint-Marc et place Saint-Vivien<\/strong>, je choisis le second. De toute fa\u00e7on, ils se rejoignent rapidement. Le long de la rue Saint-Vivien, \u00e0 l\u2019angle de l\u2019avenue de la Porte-des-Champs, on trouve le premier panneau, ainsi que le QR code donnant acc\u00e8s au parcours sur son smartphone. C\u2019est parti pour quelques kilom\u00e8tres de promenade urbaine \u00e0 v\u00e9lo (\u00e0 assistance \u00e9lectrique, je pr\u00e9cise).<\/p>\n<p class=\" wall-content\">On passe tout d\u2019abord par la place de la Croix-de-Pierre et la rue Saint-Hilaire,<a href=\"https:\/\/actu.fr\/normandie\/rouen_76540\/comment-va-le-commerce-rue-saint-hilaire-a-rouen-un-potentiel-interessant-dans-un-quartier-en-mutation_62761190.html\" target=\"_blank\" rel=\"noopener\"> sympathique quartier en mutation<\/a>. Apr\u00e8s la place Saint-Hilaire on s\u2019engage route de Darn\u00e9tal, mais tr\u00e8s rapidement on bifurque vers la rue des Petites-Eaux-de-Robec. L\u00e0 d\u00e9marre une partie de parcours <strong>particuli\u00e8rement bucolique, le long de la rivi\u00e8re<\/strong>, sur ce que l\u2019on appelle la route des moulins, o\u00f9 se trouvaient auparavant des dizaines de moulins utilisant la force hydraulique pour l\u2019activit\u00e9 \u00e9conomique, notamment textile. On longe \u00e9galement un<a href=\"https:\/\/actu.fr\/normandie\/rouen_76540\/regle-des-dix-kilometres-pendant-le-confinement-ou-pique-niquer-a-rouen-et-ses-alentours_40519425.html\" target=\"_blank\" rel=\"noopener\"> jardin partag\u00e9 et une zone humide<\/a>.<\/p>\n<p class=\" wall-content\">Arriv\u00e9 rue de la Petite-Chartreuse, on revient route de Darn\u00e9tal, que l\u2019on traverse pour s\u2019engager dans la rue Grieu. Le quartier est paisible, nous sommes dans une zone o\u00f9 <strong>la circulation est limit\u00e9e \u00e0 30\u00a0km\/h. <\/strong>On roule tranquillement et cela monte de mani\u00e8re progressive, sans pic. Au bout de la rue, c\u2019est une impasse pour les voitures, mais pas pour les cyclistes et les pi\u00e9tons.<\/p>\n<p>Des am\u00e9nagements cyclables en cours<\/p>\n<p class=\" wall-content\">\u00c0 cet endroit d\u00e9marre <strong>l\u2019avenue des Quatre-Cantons<\/strong>, o\u00f9 se trouve le lyc\u00e9e Grieu. Sur cette portion, une piste cyclable bidirectionnelle est en cours d\u2019am\u00e9nagement, dans le cadre d\u2019une red\u00e9finition globale de la voirie. Cette derni\u00e8re partie du parcours est celle o\u00f9 la pente est la plus forte, et elle d\u00e9bouche sur l\u2019avenue de la Grand\u2019Mare.<\/p>\n<p class=\" wall-content\">Ici <strong>il faut redoubler de prudence<\/strong> car on arrive sur un axe \u00e0 trois voies o\u00f9 les voitures sont reines. Mais l\u2019avenue \u00ab\u2009fera l\u2019objet d\u2019une requalification incluant une piste cyclable\u2009\u00bb, pr\u00e9cise la Ville de Rouen. Au bout de quelques m\u00e8tres, on revient en ville, nous voici arriv\u00e9s sur les Hauts de Rouen, aux portes du <a href=\"https:\/\/actu.fr\/normandie\/rouen_76540\/reconstruction-du-centre-commercial-du-chatelet-a-rouen-un-immeuble-bientot-detruit_61856687.html\" target=\"_blank\" rel=\"noopener\">quartier du Ch\u00e2telet<\/a> d\u2019un c\u00f4t\u00e9 et celui des Sapins de l\u2019autre.<\/p>\n<p>Votre r\u00e9gion, votre actu !<\/p>\n<p>Recevez chaque jour les infos qui comptent pour vous.<\/p>\n<p>\t<a href=\"https:\/\/actu.fr\/newsletter\" class=\"ac-btn ac-btn--corner ac-btn--medium ac-btn--blue800\" target=\"_blank\" rel=\"noopener\">S&rsquo;incrire<\/a><\/p>\n<p class=\" wall-content\">Au final, voici un parcours agr\u00e9able et o\u00f9 effectivement on acc\u00e8de aux Hauts de Rouen par des rues o\u00f9<strong> la pente est somme toute mod\u00e9r\u00e9e<\/strong>. Vivement que les pistes cyclables \u00e0 venir avenue des Quatre-Cantons et avenue de la Grand\u2019Mare soient r\u00e9alis\u00e9es pour achever le tout.<\/p>\n<p class=\" wall-content\">*\u00ab\u2009Ce projet, laur\u00e9at du Budget Participatif Citoyen 2023, a \u00e9t\u00e9 port\u00e9 par l\u2019atelier de quartier, avec l\u2019implication de nombreux habitants et associations locales, notamment cyclistes\u2009\u00bb, informe la Ville de Rouen.<\/p>\n<p>Suivez l\u2019actualit\u00e9 de Rouen sur notre <a href=\"https:\/\/www.whatsapp.com\/channel\/0029VaKfnf99hXF2ddApFB1D\" target=\"_blank\" rel=\"noopener\">cha\u00eene WhatsApp<\/a> et sur notre <a href=\"https:\/\/www.tiktok.com\/@76actu.fr?lang=fr\" target=\"_blank\" rel=\"noopener\">compte TikTok<\/a><\/p>\n<p class=\" wall-content\">Personnalisez votre actualit\u00e9 en ajoutant vos villes et m\u00e9dias en favori avec <a href=\"https:\/\/moncompte.actu.fr\" title=\"D\u00e9couvez Mon Actu\" rel=\"nofollow noopener\" data-trk=\"{&quot;cta&quot;:{&quot;action&quot;:&quot;https:\\\/\\\/moncompte.actu.fr&quot;,&quot;category&quot;:&quot;mon compte&quot;,&quot;from&quot;:&quot;article footer&quot;,&quot;name&quot;:&quot;Mon actu&quot;,&quot;type&quot;:&quot;cta&quot;}}\" target=\"_blank\">Mon Actu<\/a>.<\/p>\n<p>                    <script async src=\"\/\/www.tiktok.com\/embed.js\"><\/script><\/p>\n","protected":false},"excerpt":{"rendered":"Par Fabien Massin Publi\u00e9 le 4 d\u00e9c. 2025 \u00e0 8h24 Destination les Hauts de Rouen \u00e0 v\u00e9lo, et&hellip;\n","protected":false},"author":2,"featured_media":577095,"comment_status":"","ping_status":"","sticky":false,"template":"","format":"standard","meta":{"footnotes":""},"categories":[9587],"tags":[1111,11,1777,674,1011,27,12028,1652,12,5161,25,9590,1352,3459],"class_list":{"0":"post-577094","1":"post","2":"type-post","3":"status-publish","4":"format-standard","5":"has-post-thumbnail","7":"category-rouen","8":"tag-actu","9":"tag-actualites","10":"tag-eu","11":"tag-europe","12":"tag-fr","13":"tag-france","14":"tag-hauts-de-rouen","15":"tag-loisirs-culture","16":"tag-news","17":"tag-normandie","18":"tag-republique-francaise","19":"tag-rouen","20":"tag-urbanisme","21":"tag-velo-electrique"},"share_on_mastodon":{"url":"https:\/\/pubeurope.com\/@fr\/115660236428190222","error":""},"_links":{"self":[{"href":"https:\/\/www.europesays.com\/fr\/wp-json\/wp\/v2\/posts\/577094","targetHints":{"allow":["GET"]}}],"collection":[{"href":"https:\/\/www.europesays.com\/fr\/wp-json\/wp\/v2\/posts"}],"about":[{"href":"https:\/\/www.europesays.com\/fr\/wp-json\/wp\/v2\/types\/post"}],"author":[{"embeddable":true,"href":"https:\/\/www.europesays.com\/fr\/wp-json\/wp\/v2\/users\/2"}],"replies":[{"embeddable":true,"href":"https:\/\/www.europesays.com\/fr\/wp-json\/wp\/v2\/comments?post=577094"}],"version-history":[{"count":0,"href":"https:\/\/www.europesays.com\/fr\/wp-json\/wp\/v2\/posts\/577094\/revisions"}],"wp:featuredmedia":[{"embeddable":true,"href":"https:\/\/www.europesays.com\/fr\/wp-json\/wp\/v2\/media\/577095"}],"wp:attachment":[{"href":"https:\/\/www.europesays.com\/fr\/wp-json\/wp\/v2\/media?parent=577094"}],"wp:term":[{"taxonomy":"category","embeddable":true,"href":"https:\/\/www.europesays.com\/fr\/wp-json\/wp\/v2\/categories?post=577094"},{"taxonomy":"post_tag","embeddable":true,"href":"https:\/\/www.europesays.com\/fr\/wp-json\/wp\/v2\/tags?post=577094"}],"curies":[{"name":"wp","href":"https:\/\/api.w.org\/{rel}","templated":true}]}}