{"id":577125,"date":"2025-12-04T08:14:11","date_gmt":"2025-12-04T08:14:11","guid":{"rendered":"https:\/\/www.europesays.com\/fr\/577125\/"},"modified":"2025-12-04T08:14:11","modified_gmt":"2025-12-04T08:14:11","slug":"hellemmes-un-joli-spectacle-gratuit-dans-un-parc-illumine-ce-vendredi-pour-la-saint-nicolas","status":"publish","type":"post","link":"https:\/\/www.europesays.com\/fr\/577125\/","title":{"rendered":"Hellemmes. Un joli spectacle gratuit dans un parc illumin\u00e9 ce vendredi pour la Saint-Nicolas"},"content":{"rendered":"<p>                    Par<br \/>\n        <strong><br \/>\n            <a href=\"https:\/\/actu.fr\/auteur\/nicolas-demollien\" title=\"Consulter tous les articles de Nicolas Demollien\" target=\"_blank\" rel=\"noopener\">Nicolas Demollien<\/a><br \/>\n                    <\/strong><\/p>\n<p>        Publi\u00e9 le<\/p>\n<p>            4 d\u00e9c. 2025 \u00e0 8h16        <\/p>\n<p>C\u2019est un moment coch\u00e9 de longue date pour de nombreux habitants d\u2019<a href=\"https:\/\/actu.fr\/tag\/hellemes\" target=\"_blank\" rel=\"noopener\">Hellemmes<\/a>. Ce vendredi 5 d\u00e9cembre 2025, la ville associ\u00e9e \u00e0 <a href=\"https:\/\/actu.fr\/hauts-de-france\/lille_59350\" target=\"_blank\" rel=\"noopener\">Lille<\/a> (Nord) organise ses <b>traditionnelles festivit\u00e9s<\/b> autour de la <a href=\"https:\/\/actu.fr\/hauts-de-france\/lille_59350\" target=\"_blank\" rel=\"noopener\">Saint-Nicolas<\/a> dans le <b>parc Fran\u00e7ois Mitterrand<\/b>. Et les <b>animations gratuites<\/b> sont nombreuses !<\/p>\n<p>Ambiance festive et enchant\u00e9e \u00e0 Hellemmes ce vendredi 5 d\u00e9cembre<\/p>\n<p class=\" wall-content\">Les festivit\u00e9s d\u00e9buteront d\u00e8s 17h30 dans un parc \u00ab\u00a0o\u00f9 <b>chaque recoin sera rempli de surprises et de merveilles<\/b>\u00ab\u00a0, promet la Ville. L\u2019accueil se fera en musique avec\u00a0Alexandre Desrumaux et ses <b>mascottes<\/b> devant la mairie. \u00c0 partir de 18h, Saint-Nicolas entamera sa<b> descente de l\u2019h\u00f4tel de ville<\/b> et <b>distribuera des bonbons<\/b> \u00e0 tous les enfants pr\u00e9sents.<\/p>\n<p class=\" wall-content\">Le fameux lancement des <b>illuminations<\/b> du parc se fera \u00e0 partir de 18h45 et les animations s\u2019encha\u00eeneront jusqu\u2019\u00e0 20h30 avec une balade f\u00e9\u00e9rique et de nombreuses animations.<\/p>\n<p class=\" wall-content\">Escort\u00e9s par les<b> Lapons \u00c9chassiers<\/b> de <a href=\"https:\/\/actu.fr\/tag\/noel\" target=\"_blank\" rel=\"noopener\">No\u00ebl<\/a>, vous pourrez ainsi d\u00e9ambuler au milieu des bulles g\u00e9antes d\u2019une magicienne au son d\u2019un orgue de barbarie. L\u2019occasion aussi de profiter des <b>nombreux arbres remarquables<\/b> qui habitent les lieux et qui seront <b>drap\u00e9s de lumi\u00e8re<\/b> pour l\u2019occasion. Enfin, un <b>myst\u00e9rieux lutin conteur<\/b> vous fera voyager par les mots.<\/p>\n<p class=\" wall-content\">Vous l\u2019aurez compris, un joli moment pour les petits comme pour les grands.<\/p>\n<p>    <a href=\"https:\/\/www.facebook.com\/plugins\/post.php?href=https%3A%2F%2Fwww.facebook.com%2Fcommunehellemmes%2Fposts%2Fpfbid0QHQPRBXJyMFHwhb9imPBPogbyBHGgofHnoHkAnTt9Htkikp3u14aY5X5Q57cdecHl&amp;show_text=true&amp;width=350\" title=\"Ouvrie le lien\" target=\"_blank\" rel=\"noopener\">Cliquez ici pour visualiser le contenu<\/a><\/p>\n<p class=\" wall-content\">Plus d\u2019infos sur le site <a href=\"https:\/\/www.hellemmes.fr\/Actualites\/Noel-a-Hellemmes-du-5-12-au-4-1\" target=\"_blank\" rel=\"noopener\">hellemmes.fr<\/a><\/p>\n<p class=\" wall-content\">Personnalisez votre actualit\u00e9 en ajoutant vos villes et m\u00e9dias en favori avec <a href=\"https:\/\/moncompte.actu.fr\" title=\"D\u00e9couvez Mon Actu\" rel=\"nofollow noopener\" data-trk=\"{&quot;cta&quot;:{&quot;action&quot;:&quot;https:\\\/\\\/moncompte.actu.fr&quot;,&quot;category&quot;:&quot;mon compte&quot;,&quot;from&quot;:&quot;article footer&quot;,&quot;name&quot;:&quot;Mon actu&quot;,&quot;type&quot;:&quot;cta&quot;}}\" target=\"_blank\">Mon Actu<\/a>.<\/p>\n","protected":false},"excerpt":{"rendered":"Par Nicolas Demollien Publi\u00e9 le 4 d\u00e9c. 2025 \u00e0 8h16 C\u2019est un moment coch\u00e9 de longue date pour&hellip;\n","protected":false},"author":2,"featured_media":577126,"comment_status":"","ping_status":"","sticky":false,"template":"","format":"standard","meta":{"footnotes":""},"categories":[2815],"tags":[1111,11,1777,674,1011,27,811,5782,1307,1652,12,25,14334],"class_list":{"0":"post-577125","1":"post","2":"type-post","3":"status-publish","4":"format-standard","5":"has-post-thumbnail","7":"category-lille","8":"tag-actu","9":"tag-actualites","10":"tag-eu","11":"tag-europe","12":"tag-fr","13":"tag-france","14":"tag-hauts-de-france","15":"tag-hellemmes","16":"tag-lille","17":"tag-loisirs-culture","18":"tag-news","19":"tag-republique-francaise","20":"tag-saint-nicolas"},"share_on_mastodon":{"url":"https:\/\/pubeurope.com\/@fr\/115660303191951787","error":""},"_links":{"self":[{"href":"https:\/\/www.europesays.com\/fr\/wp-json\/wp\/v2\/posts\/577125","targetHints":{"allow":["GET"]}}],"collection":[{"href":"https:\/\/www.europesays.com\/fr\/wp-json\/wp\/v2\/posts"}],"about":[{"href":"https:\/\/www.europesays.com\/fr\/wp-json\/wp\/v2\/types\/post"}],"author":[{"embeddable":true,"href":"https:\/\/www.europesays.com\/fr\/wp-json\/wp\/v2\/users\/2"}],"replies":[{"embeddable":true,"href":"https:\/\/www.europesays.com\/fr\/wp-json\/wp\/v2\/comments?post=577125"}],"version-history":[{"count":0,"href":"https:\/\/www.europesays.com\/fr\/wp-json\/wp\/v2\/posts\/577125\/revisions"}],"wp:featuredmedia":[{"embeddable":true,"href":"https:\/\/www.europesays.com\/fr\/wp-json\/wp\/v2\/media\/577126"}],"wp:attachment":[{"href":"https:\/\/www.europesays.com\/fr\/wp-json\/wp\/v2\/media?parent=577125"}],"wp:term":[{"taxonomy":"category","embeddable":true,"href":"https:\/\/www.europesays.com\/fr\/wp-json\/wp\/v2\/categories?post=577125"},{"taxonomy":"post_tag","embeddable":true,"href":"https:\/\/www.europesays.com\/fr\/wp-json\/wp\/v2\/tags?post=577125"}],"curies":[{"name":"wp","href":"https:\/\/api.w.org\/{rel}","templated":true}]}}