{"id":577410,"date":"2025-12-04T11:16:18","date_gmt":"2025-12-04T11:16:18","guid":{"rendered":"https:\/\/www.europesays.com\/fr\/577410\/"},"modified":"2025-12-04T11:16:18","modified_gmt":"2025-12-04T11:16:18","slug":"asse-mercato-les-verts-ont-deja-identifie-le-remplacant-de-joao-ferreira","status":"publish","type":"post","link":"https:\/\/www.europesays.com\/fr\/577410\/","title":{"rendered":"ASSE Mercato : les Verts ont d\u00e9j\u00e0 identifi\u00e9 le rempla\u00e7ant de Joao Ferreira !\u00a0"},"content":{"rendered":"<p><strong>Conscients des manques de l\u2019ASSE en d\u00e9fense, les recruteurs de l\u2019ASSE ont d\u00e9j\u00e0 identifi\u00e9 un lat\u00e9ral bon march\u00e9 et plein de promesses en Su\u00e8de.<\/strong><\/p>\n<p>\u00c0 moins d\u2019un mois de l\u2019ouverture du mercato, l\u2019ASSE scrute d\u00e9j\u00e0 l\u2019avenir. Selon <a href=\"https:\/\/peuple-vert.fr\/mercato\/asse-piste-moutaz-neffati\/?fsp_sid=32231\" target=\"_blank\" rel=\"noopener\">Africafoot<\/a>, les Verts ont entam\u00e9 des discussions avec l\u2019entourage de Moutaz Neffati, jeune lat\u00e9ral droit tunisien de 21 ans, sous contrat avec l\u2019IFK Norrk\u00f6ping (Su\u00e8de) jusqu\u2019en d\u00e9cembre 2026.\u00a0<\/p>\n<p>R\u00e9v\u00e9lation du championnat su\u00e9dois cette saison malgr\u00e9 la difficile position de son club (14\u1d49 sur 16), Neffati s\u2019est impos\u00e9 comme un joueur vif, tr\u00e8s actif et capable de se projeter rapidement vers l\u2019avant. Ses performances lui ont m\u00eame ouvert les portes de la s\u00e9lection tunisienne, qu\u2019il repr\u00e9sente actuellement \u00e0 la Coupe arabe, o\u00f9 il \u00e9tait titulaire lors de la d\u00e9faite face \u00e0 la Syrie le 1er d\u00e9cembre.<\/p>\n<p><strong>Neffati, une op\u00e9ration d\u2019anticipation<\/strong> pour l\u2019avenir ?\u00a0<\/p>\n<p>Du c\u00f4t\u00e9 de l\u2019<a href=\"https:\/\/www.butfootballclub.fr\/1632256-asse-mercato-kilmer-sports-aura-les-coudees-franches-pour-recruter-en-janvier\/\" target=\"_blank\" rel=\"noopener\">ASSE<\/a>, la piste surprend un peu. Le club avait d\u00e9j\u00e0 recrut\u00e9 Joao Ferreira et Strahinja Stojkovic l\u2019\u00e9t\u00e9 dernier. Ferreira reste titulaire malgr\u00e9 ses difficult\u00e9s r\u00e9centes, Stojkovic est jug\u00e9 encore trop tendre pour peser imm\u00e9diatement. \u00c0 cela s\u2019ajoutent Dennis Appiah et Yvann Ma\u00e7on, pour qui une porte de sortie est activement envisag\u00e9e. Le poste de lat\u00e9ral droit semble donc plut\u00f4t fourni, tandis que le couloir gauche para\u00eet plus fragile, Ebenezer Annan \u00e9tant le seul sp\u00e9cialiste.<\/p>\n<p>Cela laisse penser que le dossier Neffati pourrait davantage \u00eatre une op\u00e9ration d\u2019anticipation pour l\u2019avenir qu\u2019un renfort imm\u00e9diat. Africafoot pr\u00e9cise que d\u2019autres clubs suivent le joueur, comme Ferencv\u00e1ros (Hongrie) ou Pafos FC (Chypre). Si une opportunit\u00e9 se pr\u00e9sente, l\u2019<a href=\"https:\/\/www.butfootballclub.fr\/1632446-asse-mercato-coup-de-tonnerre-kilmer-sport-aurait-revu-ses-plans-pour-stassin\/\" target=\"_blank\" rel=\"noopener\">ASSE<\/a> pourrait se positionner pour s\u00e9curiser ce jeune talent \u00e0 fort potentiel. Pour l\u2019instant, aucun accord n\u2019est conclu et la prudence est de mise. Sous contrat jusqu\u2019en 2026, le joueur de 21 ans est \u00e9valu\u00e9 \u00e0 750 000 euros par le site Transfermarkt.\u00a0<\/p>\n","protected":false},"excerpt":{"rendered":"Conscients des manques de l\u2019ASSE en d\u00e9fense, les recruteurs de l\u2019ASSE ont d\u00e9j\u00e0 identifi\u00e9 un lat\u00e9ral bon march\u00e9&hellip;\n","protected":false},"author":2,"featured_media":577411,"comment_status":"","ping_status":"","sticky":false,"template":"","format":"standard","meta":{"footnotes":""},"categories":[1410],"tags":[11,448,63,1011,27,66,3388,12,60,10662],"class_list":{"0":"post-577410","1":"post","2":"type-post","3":"status-publish","4":"format-standard","5":"has-post-thumbnail","7":"category-football","8":"tag-actualites","9":"tag-champions-league","10":"tag-football","11":"tag-fr","12":"tag-france","13":"tag-ligue-1","14":"tag-matchs","15":"tag-news","16":"tag-sports","17":"tag-transferts"},"share_on_mastodon":{"url":"https:\/\/pubeurope.com\/@fr\/115661018561581861","error":""},"_links":{"self":[{"href":"https:\/\/www.europesays.com\/fr\/wp-json\/wp\/v2\/posts\/577410","targetHints":{"allow":["GET"]}}],"collection":[{"href":"https:\/\/www.europesays.com\/fr\/wp-json\/wp\/v2\/posts"}],"about":[{"href":"https:\/\/www.europesays.com\/fr\/wp-json\/wp\/v2\/types\/post"}],"author":[{"embeddable":true,"href":"https:\/\/www.europesays.com\/fr\/wp-json\/wp\/v2\/users\/2"}],"replies":[{"embeddable":true,"href":"https:\/\/www.europesays.com\/fr\/wp-json\/wp\/v2\/comments?post=577410"}],"version-history":[{"count":0,"href":"https:\/\/www.europesays.com\/fr\/wp-json\/wp\/v2\/posts\/577410\/revisions"}],"wp:featuredmedia":[{"embeddable":true,"href":"https:\/\/www.europesays.com\/fr\/wp-json\/wp\/v2\/media\/577411"}],"wp:attachment":[{"href":"https:\/\/www.europesays.com\/fr\/wp-json\/wp\/v2\/media?parent=577410"}],"wp:term":[{"taxonomy":"category","embeddable":true,"href":"https:\/\/www.europesays.com\/fr\/wp-json\/wp\/v2\/categories?post=577410"},{"taxonomy":"post_tag","embeddable":true,"href":"https:\/\/www.europesays.com\/fr\/wp-json\/wp\/v2\/tags?post=577410"}],"curies":[{"name":"wp","href":"https:\/\/api.w.org\/{rel}","templated":true}]}}