{"id":577500,"date":"2025-12-04T12:07:11","date_gmt":"2025-12-04T12:07:11","guid":{"rendered":"https:\/\/www.europesays.com\/fr\/577500\/"},"modified":"2025-12-04T12:07:11","modified_gmt":"2025-12-04T12:07:11","slug":"un-professeur-de-lycee-en-normandie-juge-pour-avoir-eu-des-relations-sexuelles-avec-trois-de-ses-eleves-mineures","status":"publish","type":"post","link":"https:\/\/www.europesays.com\/fr\/577500\/","title":{"rendered":"Un professeur de lyc\u00e9e en Normandie jug\u00e9 pour avoir eu des relations sexuelles avec trois de ses \u00e9l\u00e8ves mineures"},"content":{"rendered":"<p class=\"paragraph text_align_left lp-f-body-02\">Guillaume Blavette, 54 ans, est un <a href=\"https:\/\/www.leparisien.fr\/essonne-91\/ce-nest-plus-possible-exasperes-par-la-pollution-des-militants-nettoient-eux-memes-les-lacs-de-lessonne-20-11-2025-GNEUBUBCDFHZFKR33TWTCAXI7I.php\" target=\"_self\" rel=\"noopener\">militant<\/a> \u00e9cologiste connu dans la M\u00e9tropole de Rouen. Ce jeudi 4 d\u00e9cembre, il concentre l\u2019attention sur un tout autre sujet : le <a href=\"https:\/\/www.leparisien.fr\/paris-75\/comment-cest-possible-trois-enseignants-de-maternelle-suspendus-dans-des-affaires-dagression-sexuelle-a-paris-06-11-2025-62VUUXO2Q5DLVL3HCALRTQ2W4I.php\" target=\"_self\" rel=\"noopener\">professeur<\/a> d\u2019histoire-g\u00e9ographie s\u2019appr\u00eate \u00e0 \u00eatre jug\u00e9 par le tribunal correctionnel de Rouen pour \u00ab <a href=\"https:\/\/www.leparisien.fr\/societe\/les-violences-sexuelles-en-hausse-de-16-entre-2022-et-2023-seulement-3-des-victimes-portent-plainte-30-10-2025-7U3KU4MVKRAMVC5XG5NE5TKXPI.php\" target=\"_self\" rel=\"noopener\">atteintes sexuelles<\/a> sur un mineur de plus de 15 ans, commises par une personne ayant autorit\u00e9 sur la victime \u00bb, rapporte <a href=\"https:\/\/www.francebleu.fr\/infos\/faits-divers-justice\/un-professeur-de-lycee-juge-a-rouen-pour-avoir-eu-des-relations-sexuelles-avec-trois-de-ses-eleves-mineures-4986061\" target=\"_self\" rel=\"noopener\">France Bleu<\/a>. Trois de ses \u00e9l\u00e8ves, lyc\u00e9ennes au moment des faits, sont concern\u00e9es. La plus \u00e2g\u00e9e a d\u00e9sormais 23 ans, les deux autres ont 17 ans.<\/p>\n<p class=\"paragraph text_align_left lp-f-body-02\">C\u2019est apr\u00e8s avoir \u00e9cout\u00e9 les confidences de sa fille que la m\u00e8re de la troisi\u00e8me victime a port\u00e9 plainte fin septembre. Elle a d\u00e9couvert ce jour-l\u00e0 que l\u2019enseignant devait \u00eatre jug\u00e9 moins de trois semaines plus tard pour des faits identiques sur deux autres jeunes filles, commis entre mars et ao\u00fbt 2019 pour l\u2019une et sur toute l\u2019ann\u00e9e scolaire 2024-2025 pour l\u2019autre.<\/p>\n<p>Le professeur risque une interdiction d\u2019exercer<\/p>\n<p class=\"paragraph text_align_left lp-f-body-02\">Le professeur a \u00e9t\u00e9 d\u2019abord plac\u00e9 sous contr\u00f4le judiciaire jusqu\u2019\u00e0 l\u2019audience, puis finalement conduit en d\u00e9tention provisoire le 16 octobre. Guillaume Blavette risque jusqu\u2019\u00e0 cinq ans de prison et 45 000 euros d\u2019amende. Le quinquag\u00e9naire affirme qu\u2019il s\u2019agissait de v\u00e9ritables histoires d\u2019amour. N\u00e9anmoins, m\u00eame consenties, les relations prof-\u00e9l\u00e8ves sont punies par la loi d\u00e8s lors que la victime n\u2019a pas 18 ans.<\/p>\n<p class=\"paragraph text_align_left lp-f-body-02\">L\u2019enseignant risque une interdiction d\u2019exercer temporaire, voire d\u00e9finitive. Le rectorat l\u2019a d\u00e9j\u00e0 suspendu depuis le 8 janvier.<\/p>\n","protected":false},"excerpt":{"rendered":"Guillaume Blavette, 54 ans, est un militant \u00e9cologiste connu dans la M\u00e9tropole de Rouen. Ce jeudi 4 d\u00e9cembre,&hellip;\n","protected":false},"author":2,"featured_media":577501,"comment_status":"","ping_status":"","sticky":false,"template":"","format":"standard","meta":{"footnotes":""},"categories":[1888],"tags":[1111,1928,11,1927,1777,674,118,1011,27,12,1926,626,1925,25],"class_list":{"0":"post-577500","1":"post","2":"type-post","3":"status-publish","4":"format-standard","5":"has-post-thumbnail","7":"category-paris","8":"tag-actu","9":"tag-actu-paris","10":"tag-actualites","11":"tag-actualites-paris","12":"tag-eu","13":"tag-europe","14":"tag-faits-divers","15":"tag-fr","16":"tag-france","17":"tag-news","18":"tag-news-paris","19":"tag-paris","20":"tag-paris-news","21":"tag-republique-francaise"},"share_on_mastodon":{"url":"https:\/\/pubeurope.com\/@fr\/115661219086593069","error":""},"_links":{"self":[{"href":"https:\/\/www.europesays.com\/fr\/wp-json\/wp\/v2\/posts\/577500","targetHints":{"allow":["GET"]}}],"collection":[{"href":"https:\/\/www.europesays.com\/fr\/wp-json\/wp\/v2\/posts"}],"about":[{"href":"https:\/\/www.europesays.com\/fr\/wp-json\/wp\/v2\/types\/post"}],"author":[{"embeddable":true,"href":"https:\/\/www.europesays.com\/fr\/wp-json\/wp\/v2\/users\/2"}],"replies":[{"embeddable":true,"href":"https:\/\/www.europesays.com\/fr\/wp-json\/wp\/v2\/comments?post=577500"}],"version-history":[{"count":0,"href":"https:\/\/www.europesays.com\/fr\/wp-json\/wp\/v2\/posts\/577500\/revisions"}],"wp:featuredmedia":[{"embeddable":true,"href":"https:\/\/www.europesays.com\/fr\/wp-json\/wp\/v2\/media\/577501"}],"wp:attachment":[{"href":"https:\/\/www.europesays.com\/fr\/wp-json\/wp\/v2\/media?parent=577500"}],"wp:term":[{"taxonomy":"category","embeddable":true,"href":"https:\/\/www.europesays.com\/fr\/wp-json\/wp\/v2\/categories?post=577500"},{"taxonomy":"post_tag","embeddable":true,"href":"https:\/\/www.europesays.com\/fr\/wp-json\/wp\/v2\/tags?post=577500"}],"curies":[{"name":"wp","href":"https:\/\/api.w.org\/{rel}","templated":true}]}}