{"id":577515,"date":"2025-12-04T12:15:26","date_gmt":"2025-12-04T12:15:26","guid":{"rendered":"https:\/\/www.europesays.com\/fr\/577515\/"},"modified":"2025-12-04T12:15:26","modified_gmt":"2025-12-04T12:15:26","slug":"malgre-un-scandale-de-corruption-lallemagne-promet-une-aide-de-100-millions-deuros-a-kiev","status":"publish","type":"post","link":"https:\/\/www.europesays.com\/fr\/577515\/","title":{"rendered":"malgr\u00e9 un scandale de corruption, l\u2019Allemagne promet une aide de 100\u00a0millions d\u2019euros \u00e0 Kiev"},"content":{"rendered":"<p>            Un soutien financier cons\u00e9quent<\/p>\n<p>S\u2019ajoutant \u00e0 une autre aide r\u00e9cente de 60\u00a0millions d\u2019euros, la contribution allemande atteindra au total 550\u00a0millions d\u2019euros d\u2019ici fin 2025, la plus importante du fonds, ajoute le communiqu\u00e9. Kiev finance ainsi des pi\u00e8ces de rechange et des \u00e9quipements pour les infrastructures \u00e9nerg\u00e9tiques d\u00e9truites.<\/p>\n<blockquote><p>Nous ne laissons pas les Ukrainiennes et Ukrainiens seuls. Prot\u00e9ger l\u2019approvisionnement \u00e9nerg\u00e9tique, c\u2019est prot\u00e9ger les gens\u00a0\u00bb<\/p><\/blockquote>\n<p>\u00ab\u00a0Nous ne laissons pas les Ukrainiennes et Ukrainiens seuls. Prot\u00e9ger l\u2019approvisionnement \u00e9nerg\u00e9tique, c\u2019est prot\u00e9ger les gens\u00a0\u00bb, a d\u00e9clar\u00e9 la ministre de l\u2019\u00c9conomie, Katherina Reiche, dans un communiqu\u00e9. En Ukraine, les habitants sont confront\u00e9s quotidiennement \u00e0 des coupures de courant et de chauffage \u00e0 cause des frappes russes sur le r\u00e9seau \u00e9nerg\u00e9tique.<\/p>\n<p>Scandale de corruption \u00e0 Kiev<\/p>\n<p>Les efforts pour soutenir les infrastructures d\u2019\u00e9nergie en Ukraine se sont n\u00e9anmoins compliqu\u00e9s avec l\u2019\u00e9clatement d\u2019un scandale de d\u00e9tournement de fonds dans le secteur, affaiblissant consid\u00e9rablement le pr\u00e9sident ukrainien Volodymyr Zelensky en pleine invasion russe.<\/p>\n<p>Son chef de cabinet et plusieurs ministres, dont celui de l\u2019\u00c9nergie, ont \u00e9t\u00e9 contraints de d\u00e9missionner. \u00ab\u00a0Dans le contexte des r\u00e9centes enqu\u00eates des autorit\u00e9s ukrainiennes de lutte contre la corruption, la KfW veillera strictement au respect de ses r\u00e8gles de conformit\u00e9\u00a0\u00bb, pr\u00e9cise le communiqu\u00e9. \u00ab\u00a0La gouvernance d\u2019entreprise ad\u00e9quate des entreprises \u00e9nerg\u00e9tiques ukrainiennes\u00a0\u00bb est ainsi \u00ab\u00a0continuellement v\u00e9rifi\u00e9e\u00a0\u00bb par le minist\u00e8re.<\/p>\n","protected":false},"excerpt":{"rendered":"Un soutien financier cons\u00e9quent S\u2019ajoutant \u00e0 une autre aide r\u00e9cente de 60\u00a0millions d\u2019euros, la contribution allemande atteindra au&hellip;\n","protected":false},"author":2,"featured_media":577516,"comment_status":"","ping_status":"","sticky":false,"template":"","format":"standard","meta":{"footnotes":""},"categories":[1587],"tags":[11,672,1804,1805,1803,1777,674,1801,12,1802],"class_list":{"0":"post-577515","1":"post","2":"type-post","3":"status-publish","4":"format-standard","5":"has-post-thumbnail","7":"category-allemagne","8":"tag-actualites","9":"tag-allemagne","10":"tag-bundesrepublik-deutschland","11":"tag-de","12":"tag-deutschland","13":"tag-eu","14":"tag-europe","15":"tag-germany","16":"tag-news","17":"tag-republique-federale-dallemagne"},"share_on_mastodon":{"url":"https:\/\/pubeurope.com\/@fr\/115661250433430293","error":""},"_links":{"self":[{"href":"https:\/\/www.europesays.com\/fr\/wp-json\/wp\/v2\/posts\/577515","targetHints":{"allow":["GET"]}}],"collection":[{"href":"https:\/\/www.europesays.com\/fr\/wp-json\/wp\/v2\/posts"}],"about":[{"href":"https:\/\/www.europesays.com\/fr\/wp-json\/wp\/v2\/types\/post"}],"author":[{"embeddable":true,"href":"https:\/\/www.europesays.com\/fr\/wp-json\/wp\/v2\/users\/2"}],"replies":[{"embeddable":true,"href":"https:\/\/www.europesays.com\/fr\/wp-json\/wp\/v2\/comments?post=577515"}],"version-history":[{"count":0,"href":"https:\/\/www.europesays.com\/fr\/wp-json\/wp\/v2\/posts\/577515\/revisions"}],"wp:featuredmedia":[{"embeddable":true,"href":"https:\/\/www.europesays.com\/fr\/wp-json\/wp\/v2\/media\/577516"}],"wp:attachment":[{"href":"https:\/\/www.europesays.com\/fr\/wp-json\/wp\/v2\/media?parent=577515"}],"wp:term":[{"taxonomy":"category","embeddable":true,"href":"https:\/\/www.europesays.com\/fr\/wp-json\/wp\/v2\/categories?post=577515"},{"taxonomy":"post_tag","embeddable":true,"href":"https:\/\/www.europesays.com\/fr\/wp-json\/wp\/v2\/tags?post=577515"}],"curies":[{"name":"wp","href":"https:\/\/api.w.org\/{rel}","templated":true}]}}