{"id":577525,"date":"2025-12-04T12:24:38","date_gmt":"2025-12-04T12:24:38","guid":{"rendered":"https:\/\/www.europesays.com\/fr\/577525\/"},"modified":"2025-12-04T12:24:38","modified_gmt":"2025-12-04T12:24:38","slug":"les-discriminations-religieuses-augmentent-surtout-pour-les-musulmans","status":"publish","type":"post","link":"https:\/\/www.europesays.com\/fr\/577525\/","title":{"rendered":"\u00ab Les discriminations religieuses augmentent, surtout pour les musulmans \u00bb"},"content":{"rendered":"<p style=\"text-align:justify;\">AA \/ Istanbul \/ Adama Bamba<\/p>\n<p style=\"text-align:justify;\">Les discriminations fond\u00e9es sur la religion sont en augmentation en France, selon un rapport publi\u00e9 jeudi par la D\u00e9fenseure des droits, Claire H\u00e9don, et relay\u00e9 par le quotidien La Croix.<\/p>\n<p style=\"text-align:justify;\">L\u2019\u00e9tude met en \u00e9vidence une hausse \u00ab inqui\u00e9tante \u00bb des situations discriminatoires dans un contexte politique particuli\u00e8rement tendu.<\/p>\n<p style=\"text-align:justify;\">R\u00e9alis\u00e9e par Ipsos aupr\u00e8s de plus de 5 000 personnes, l\u2019enqu\u00eate r\u00e9v\u00e8le que 7 % des sond\u00e9s d\u00e9clarent avoir subi une discrimination religieuse au cours des cinq derni\u00e8res ann\u00e9es, contre 5 % lors d\u2019une pr\u00e9c\u00e9dente \u00e9tude en 2016. Parall\u00e8lement, 31 % affirment en avoir \u00e9t\u00e9 t\u00e9moins, contre 21 % six ans plus t\u00f4t. La Croix souligne que ces chiffres s&rsquo;inscrivent dans une tendance \u00e9galement observ\u00e9e dans des travaux de l\u2019Insee (2020) et du minist\u00e8re de l\u2019Int\u00e9rieur (2023).<\/p>\n<p style=\"text-align:justify;\">La D\u00e9fenseure des droits indique \u00e9galement que les signalements de discriminations religieuses, re\u00e7us via le num\u00e9ro d\u00e9di\u00e9 3928, ont \u00e9t\u00e9 multipli\u00e9s par dix depuis 2017, atteignant pr\u00e8s de 200 appels en 2024. Ces discriminations sont largement li\u00e9es au port de signes visibles d\u2019appartenance religieuse, note La Croix.<\/p>\n<p style=\"text-align:justify;\">Les femmes musulmanes portant le voile apparaissent comme les premi\u00e8res concern\u00e9es : 38 % d\u2019entre elles d\u00e9clarent en avoir \u00e9t\u00e9 victimes au cours des cinq derni\u00e8res ann\u00e9es. Toutes religions confondues, les personnes portant un signe religieux sont plus touch\u00e9es (15 %) que celles n\u2019en portant pas (6 %).<\/p>\n<p style=\"text-align:justify;\">Le rapport fait \u00e9galement ressortir un \u00ab effet g\u00e9n\u00e9rationnel marqu\u00e9 \u00bb : 10,7 % des 18-34 ans affirment avoir subi une discrimination li\u00e9e \u00e0 la religion, contre 2,7 % des 55-79 ans. <\/p>\n<p style=\"text-align:justify;\">Cette diff\u00e9rence serait notamment li\u00e9e \u00e0 la pr\u00e9sence plus importante de signes religieux visibles chez les jeunes, ainsi qu\u2019au renforcement r\u00e9cent des r\u00e9glementations encadrant certaines tenues, telles que l\u2019interdiction du voile dans plusieurs f\u00e9d\u00e9rations sportives ou la circulaire bannissant l\u2019abaya dans les \u00e9tablissements scolaires depuis 2023.<\/p>\n<p>                            &#13;<br \/>\n                                <a href=\"https:\/\/www.aa.com.tr\/fr\/p\/abonnement\/1001\" target=\"_blank\" style=\"font-size:12px; color:#444; text-decoration:none;\" rel=\"noopener\">&#13;<br \/>\n                                    Seulement une partie des d\u00e9p\u00eaches, que l&rsquo;Agence Anadolu diffuse \u00e0 ses abonn\u00e9s via le Syst\u00e8me de Diffusion interne (HAS), est diffus\u00e9e sur le site de l&rsquo;AA, de mani\u00e8re r\u00e9sum\u00e9e. <b style=\"color:#1897F7\">Contactez-nous s&rsquo;il vous pla\u00eet pour vous abonner.<\/b>&#13;<br \/>\n                                <\/a>&#13;<\/p>\n","protected":false},"excerpt":{"rendered":"AA \/ Istanbul \/ Adama Bamba Les discriminations fond\u00e9es sur la religion sont en augmentation en France, selon&hellip;\n","protected":false},"author":2,"featured_media":577526,"comment_status":"","ping_status":"","sticky":false,"template":"","format":"standard","meta":{"footnotes":""},"categories":[4],"tags":[11,1785,69198,1011,27,64748,19920,12,25],"class_list":{"0":"post-577525","1":"post","2":"type-post","3":"status-publish","4":"format-standard","5":"has-post-thumbnail","7":"category-france","8":"tag-actualites","9":"tag-anadolu-ajansi","10":"tag-discriminations-religieuses","11":"tag-fr","12":"tag-france","13":"tag-la-croix","14":"tag-musulmans","15":"tag-news","16":"tag-republique-francaise"},"share_on_mastodon":{"url":"https:\/\/pubeurope.com\/@fr\/115661285771096309","error":""},"_links":{"self":[{"href":"https:\/\/www.europesays.com\/fr\/wp-json\/wp\/v2\/posts\/577525","targetHints":{"allow":["GET"]}}],"collection":[{"href":"https:\/\/www.europesays.com\/fr\/wp-json\/wp\/v2\/posts"}],"about":[{"href":"https:\/\/www.europesays.com\/fr\/wp-json\/wp\/v2\/types\/post"}],"author":[{"embeddable":true,"href":"https:\/\/www.europesays.com\/fr\/wp-json\/wp\/v2\/users\/2"}],"replies":[{"embeddable":true,"href":"https:\/\/www.europesays.com\/fr\/wp-json\/wp\/v2\/comments?post=577525"}],"version-history":[{"count":0,"href":"https:\/\/www.europesays.com\/fr\/wp-json\/wp\/v2\/posts\/577525\/revisions"}],"wp:featuredmedia":[{"embeddable":true,"href":"https:\/\/www.europesays.com\/fr\/wp-json\/wp\/v2\/media\/577526"}],"wp:attachment":[{"href":"https:\/\/www.europesays.com\/fr\/wp-json\/wp\/v2\/media?parent=577525"}],"wp:term":[{"taxonomy":"category","embeddable":true,"href":"https:\/\/www.europesays.com\/fr\/wp-json\/wp\/v2\/categories?post=577525"},{"taxonomy":"post_tag","embeddable":true,"href":"https:\/\/www.europesays.com\/fr\/wp-json\/wp\/v2\/tags?post=577525"}],"curies":[{"name":"wp","href":"https:\/\/api.w.org\/{rel}","templated":true}]}}