{"id":577527,"date":"2025-12-04T12:27:33","date_gmt":"2025-12-04T12:27:33","guid":{"rendered":"https:\/\/www.europesays.com\/fr\/577527\/"},"modified":"2025-12-04T12:27:33","modified_gmt":"2025-12-04T12:27:33","slug":"ils-voulaient-menfermer-ils-me-prenaient-pour-un-fou-40-ans-apres-le-pari-reussi-du-premier-golf-ariegeois","status":"publish","type":"post","link":"https:\/\/www.europesays.com\/fr\/577527\/","title":{"rendered":"\u00ab\u00a0Ils voulaient m\u2019enfermer, ils me prenaient pour un fou\u00a0\u00bb\u00a0: 40 ans apr\u00e8s, le pari r\u00e9ussi du premier golf ari\u00e9geois"},"content":{"rendered":"<p>\n                                                                    l&rsquo;essentiel<br \/>\n                                                                Longtemps jug\u00e9e irr\u00e9aliste, l\u2019id\u00e9e d\u2019un golf en Ari\u00e8ge est devenue r\u00e9alit\u00e9 gr\u00e2ce \u00e0 l\u2019audace d\u2019Henri Nayrou. Retour sur une aventure humaine et territoriale qui a marqu\u00e9 durablement le paysage local.\n                            <\/p>\n<p>\u00ab\u00a0Ils voulaient m\u2019enfermer, ils me prenaient pour un fou. Une personne m\u2019a dit\u00a0: &lsquo;ils ne sont pas tous \u00e0 Saint-Lizier.&rsquo; \u00c7a voulait tout dire.\u00a0\u00bb Quarante ans apr\u00e8s, Henri Nayrou, 81 ans, ancien d\u00e9put\u00e9 fran\u00e7ais et pr\u00e9sident du d\u00e9partement, se souvient de son pari fou, avant m\u00eame d\u2019embrasser sa mission de parlementaire et alors qu\u2019il \u00e9tait encore journaliste rugby, conseiller g\u00e9n\u00e9ral de l\u2019Ari\u00e8ge et adjoint au maire de La Bastide-de-Serou\u00a0: construire un golf en Ari\u00e8ge.<\/p>\n<p>En septembre\u00a01978, la plume du \u00ab\u00a0Midol\u00a0\u00bb s\u2019\u00e9tait envol\u00e9e avec le XV de France pour sa premi\u00e8re tourn\u00e9e au Japon. Sur le toit des immeubles de la capitale, il d\u00e9couvre avec les joueurs des practices de golf urbains.\u00a0\u00ab\u00a0On \u00e9tait arriv\u00e9s \u00e0 Tokyo de nuit depuis Hong Kong. J\u2019\u00e9tais assis \u00e0 c\u00f4t\u00e9 de Jean-Pierre Rives [l\u00e9gende du rugby fran\u00e7ais aux 59 s\u00e9lections en \u00e9quipe nationale] et nous avions \u00e9t\u00e9 surpris de voir qu\u2019il y avait des esp\u00e8ces de tapis sur les murs. On avait cru \u00e0 des travaux. Mais c\u2019\u00e9taient des practices. Jean-Pierre \u00e9tait un fou de golf. Il me disait que ce serait un sport d\u2019avenir.\u00a0\u00bb L\u2019id\u00e9e germe.<\/p>\n<p>\u00ab\u00a0Moi je n\u2019y connaissais pas grand-chose en golf\u00a0\u00bb<\/p>\n<p>Le 1er\u00a0d\u00e9cembre 1983, Henri Nayrou rassemble les acteurs du territoire dans les locaux de la Jeunesse et Sports, nouveau si\u00e8ge d\u2019Ari\u00e8ge Profession Animation dont Marine Bordes, maire de Foix, est aujourd\u2019hui la directrice. \u00ab\u00a0Il avait le plan vert sous le coude. Henri me dit\u00a0: je veux faire un golf\u00a0\u00bb, se rappelle G\u00e9rard Bessi\u00e8re, ancien directeur d\u00e9partemental du service et d\u00e9sormais maire de Clermont-l\u2019H\u00e9rault. \u00ab\u00a0Moi je n\u2019y connaissais pas grand-chose en golf, lui non plus d\u2019ailleurs.\u00a0\u00bb Quelques semaines plus tard, le 13\u00a0mars 1984, Henri Nayrou, accompagn\u00e9 de \u00ab\u00a0D\u00e9d\u00e9\u00a0\u00bb Portet, un agriculteur du coin, d\u2019Yves Micas et d\u2019Hubert Chesneau, alors architecte de golf et plus tard pr\u00e9sident de la F\u00e9d\u00e9ration Fran\u00e7aise, se rendent au lieu-dit Unjat \u00e0 La Bastide-de-Serou pour r\u00e9fl\u00e9chir \u00e0 la cr\u00e9ation du complexe. L\u00e0-haut, un plateau de plusieurs hectares sur les hauteurs de la commune a les faveurs des locaux, avec en toile de fond une vue unique sur le Mont Valier.<\/p>\n<p class=\"std-elt__inline\">\n        <strong>\u00c0 lire aussi :<\/strong><br \/>\n        <a href=\"https:\/\/www.ladepeche.fr\/2024\/03\/16\/recit-40-ans-apres-ils-reviennent-la-ou-tout-a-commence-pour-le-golf-de-la-bastide-de-serou-11823428.php\" target=\"_blank\" rel=\"noopener\">R\u00c9CIT. 40 ans apr\u00e8s, ils reviennent l\u00e0 o\u00f9 tout a commenc\u00e9 pour le golf de La Bastide-de-S\u00e9rou<\/a>\n    <\/p>\n<p>Mais Hubert Chesneau coupe court, r\u00e9futant toutes les hypoth\u00e8ses d\u2019installation d\u2019un golf sur ces parcelles communales peu adapt\u00e9es \u00e0 la petite balle blanche. Seule une zone appartenant \u00e0 des agriculteurs attire son attention. \u00ab\u00a0Ils nous avaient dit\u00a0: &lsquo;si c\u2019est l\u00e0, je signe de suite.&rsquo; Mais c\u2019\u00e9taient des terrains agricoles\u00a0\u00bb, pr\u00e9cise Henri Nayrou. Le projet semble alors compromis. \u00ab\u00a0Un soir, le maire de la commune m\u2019appelle et me dit\u00a0: &lsquo;D\u00e9d\u00e9 veut te voir.&rsquo; Je suis mont\u00e9 la nuit, \u00e0 7\u00a0heures du soir.\u00a0\u00bb Apr\u00e8s avoir consult\u00e9 ses parents, l\u2019agriculteur annonce, sur le pas de sa porte, la d\u00e9cision qui va changer sa vie et l\u2019avenir de tout un territoire\u00a0: c\u00e9der 35 hectares de champs et devenir le green-keeper du golf. L\u2019id\u00e9e d\u2019Hubert Chesneau n\u2019\u00e9tait pas tomb\u00e9e dans l\u2019oreille d\u2019un sourd.<\/p>\n<p>        <img decoding=\"async\" class=\"std-img__img responsive-img\" src=\"https:\/\/www.europesays.com\/fr\/wp-content\/uploads\/2025\/12\/1764851253_914_image.jpg\" alt=\"Dans les anciens locaux de la Jeunesse et Sports, les pionniers du golf ari\u00e9geois, en compagnie de Marine Bordes, se sont souvenus des pr\u00e9mices d\u2019un projet fou, 40 ans apr\u00e8s.\"\/><\/p>\n<p>                Dans les anciens locaux de la Jeunesse et Sports, les pionniers du golf ari\u00e9geois, en compagnie de Marine Bordes, se sont souvenus des pr\u00e9mices d\u2019un projet fou, 40 ans apr\u00e8s.<br \/>\n                                    DDM RBL.<\/p>\n<p>\u00ab\u00a0On avait de l\u2019or en barre\u00a0\u00bb<\/p>\n<p>En 1985, les \u00e9tudes sont lanc\u00e9es, le parcours 9 trous et le practice ouvrent l\u2019ann\u00e9e d\u2019apr\u00e8s. \u00ab\u00a0En France, il y avait 20\u00a0000 joueurs \u00e0 l\u2019\u00e9poque. Alors c\u2019\u00e9tait une petite gageure [de faire un golf en Ari\u00e8ge]. On l\u2019a fait avec un petit budget. Le parcours a \u00e9pous\u00e9 la g\u00e9ographie du terrain. On avait de l\u2019or en barre\u00a0\u00bb, soutient l\u2019ancien \u00e9lu.\u00a0L\u2019infrastructure est \u00e9quip\u00e9e d\u2019un club-house en 1987, puis d\u2019un 18 trous en 1990. \u00ab\u00a0On a failli avoir une catastrophe en 89. Il y a eu une grosse s\u00e9cheresse. C\u2019\u00e9tait une grande ann\u00e9e de vin, mais on a failli perdre le golf, il \u00e9tait tout pel\u00e9. On a eu un coup de chance formidable.\u00a0\u00bb Un \u00e9v\u00e9nement qui a pr\u00e9figur\u00e9 la mue du golf club de l\u2019Ari\u00e8ge en \u00e9co-golf, en 2014, apr\u00e8s deux ans de travaux.<\/p>\n","protected":false},"excerpt":{"rendered":"l&rsquo;essentiel Longtemps jug\u00e9e irr\u00e9aliste, l\u2019id\u00e9e d\u2019un golf en Ari\u00e8ge est devenue r\u00e9alit\u00e9 gr\u00e2ce \u00e0 l\u2019audace d\u2019Henri Nayrou. Retour&hellip;\n","protected":false},"author":2,"featured_media":577528,"comment_status":"","ping_status":"","sticky":false,"template":"","format":"standard","meta":{"footnotes":""},"categories":[1418],"tags":[2720,1011,27,1472,69199,517,60],"class_list":{"0":"post-577527","1":"post","2":"type-post","3":"status-publish","4":"format-standard","5":"has-post-thumbnail","7":"category-golf","8":"tag-ariege","9":"tag-fr","10":"tag-france","11":"tag-golf","12":"tag-labastidedeserou","13":"tag-sport","14":"tag-sports"},"share_on_mastodon":{"url":"https:\/\/pubeurope.com\/@fr\/115661298023955798","error":""},"_links":{"self":[{"href":"https:\/\/www.europesays.com\/fr\/wp-json\/wp\/v2\/posts\/577527","targetHints":{"allow":["GET"]}}],"collection":[{"href":"https:\/\/www.europesays.com\/fr\/wp-json\/wp\/v2\/posts"}],"about":[{"href":"https:\/\/www.europesays.com\/fr\/wp-json\/wp\/v2\/types\/post"}],"author":[{"embeddable":true,"href":"https:\/\/www.europesays.com\/fr\/wp-json\/wp\/v2\/users\/2"}],"replies":[{"embeddable":true,"href":"https:\/\/www.europesays.com\/fr\/wp-json\/wp\/v2\/comments?post=577527"}],"version-history":[{"count":0,"href":"https:\/\/www.europesays.com\/fr\/wp-json\/wp\/v2\/posts\/577527\/revisions"}],"wp:featuredmedia":[{"embeddable":true,"href":"https:\/\/www.europesays.com\/fr\/wp-json\/wp\/v2\/media\/577528"}],"wp:attachment":[{"href":"https:\/\/www.europesays.com\/fr\/wp-json\/wp\/v2\/media?parent=577527"}],"wp:term":[{"taxonomy":"category","embeddable":true,"href":"https:\/\/www.europesays.com\/fr\/wp-json\/wp\/v2\/categories?post=577527"},{"taxonomy":"post_tag","embeddable":true,"href":"https:\/\/www.europesays.com\/fr\/wp-json\/wp\/v2\/tags?post=577527"}],"curies":[{"name":"wp","href":"https:\/\/api.w.org\/{rel}","templated":true}]}}