{"id":577541,"date":"2025-12-04T12:40:14","date_gmt":"2025-12-04T12:40:14","guid":{"rendered":"https:\/\/www.europesays.com\/fr\/577541\/"},"modified":"2025-12-04T12:40:14","modified_gmt":"2025-12-04T12:40:14","slug":"y-aura-t-il-une-saison-3-2","status":"publish","type":"post","link":"https:\/\/www.europesays.com\/fr\/577541\/","title":{"rendered":"y aura-t-il une saison 3 ?"},"content":{"rendered":"<p>\u00c0 ce jour, FOX n\u2019a pas encore confirm\u00e9 la saison 3 de<br \/>\nMeurtre dans une petite ville. Pourtant, les indicateurs<br \/>\nsont au vert. La saison 2 a r\u00e9uni en moyenne 2,2 millions de<br \/>\nt\u00e9l\u00e9spectateurs, soit une hausse de 11 % par rapport \u00e0 la saison 1.<br \/>\nSur Rotten Tomatoes, la s\u00e9rie r\u00e9colte 70 % d\u2019avis positifs c\u00f4t\u00e9<br \/>\ncritique et 76 % c\u00f4t\u00e9 public.<\/p>\n<p>En interne, l\u2019enthousiasme est bien l\u00e0. Les producteurs comme<br \/>\nles acteurs expriment leur volont\u00e9 de continuer l\u2019aventure. Kristin<br \/>\nKreuk (Cassandra) et Rossif Sutherland (Karl) devraient logiquement<br \/>\nreprendre leurs r\u00f4les principaux. Du c\u00f4t\u00e9 du casting secondaire,<br \/>\nDakota Guppy (Holly), Bethany Brown (Layla) et Aaron Douglas (Sid)<br \/>\nsont pressentis pour revenir.<\/p>\n<p>Une saison 3 centr\u00e9e sur la famille et les secrets du<br \/>\npass\u00e9<\/p>\n<p>Le th\u00e8me principal annonc\u00e9 pour cette nouvelle saison est clair<br \/>\n: les blessures familiales et les secrets enfouis. Le cr\u00e9ateur Ian<br \/>\nWeir, tout comme les producteurs Jeff Wachtel et Tina Pehme, ont<br \/>\nconfirm\u00e9 que le pass\u00e9 de Karl, notamment le traumatisme li\u00e9 \u00e0 son<br \/>\np\u00e8re, serait au c\u0153ur de l\u2019intrigue.\u00a0\u00bbUne grande partie de la saison<br \/>\n3 [&#8230;] sera consacr\u00e9e \u00e0 \u00e7a.\u00a0\u00bb, confirme Wachtel.<\/p>\n<p>Cassandra et Karl devront apprendre \u00e0 s\u2019ouvrir l\u2019un \u00e0 l\u2019autre,<br \/>\nau prix de v\u00e9rit\u00e9s difficiles. Leur relation, encore jeune, sera<br \/>\nmise \u00e0 l\u2019\u00e9preuve. Comme le dit la productrice Tina Pehme : \u00ab\u00a0Il est<br \/>\nquestion de famille, de compromis et aussi de s\u00a0\u00bbaccrocher\u2026\u00a0\u00bb<br \/>Cette exploration intime promet une approche plus psychologique,<br \/>\ntout en conservant la tension propre aux s\u00e9ries polici\u00e8res.<\/p>\n<p>Karl, Cassandra\u2026 et cette bague qui n\u2019a toujours pas re\u00e7u de<br \/>\nr\u00e9ponse<\/p>\n<p><a href=\"https:\/\/www.melty.fr\/series\/murder-in-a-small-town-fin-de-la-saison-2-expliquee-2280270.html\" target=\"_blank\" rel=\"noopener\"><br \/>\nLe final de la saison 2 a laiss\u00e9 les fans suspendus \u00e0 une demande<br \/>\nen mariage sans r\u00e9ponse<\/a>. Karl, boulevers\u00e9 apr\u00e8s avoir failli<br \/>\nperdre Cassandra, a pos\u00e9 la fameuse question. Mais le flou demeure.<br \/>\nCette h\u00e9sitation n\u2019est pas anodine : elle refl\u00e8te un besoin de<br \/>\nprofondeur dans leur relation.<\/p>\n<p>Jeff Wachtel explique que Karl, apr\u00e8s une premi\u00e8re vie de<br \/>\nfamille rat\u00e9e, veut cette fois s\u2019y prendre autrement : \u00ab\u00a0Karl a rat\u00e9<br \/>\nla premi\u00e8re fois. Il a maintenant une deuxi\u00e8me chance.\u00a0\u00bb Et<br \/>\nd\u2019ajouter : \u00ab\u00a0Il est tr\u00e8s chanceux de ne pas avoir perdu le lien<br \/>\navec ses enfants.\u00a0\u00bb<br \/>La saison 3 devrait donc explorer les tentatives de reconstruction<br \/>\nde Karl, aussi bien en tant que compagnon qu\u2019en tant que p\u00e8re.<\/p>\n<p>Une dynamique nouvelle pour une s\u00e9rie<br \/>\nplus intime<\/p>\n<p>Si elle est confirm\u00e9e, <a href=\"https:\/\/www.melty.fr\/series\/maxton-hall-y-aura-t-il-une-saison-3-2279205.html\" target=\"_blank\" rel=\"noopener\"><br \/>\nla saison 3 promet de d\u00e9passer le simple sch\u00e9ma<br \/>\nenqu\u00eate-r\u00e9solution<\/a>. Les producteurs veulent faire \u00e9voluer la<br \/>\ns\u00e9rie vers une r\u00e9flexion plus mature sur l\u2019identit\u00e9, la<br \/>\nparentalit\u00e9, les secondes chances.<\/p>\n<p>Karl ne sera plus seulement l\u2019enqu\u00eateur froid et m\u00e9thodique,<br \/>\nmais un homme en qu\u00eate de sens, confront\u00e9 \u00e0 ses propres failles. De<br \/>\nson c\u00f4t\u00e9, Cassandra, toujours marqu\u00e9e par son d\u00e9part de Sacramento,<br \/>\ndevra aussi d\u00e9cider \u00e0 quoi \u2013 ou \u00e0 qui \u2013 elle veut r\u00e9ellement<br \/>\ns\u2019attacher.<br \/>Reste maintenant \u00e0 savoir si FOX officialisera cette suite tr\u00e8s<br \/>\nattendue. Les fans, eux, sont d\u00e9j\u00e0 pr\u00eats.<\/p>\n","protected":false},"excerpt":{"rendered":"\u00c0 ce jour, FOX n\u2019a pas encore confirm\u00e9 la saison 3 de Meurtre dans une petite ville. Pourtant,&hellip;\n","protected":false},"author":2,"featured_media":577542,"comment_status":"","ping_status":"","sticky":false,"template":"","format":"standard","meta":{"footnotes":""},"categories":[1356],"tags":[58,59,1011,27,252,65861,1364],"class_list":{"0":"post-577541","1":"post","2":"type-post","3":"status-publish","4":"format-standard","5":"has-post-thumbnail","7":"category-television","8":"tag-divertissement","9":"tag-entertainment","10":"tag-fr","11":"tag-france","12":"tag-television","13":"tag-trend","14":"tag-tv"},"share_on_mastodon":{"url":"https:\/\/pubeurope.com\/@fr\/115661349034995398","error":""},"_links":{"self":[{"href":"https:\/\/www.europesays.com\/fr\/wp-json\/wp\/v2\/posts\/577541","targetHints":{"allow":["GET"]}}],"collection":[{"href":"https:\/\/www.europesays.com\/fr\/wp-json\/wp\/v2\/posts"}],"about":[{"href":"https:\/\/www.europesays.com\/fr\/wp-json\/wp\/v2\/types\/post"}],"author":[{"embeddable":true,"href":"https:\/\/www.europesays.com\/fr\/wp-json\/wp\/v2\/users\/2"}],"replies":[{"embeddable":true,"href":"https:\/\/www.europesays.com\/fr\/wp-json\/wp\/v2\/comments?post=577541"}],"version-history":[{"count":0,"href":"https:\/\/www.europesays.com\/fr\/wp-json\/wp\/v2\/posts\/577541\/revisions"}],"wp:featuredmedia":[{"embeddable":true,"href":"https:\/\/www.europesays.com\/fr\/wp-json\/wp\/v2\/media\/577542"}],"wp:attachment":[{"href":"https:\/\/www.europesays.com\/fr\/wp-json\/wp\/v2\/media?parent=577541"}],"wp:term":[{"taxonomy":"category","embeddable":true,"href":"https:\/\/www.europesays.com\/fr\/wp-json\/wp\/v2\/categories?post=577541"},{"taxonomy":"post_tag","embeddable":true,"href":"https:\/\/www.europesays.com\/fr\/wp-json\/wp\/v2\/tags?post=577541"}],"curies":[{"name":"wp","href":"https:\/\/api.w.org\/{rel}","templated":true}]}}