{"id":577548,"date":"2025-12-04T12:44:13","date_gmt":"2025-12-04T12:44:13","guid":{"rendered":"https:\/\/www.europesays.com\/fr\/577548\/"},"modified":"2025-12-04T12:44:13","modified_gmt":"2025-12-04T12:44:13","slug":"on-dit-tous-que-lon-peut-etre-champion-avec-la-meilleure-voiture","status":"publish","type":"post","link":"https:\/\/www.europesays.com\/fr\/577548\/","title":{"rendered":"On dit tous que l&rsquo;on peut \u00eatre champion avec la meilleure voiture"},"content":{"rendered":"<p>\u00c0 la veille du dernier Grand Prix de la saison, la question qui est sur toutes les l\u00e8vres \u00e0 Abu Dhabi est de savoir qui remportera le titre dimanche. La finale \u00e0 trois inattendue met aux prises <a href=\"https:\/\/fr.motorsport.com\/driver\/lando-norris\/289708\/\" target=\"_blank\" rel=\"noopener\">Lando Norris<\/a>, favori compte tenu de son avance en t\u00eate du championnat, <a href=\"https:\/\/fr.motorsport.com\/driver\/max-verstappen\/93029\/\" target=\"_blank\" rel=\"noopener\">Max Verstappen<\/a> et <a href=\"https:\/\/fr.motorsport.com\/driver\/oscar-piastri\/835356\/\" target=\"_blank\" rel=\"noopener\">Oscar Piastri<\/a>. La remont\u00e9e fantastique du quadruple champion du monde en titre fait beaucoup parler, m\u00eame s&rsquo;il faudrait \u00e0 nouveau un sc\u00e9nario favorable pour lui permettre de conserver sa couronne.<\/p>\n<p>Pour le N\u00e9erlandais, \u00eatre rest\u00e9 dans le match malgr\u00e9 la saison difficile de <a href=\"https:\/\/fr.motorsport.com\/team\/red-bull\/553\/\" target=\"_blank\" rel=\"noopener\">Red Bull<\/a> est d\u00e9j\u00e0 un succ\u00e8s en soi, lui qui assurait la semaine derni\u00e8re qu&rsquo;il aurait pli\u00e9 tout suspense beaucoup plus t\u00f4t s&rsquo;il avait dispos\u00e9 de la <a href=\"https:\/\/fr.motorsport.com\/team\/mclaren\/609\/\" target=\"_blank\" rel=\"noopener\">McLaren<\/a>. Une affirmation observ\u00e9e avec amusement mais aussi attention par un certain <a href=\"https:\/\/fr.motorsport.com\/driver\/fernando-alonso\/76096\/\" target=\"_blank\" rel=\"noopener\">Fernando Alonso<\/a>.\u00a0<\/p>\n<p>\u00ab\u00a0On ne sait jamais\u00a0\u00bb, estime le pilote espagnol.\u00a0\u00ab\u00a0Il y a toujours une part de supposition, c&rsquo;est difficile de r\u00e9pondre \u00e0 \u00e7a. On sait tous que Max est un pilote incroyable, qu&rsquo;il a extrait le maximum de la voiture pour gagner des courses cette ann\u00e9e. Peut-\u00eatre que \u00e7a ne vient pas vraiment de la voiture mais de lui, et que c&rsquo;\u00e9tait aussi le cas l&rsquo;an dernier.\u00a0\u00bb <\/p>\n<p>\u00ab\u00a0On ne sait pas. Pour ma part, on dit tous que l&rsquo;on peut \u00eatre champion avec la meilleure voiture. On a tous cette confiance en nous, mais c&rsquo;est une question \u00e0 laquelle on ne peut pas r\u00e9pondre.\u00a0\u00bb<\/p>\n<p>Lire aussi :<\/p>\n<p>Interrog\u00e9 sur l&rsquo;interpr\u00e9tation qui pourrait, en cas de titre d&rsquo;un pilote McLaren aux d\u00e9pens de Max Verstappen, faire du nouveau champion du monde celui qui n&rsquo;est pas forc\u00e9ment le meilleur pilote, Fernando Alonso r\u00e9pond avec sarcasme\u00a0: \u00ab\u00a0C&rsquo;est ce qui se passe depuis maintenant 19 ans, donc \u00e7a fera une vingti\u00e8me ann\u00e9e\u00a0\u00bb.<\/p>\n<p>Pour le double champion du monde et pilote <a href=\"https:\/\/fr.motorsport.com\/team\/aston-martin\/806\/\" target=\"_blank\" rel=\"noopener\">Aston Martin<\/a>, les d\u00e9clarations de Max Verstappen entrent aussi et surtout dans un in\u00e9vitable contexte de guerre psychologique.\u00a0<\/p>\n<p>\u00ab\u00a0Il y a toujours des petits jeux\u00a0\u00bb, assure-t-il. \u00ab\u00a0Quand tu vois tes adversaires en piste, en EL1, EL2&#8230; Les commentaires dans la presse aujourd&rsquo;hui&#8230; Tu essaies de mettre la pression de l&rsquo;autre c\u00f4t\u00e9. Tu te retrouves au briefing des pilotes. Il y a clairement un langage corporel diff\u00e9rent pour chacun des trois.\u00a0\u00bb<\/p>\n<p>\u00ab\u00a0Au final, comme je l&rsquo;ai d\u00e9j\u00e0 dit, quand tu baisses la visi\u00e8re et que tu pilotes\u2026 Si McLaren est un peu plus rapide ce week-end, ils auront toutes les cartes pour gagner. Si Red Bull est plus rapide, alors Max aura de bonnes chances. Encore une fois, au bout du compte, tout d\u00e9pendra finalement de la performance de la voiture.\u00a0\u00bb<\/p>\n<p style=\"text-align: right;\">Propos recueillis par Oleg Karpov<\/p>\n<p style=\"text-align: right;\">\u00a0<\/p>\n<p>Lire aussi :<\/p>\n<p>            Votre avis nous int\u00e9resse !<\/p>\n<p class=\"mt-auto\">Qu&rsquo;aimeriez-vous voir sur Motorsport.com ?<\/p>\n<p>            <a href=\"#\" class=\"ms-link text-link font-bold\">R\u00e9pondez \u00e0 notre enqu\u00eate en 5 minutes.<\/a><\/p>\n<p class=\"mt-1 text-body\">&#8211; L&rsquo;\u00e9quipe Motorsport.com<\/p>\n","protected":false},"excerpt":{"rendered":"\u00c0 la veille du dernier Grand Prix de la saison, la question qui est sur toutes les l\u00e8vres&hellip;\n","protected":false},"author":2,"featured_media":577549,"comment_status":"","ping_status":"","sticky":false,"template":"","format":"standard","meta":{"footnotes":""},"categories":[9],"tags":[69202,1709,1710,1454,1011,27,69203,60,69204],"class_list":{"0":"post-577548","1":"post","2":"type-post","3":"status-publish","4":"format-standard","5":"has-post-thumbnail","7":"category-sports","8":"tag-alonso-on-dit-tous-que-lon-peut-u00eatre-champion-avec-la-meilleure-voiture","9":"tag-aston-martin","10":"tag-fernando-alonso","11":"tag-formule-1","12":"tag-fr","13":"tag-france","14":"tag-gp-dabu-dhabi","15":"tag-sports","16":"tag-yas-marina-circuit"},"share_on_mastodon":{"url":"https:\/\/pubeurope.com\/@fr\/115661364724168132","error":""},"_links":{"self":[{"href":"https:\/\/www.europesays.com\/fr\/wp-json\/wp\/v2\/posts\/577548","targetHints":{"allow":["GET"]}}],"collection":[{"href":"https:\/\/www.europesays.com\/fr\/wp-json\/wp\/v2\/posts"}],"about":[{"href":"https:\/\/www.europesays.com\/fr\/wp-json\/wp\/v2\/types\/post"}],"author":[{"embeddable":true,"href":"https:\/\/www.europesays.com\/fr\/wp-json\/wp\/v2\/users\/2"}],"replies":[{"embeddable":true,"href":"https:\/\/www.europesays.com\/fr\/wp-json\/wp\/v2\/comments?post=577548"}],"version-history":[{"count":0,"href":"https:\/\/www.europesays.com\/fr\/wp-json\/wp\/v2\/posts\/577548\/revisions"}],"wp:featuredmedia":[{"embeddable":true,"href":"https:\/\/www.europesays.com\/fr\/wp-json\/wp\/v2\/media\/577549"}],"wp:attachment":[{"href":"https:\/\/www.europesays.com\/fr\/wp-json\/wp\/v2\/media?parent=577548"}],"wp:term":[{"taxonomy":"category","embeddable":true,"href":"https:\/\/www.europesays.com\/fr\/wp-json\/wp\/v2\/categories?post=577548"},{"taxonomy":"post_tag","embeddable":true,"href":"https:\/\/www.europesays.com\/fr\/wp-json\/wp\/v2\/tags?post=577548"}],"curies":[{"name":"wp","href":"https:\/\/api.w.org\/{rel}","templated":true}]}}