{"id":577550,"date":"2025-12-04T12:45:14","date_gmt":"2025-12-04T12:45:14","guid":{"rendered":"https:\/\/www.europesays.com\/fr\/577550\/"},"modified":"2025-12-04T12:45:14","modified_gmt":"2025-12-04T12:45:14","slug":"serie-harry-potter-lactrice-cynthia-erivo-vraiment-pressentie-pour-incarner-lord-voldemort","status":"publish","type":"post","link":"https:\/\/www.europesays.com\/fr\/577550\/","title":{"rendered":"S\u00e9rie Harry Potter : l&rsquo;actrice Cynthia Erivo vraiment pressentie pour incarner Lord Voldemort ?"},"content":{"rendered":"<p>Une image de Cynthia Erivo, fa\u00e7on Lord Voldemort, a envahi les<br \/>\nr\u00e9seaux sociaux en quelques heures. De quoi faire croire \u00e0 certains<br \/>\nque la star de Wicked aurait \u00e9t\u00e9 choisie pour incarner une<br \/>\nversion f\u00e9minine du Seigneur des t\u00e9n\u00e8bres dans la future<br \/>\n<strong>s\u00e9rie Harry Potter<\/strong> d\u2019HBO.<\/p>\n<p>Alors que le reboot t\u00e9l\u00e9vis\u00e9 du sorcier \u00e0 la cicatrice fascine<br \/>\nd\u00e9j\u00e0 les fans, toute rumeur de casting prend des proportions<br \/>\ngigantesques, surtout lorsqu\u2019elle touche l\u2019ennemi jur\u00e9 de Harry.<br \/>\nEntre fantasme de <strong>Voldemort incarn\u00e9 par une femme<\/strong>,<br \/>\npol\u00e9miques et vrai suspense entretenu par la production, cette<br \/>\nrumeur est-elle vraie ?<\/p>\n<p>Cynthia Erivo en Voldemort : une rumeur n\u00e9e d\u2019un fan-art<br \/>\nviral<\/p>\n<p>Selon le m\u00e9dia The Express Tribune, les bruits affirmant que<br \/>\nCynthia Erivo serait envisag\u00e9e pour une version f\u00e9minine de<br \/>\nVoldemort \u00ab\u00a0n\u2019ont aucune base confirm\u00e9e\u00a0\u00bb. Ces sp\u00e9culations viennent<br \/>\nsurtout de publications sur les r\u00e9seaux sociaux et d\u2019un poster de<br \/>\nfan devenu viral, et non d\u2019une annonce de HBO, de Warner Bros. ou<br \/>\nde l\u2019actrice elle-m\u00eame.<\/p>\n<p>La discussion a vraiment d\u00e9coll\u00e9 apr\u00e8s le post d\u2019un utilisateur<br \/>\nde X, qui a partag\u00e9 une affirmation non v\u00e9rifi\u00e9e accompagn\u00e9e d\u2019un<br \/>\nartwork imaginant Erivo en Lord Voldemort. Ce message a d\u00e9pass\u00e9 le<br \/>\nmillion de vues et d\u00e9clench\u00e9 une vague de r\u00e9actions, parfois tr\u00e8s<br \/>\nvirulentes. Dans le m\u00eame temps, d\u2019anciens articles de septembre<br \/>\n2025 sur l\u2019hypoth\u00e8se d\u2019auditions \u00ab\u00a0neutres en termes de genre\u00a0\u00bb pour<br \/>\nle r\u00f4le du Seigneur des t\u00e9n\u00e8bres ont ressurgi, ce qui a entretenu<br \/>\nle flou. En r\u00e9alit\u00e9, aucun \u00e9l\u00e9ment cr\u00e9dible ne relie pour l\u2019instant<br \/>\nCynthia Erivo au r\u00f4le de Voldemort et aucune information officielle<br \/>\nn\u2019a \u00e9t\u00e9 rendue publique.<\/p>\n<blockquote class=\"twitter-tweet\"><p><a class=\"twitter-link\" rel=\"noindex, nofollow noopener\" href=\"https:\/\/twitter.com\/dom_lucre\/status\/1996318834614010352\" target=\"_blank\"><\/p><\/blockquote>\n<p>Voldemort incarn\u00e9 par une femme dans la s\u00e9rie Harry Potter : ce<br \/>\nque disent vraiment les fuites<\/p>\n<p>En amont de cette rumeur ciblant directement Cynthia Erivo, un<br \/>\nautre \u00e9l\u00e9ment a mis de l\u2019huile sur le feu dans le fandom. Le<br \/>\nscooper Daniel Richtman, alias DanielRPK, affirmait \u00e0 l\u2019automne<br \/>\n2025 que la production du reboot auditionnait des com\u00e9diens et des<br \/>\ncom\u00e9diennes pour le r\u00f4le du Seigneur des t\u00e9n\u00e8bres. Il \u00e9crivait :<br \/>\n\u00ab\u00a0Pour la s\u00e9rie Harry Potter, ils auditionnent \u00e0 la fois des hommes<br \/>\net des femmes pour le r\u00f4le de Voldemort, il est donc possible que<br \/>\nnous voyions une femme incarner Voldemort dans la s\u00e9rie\u00a0\u00bb, a-t-il<br \/>\n\u00e9crit sur X.<\/p>\n<p>\u00c0 partir de l\u00e0, les sp\u00e9culations se sont multipli\u00e9es, rel\u00e8ve le<br \/>\nsite fran\u00e7ais <a href=\"https:\/\/www.peaches.fr\/cine-series\/serie-harry-potter-voldemort-incarne-par-une-femme-ce-quon-sait-et-ce-qui-se-trame-199723.html\" target=\"_blank\" rel=\"noopener\">Peaches<\/a>. En ligne, des noms<br \/>\ncomme Tilda Swinton ou Winona Ryder ont \u00e9t\u00e9 lanc\u00e9s par les fans,<br \/>\nsans qu\u2019aucun ne soit confirm\u00e9. Le site rappelle aussi que le<br \/>\ntournage a d\u00e9marr\u00e9, que le trio principal, Hagrid, Albus<br \/>\nDumbledore, Draco Malefoy et Severus Rogue ont d\u00e9j\u00e0 \u00e9t\u00e9 r\u00e9v\u00e9l\u00e9s,<br \/>\nmais que l\u2019interpr\u00e8te de Voldemort reste soigneusement gard\u00e9<br \/>\nsecret. Plusieurs sc\u00e9narios circulent : r\u00e9v\u00e9lation tardive en<br \/>\nsaison 4, qui correspondrait \u00e0 Harry Potter et la Coupe de<br \/>\nfeu, ou premi\u00e8re apparition d\u00e8s la fin de la saison 1, lors du<br \/>\nface-\u00e0-face avec le professeur Quirrell. Pour l\u2019instant, la<br \/>\nplateforme ne confirme pas l\u2019id\u00e9e d\u2019un \u00ab\u00a0Lady Voldemort\u00a0\u00bb et laisse<br \/>\nla question ouverte.<\/p>\n<p>Un Voldemort encore sans visage \u00e0<br \/>\nl\u2019\u00e9cran, malgr\u00e9 Matthew Macfadyen en audio<\/p>\n<p>Pendant que le nom de Cynthia Erivo tourne en boucle dans les<br \/>\ndiscussions, un seul acteur a officiellement endoss\u00e9 le manteau du<br \/>\nSeigneur des t\u00e9n\u00e8bres : Matthew Macfadyen. L\u2019acteur a \u00e9t\u00e9 choisi<br \/>\npour incarner Lord Voldemort dans les productions audio compl\u00e8tes<br \/>\nde Harry Potter chez Audible. Son jeu, d\u00e9crit comme tr\u00e8s<br \/>\nmesur\u00e9 et intense, pousse certains fans \u00e0 l\u2019imaginer aussi en<br \/>\nversion live, d\u2019autant qu\u2019Arabella Stanton, qui pr\u00eate sa voix \u00e0<br \/>\nHermione dans ces livres audio, joue \u00e9galement l\u2019h\u00e9ro\u00efne dans le<br \/>\nreboot t\u00e9l\u00e9vis\u00e9.<\/p>\n<p>Malgr\u00e9 ces parall\u00e8les, HBO n\u2019a annonc\u00e9 aucun nom pour le r\u00f4le de<br \/>\nVoldemort dans la s\u00e9rie. Ce silence nourrit toutes les hypoth\u00e8ses,<br \/>\nde la continuit\u00e9 entre audio et \u00e9cran \u00e0 l\u2019id\u00e9e d\u2019un casting<br \/>\ntotalement diff\u00e9rent, voire d\u2019un <strong>Cynthia Erivo<br \/>\nVoldemort<\/strong> qui resterait, \u00e0 ce stade, une pure construction<br \/>\ndes r\u00e9seaux sociaux. The Express Tribune souligne combien les<br \/>\nr\u00e9actions de fans sont d\u00e9j\u00e0 tr\u00e8s tranch\u00e9es, entre ceux qui<br \/>\nd\u00e9noncent un \u00e9loignement des descriptions de J.K. Rowling et ceux<br \/>\nqui d\u00e9fendent des choix de casting plus inclusifs. Les tensions<br \/>\nobserv\u00e9es autour du choix de <a href=\"https:\/\/www.mariefrance.fr\/news-people\/harry-potter-adapte-serie-paapa-essiedu-interpretera-professeur-rogue-1150824.html\" target=\"_blank\" rel=\"noopener\"><br \/>\nPaapa Essiedu<\/a> en Severus Rogue, \u00e9voqu\u00e9es par Peaches, montrent<br \/>\n\u00e0 quel point chaque r\u00e9v\u00e9lation de casting peut enflammer le d\u00e9bat,<br \/>\ntant que le studio garde le myst\u00e8re autour du v\u00e9ritable visage du<br \/>\nSeigneur des t\u00e9n\u00e8bres.<\/p>\n<p><script async src=\"https:\/\/platform.twitter.com\/widgets.js\" charset=\"utf-8\"><\/script><\/p>\n","protected":false},"excerpt":{"rendered":"Une image de Cynthia Erivo, fa\u00e7on Lord Voldemort, a envahi les r\u00e9seaux sociaux en quelques heures. De quoi&hellip;\n","protected":false},"author":2,"featured_media":577551,"comment_status":"","ping_status":"","sticky":false,"template":"","format":"standard","meta":{"footnotes":""},"categories":[8],"tags":[47,21303,58,59,1011,27,12,1314,5726,1364],"class_list":{"0":"post-577550","1":"post","2":"type-post","3":"status-publish","4":"format-standard","5":"has-post-thumbnail","7":"category-divertissement","8":"tag-actualite","9":"tag-buzz_nonli","10":"tag-divertissement","11":"tag-entertainment","12":"tag-fr","13":"tag-france","14":"tag-news","15":"tag-series","16":"tag-tele","17":"tag-tv"},"share_on_mastodon":{"url":"https:\/\/pubeurope.com\/@fr\/115661368735634385","error":""},"_links":{"self":[{"href":"https:\/\/www.europesays.com\/fr\/wp-json\/wp\/v2\/posts\/577550","targetHints":{"allow":["GET"]}}],"collection":[{"href":"https:\/\/www.europesays.com\/fr\/wp-json\/wp\/v2\/posts"}],"about":[{"href":"https:\/\/www.europesays.com\/fr\/wp-json\/wp\/v2\/types\/post"}],"author":[{"embeddable":true,"href":"https:\/\/www.europesays.com\/fr\/wp-json\/wp\/v2\/users\/2"}],"replies":[{"embeddable":true,"href":"https:\/\/www.europesays.com\/fr\/wp-json\/wp\/v2\/comments?post=577550"}],"version-history":[{"count":0,"href":"https:\/\/www.europesays.com\/fr\/wp-json\/wp\/v2\/posts\/577550\/revisions"}],"wp:featuredmedia":[{"embeddable":true,"href":"https:\/\/www.europesays.com\/fr\/wp-json\/wp\/v2\/media\/577551"}],"wp:attachment":[{"href":"https:\/\/www.europesays.com\/fr\/wp-json\/wp\/v2\/media?parent=577550"}],"wp:term":[{"taxonomy":"category","embeddable":true,"href":"https:\/\/www.europesays.com\/fr\/wp-json\/wp\/v2\/categories?post=577550"},{"taxonomy":"post_tag","embeddable":true,"href":"https:\/\/www.europesays.com\/fr\/wp-json\/wp\/v2\/tags?post=577550"}],"curies":[{"name":"wp","href":"https:\/\/api.w.org\/{rel}","templated":true}]}}