{"id":577554,"date":"2025-12-04T12:47:14","date_gmt":"2025-12-04T12:47:14","guid":{"rendered":"https:\/\/www.europesays.com\/fr\/577554\/"},"modified":"2025-12-04T12:47:14","modified_gmt":"2025-12-04T12:47:14","slug":"trahisons-manipulations-surveillance-les-methodes-de-bernard-arnault-dissequees-dans-cash-investigation-liberation","status":"publish","type":"post","link":"https:\/\/www.europesays.com\/fr\/577554\/","title":{"rendered":"Trahisons, manipulations, surveillance\u2026 Les m\u00e9thodes de Bernard Arnault diss\u00e9qu\u00e9es dans \u00abCash Investigation\u00bb \u2013 Lib\u00e9ration"},"content":{"rendered":"<p class=\"sc-cPiKLX AiZTS text-element\">Finalement, qui est <a href=\"https:\/\/www.liberation.fr\/tags\/bernard-arnault\/\" target=\"_blank\" rel=\"noreferrer noopener\" title=\"https:\/\/www.liberation.fr\/tags\/bernard-arnault\/\">Bernard Arnault<\/a> ? Jeudi 4 d\u00e9cembre en prime time de France 2, un documentaire de Cash Investigation dense et long de pr\u00e8s de deux heures ne suffit pas \u00e0 portraiturer le patron du num\u00e9ro un mondial du luxe, <a href=\"https:\/\/www.liberation.fr\/tags\/lvmh\/\" target=\"_blank\" rel=\"noreferrer noopener\" title=\"https:\/\/www.liberation.fr\/tags\/lvmh\/\">LVMH<\/a>, tant les facettes du Roubaisien de 76 ans sont multiples. \u00abBernard Arnault, ombre et lumi\u00e8re d\u2019un empire\u00bb, sign\u00e9 par Mathieu Robert et produit par Premi\u00e8res lignes, s\u2019attache n\u00e9anmoins \u00e0 en \u00e9clairer certaines de mani\u00e8re saisissante \u2013 et notamment les m\u00e9thodes utilis\u00e9es pour \u00e9tendre son groupe, celles d\u2019un \u00abf\u00e9roce pr\u00e9dateur\u00bb pr\u00eat \u00e0 tout.<\/p>\n","protected":false},"excerpt":{"rendered":"Finalement, qui est Bernard Arnault ? Jeudi 4 d\u00e9cembre en prime time de France 2, un documentaire de&hellip;\n","protected":false},"author":2,"featured_media":577555,"comment_status":"","ping_status":"","sticky":false,"template":"","format":"standard","meta":{"footnotes":""},"categories":[6],"tags":[3820,35,33,34,4777,1011,27,2400,342,7484],"class_list":{"0":"post-577554","1":"post","2":"type-post","3":"status-publish","4":"format-standard","5":"has-post-thumbnail","7":"category-economie","8":"tag-bernard-arnault","9":"tag-business","10":"tag-economie","11":"tag-economy","12":"tag-espionnage","13":"tag-fr","14":"tag-france","15":"tag-france-televisions","16":"tag-impots","17":"tag-lvmh"},"share_on_mastodon":{"url":"https:\/\/pubeurope.com\/@fr\/115661376449509441","error":""},"_links":{"self":[{"href":"https:\/\/www.europesays.com\/fr\/wp-json\/wp\/v2\/posts\/577554","targetHints":{"allow":["GET"]}}],"collection":[{"href":"https:\/\/www.europesays.com\/fr\/wp-json\/wp\/v2\/posts"}],"about":[{"href":"https:\/\/www.europesays.com\/fr\/wp-json\/wp\/v2\/types\/post"}],"author":[{"embeddable":true,"href":"https:\/\/www.europesays.com\/fr\/wp-json\/wp\/v2\/users\/2"}],"replies":[{"embeddable":true,"href":"https:\/\/www.europesays.com\/fr\/wp-json\/wp\/v2\/comments?post=577554"}],"version-history":[{"count":0,"href":"https:\/\/www.europesays.com\/fr\/wp-json\/wp\/v2\/posts\/577554\/revisions"}],"wp:featuredmedia":[{"embeddable":true,"href":"https:\/\/www.europesays.com\/fr\/wp-json\/wp\/v2\/media\/577555"}],"wp:attachment":[{"href":"https:\/\/www.europesays.com\/fr\/wp-json\/wp\/v2\/media?parent=577554"}],"wp:term":[{"taxonomy":"category","embeddable":true,"href":"https:\/\/www.europesays.com\/fr\/wp-json\/wp\/v2\/categories?post=577554"},{"taxonomy":"post_tag","embeddable":true,"href":"https:\/\/www.europesays.com\/fr\/wp-json\/wp\/v2\/tags?post=577554"}],"curies":[{"name":"wp","href":"https:\/\/api.w.org\/{rel}","templated":true}]}}