{"id":577558,"date":"2025-12-04T12:49:20","date_gmt":"2025-12-04T12:49:20","guid":{"rendered":"https:\/\/www.europesays.com\/fr\/577558\/"},"modified":"2025-12-04T12:49:20","modified_gmt":"2025-12-04T12:49:20","slug":"ils-ont-tire-pour-tuer-policiers-blesses-a-castres-ce-que-lon-sait-de-la-fusillade","status":"publish","type":"post","link":"https:\/\/www.europesays.com\/fr\/577558\/","title":{"rendered":"\u00ab\u00a0Ils ont tir\u00e9 pour tuer\u00a0!\u00a0\u00bb Policiers bless\u00e9s \u00e0 Castres\u00a0: ce que l\u2019on sait de la fusillade"},"content":{"rendered":"<p>\n                                                                    l&rsquo;essentiel<br \/>\n                                                                La violence \u00e0 Castres atteint un nouveau sommet. Des policiers ont \u00e9t\u00e9 pris pour cible par des tirs dans le quartier de Lameilh\u00e9. Malgr\u00e9 l\u2019absence de bless\u00e9s graves, l\u2019inqui\u00e9tude grandit parmi les habitants.\n                            <\/p>\n<p>L\u2019\u00e9motion et la tension montent \u00e0 Castres apr\u00e8s le d\u00e9cha\u00eenement de violence de ces derniers jours, o\u00f9 de nombreux coups de feu ont \u00e9t\u00e9 tir\u00e9s dans le quartier de Lameilh\u00e9, rue Goya, devant une barre d\u2019immeubles. Point d\u2019orgue\u00a0: ce mercredi soir, ce sont des policiers qui ont \u00e9t\u00e9 pris pour cible par des tirs. R\u00e9cit d\u2019une soir\u00e9e qui aurait pu tourner au drame.<\/p>\n<p>        <img decoding=\"async\" class=\"std-img__img responsive-img\" src=\"https:\/\/www.europesays.com\/fr\/wp-content\/uploads\/2025\/12\/1764852558_298_image.jpg\" alt=\"C\u2019est devant cet immeuble que la fusillade a eu lieu.\"\/><\/p>\n<p>                C\u2019est devant cet immeuble que la fusillade a eu lieu.<br \/>\n                                    DDM &#8211; JE<\/p>\n<p>5 coups de feu contre les policiers<\/p>\n<p>Tout commence vers 20\u00a0h\u00a040. Un \u00e9quipage de la BAC de Castres \u2013 trois policiers \u2013 est alert\u00e9. Sur des images de vid\u00e9osurveillance de la rue Goya, un individu est vu porteur d\u2019une \u00ab\u00a0arme d\u2019\u00e9paule\u00a0\u00bb. Rapidement, un deuxi\u00e8me homme est aper\u00e7u sur les images, porteur d\u2019un fusil d\u2019assaut. Les deux hommes se rendent dans le hall de l\u2019immeuble. C\u2019est alors que la BAC arrive sur place, renforc\u00e9e par d\u2019autres effectifs de police secours. En tout, sept policiers sont sur les lieux. Apr\u00e8s une fouille minutieuse, ils retrouvent une carabine, dissimul\u00e9e sous une voiture, et un homme qui se cache \u00e0 proximit\u00e9. L\u2019individu est interpell\u00e9.<\/p>\n<p class=\"std-elt__inline\">\n        <strong>\u00c0 lire aussi :<\/strong><br \/>\n        <a href=\"https:\/\/www.ladepeche.fr\/2025\/12\/02\/coups-de-feu-en-pleine-nuit-une-enquete-sur-une-possible-guerre-de-territoire-entre-bandes-rivales-secoue-un-quartier-de-castres-13085960.php\" target=\"_blank\" rel=\"noopener\">Coups de feu en pleine nuit\u00a0: une enqu\u00eate sur une possible \u00ab\u00a0guerre de territoire\u00a0\u00bb entre bandes rivales secoue un quartier de Castres<\/a>\n    <\/p>\n<p>C\u2019est alors que, pendant que les forces de l\u2019ordre proc\u00e8dent au contr\u00f4le d\u2019autres personnes pr\u00e9sentes sur les lieux, une voiture arrive dans la rue. Des individus en sortent et se mettent \u00e0 tirer en direction des policiers. En tout, cinq tirs, qui ne touchent personne mais qui sont faits \u00ab\u00a0\u00e0 hauteur d\u2019homme\u00a0\u00bb, explique Patrick Batigne, secr\u00e9taire d\u00e9partemental du syndicat Alliance. \u00ab\u00a0Ils ont tir\u00e9 pour tuer. Ce n\u2019\u00e9tait pas fait pour intimider. Si les coll\u00e8gues ne s\u2019\u00e9taient pas mis \u00e0 l\u2019abri, nous serions en train de pleurer en ce moment\u2026\u00a0\u00bb Les tireurs, \u00e0 bord de leur v\u00e9hicule, prennent la fuite. Ils sont activement recherch\u00e9s au moment o\u00f9 nous \u00e9crivons ces lignes. Deux policiers ont \u00e9t\u00e9 l\u00e9g\u00e8rement bless\u00e9s par des \u00e9clats, \u00e0 la t\u00eate et au bras.<\/p>\n<p>        <img decoding=\"async\" class=\"std-img__img responsive-img\" src=\"https:\/\/www.europesays.com\/fr\/wp-content\/uploads\/2025\/12\/1764852560_526_image.png\" alt=\"Une vid\u00e9o des violences du d\u00e9but de semaine circule sur les r\u00e9seaux sociaux.\"\/><\/p>\n<p>                Une vid\u00e9o des violences du d\u00e9but de semaine circule sur les r\u00e9seaux sociaux.<br \/>\n                                    DDM<\/p>\n<p>\u00ab\u00a0Depuis que je suis dans le Tarn, je n\u2019ai jamais vu de policiers \u00eatre la cible de criminels de la sorte. Les coll\u00e8gues ont vu la mort. Je dis \u00e0 la hi\u00e9rarchie qu\u2019il faut des effectifs, sur le terrain et dans les bureaux, pour mettre hors d\u2019\u00e9tat de nuire ces individus.\u00a0\u00bb D\u2019apr\u00e8s nos informations, des renforts de CRS auraient \u00e9t\u00e9 requis. Le pr\u00e9fet du Tarn, Simon Bertoux, a condamn\u00e9 \u00ab\u00a0fermement l\u2019agression inqualifiable\u00a0\u00bb et \u00ab\u00a0salue l\u2019engagement constant des forces de l\u2019ordre\u00a0\u00bb dans la lutte contre le narcotrafic. Le ministre de l\u2019Int\u00e9rieur Laurent Nunez a r\u00e9agi sur les r\u00e9seaux sociaux, d\u00e9non\u00e7ant une \u00ab\u00a0attaque inadmissible et insupportable.\u00a0\u00bb<\/p>\n<p>        <img decoding=\"async\" class=\"std-img__img responsive-img\" src=\"https:\/\/www.europesays.com\/fr\/wp-content\/uploads\/2025\/12\/1764852560_50_image.jpg\" alt=\"Les impacts des tirs de la nuit de dimanche \u00e0 lundi sont visibles.\"\/><\/p>\n<p>                Les impacts des tirs de la nuit de dimanche \u00e0 lundi sont visibles.<br \/>\n                                    DDM &#8211; JE<\/p>\n<p>Les habitants inquiets<\/p>\n<p>Ce jeudi matin, aux abords de la barre d\u2019immeubles, le calme est revenu. Cette m\u00e8re de famille est inqui\u00e8te pour l\u2019avenir de son quartier o\u00f9 elle vit depuis des ann\u00e9es. \u00ab\u00a0Mes enfants n\u2019ont pas voulu aller \u00e0 l\u2019\u00e9cole ce matin, ils ont peur de sortir\u00a0!\u00a0\u00bb \u00c0 l\u2019image de cette voisine interrog\u00e9e mardi apr\u00e8s les premi\u00e8res violences, elle en appelle aux pouvoirs publics pour que le calme revienne.<\/p>\n<p>Car, d\u00e9j\u00e0, dans la nuit de dimanche \u00e0 lundi, plus d\u2019une dizaine de coups de feu avaient \u00e9t\u00e9 tir\u00e9s au niveau du num\u00e9ro\u00a015 de la rue Goya, vraisemblablement dans le cadre d\u2019un conflit entre bandes rivales sur fond de trafic de drogue. Le parquet de Castres, contact\u00e9 par La D\u00e9p\u00eache, a d\u2019ailleurs confirm\u00e9 qu\u2019une enqu\u00eate \u00e9tait ouverte pour \u00ab\u00a0violence avec arme et transport sans motif l\u00e9gitime d\u2019armes de cat\u00e9gorie C par au moins deux personnes.\u00a0\u00bb<\/p>\n","protected":false},"excerpt":{"rendered":"l&rsquo;essentiel La violence \u00e0 Castres atteint un nouveau sommet. Des policiers ont \u00e9t\u00e9 pris pour cible par des&hellip;\n","protected":false},"author":2,"featured_media":577559,"comment_status":"","ping_status":"","sticky":false,"template":"","format":"standard","meta":{"footnotes":""},"categories":[4],"tags":[11,8173,118,1011,27,12,25,8412],"class_list":{"0":"post-577558","1":"post","2":"type-post","3":"status-publish","4":"format-standard","5":"has-post-thumbnail","7":"category-france","8":"tag-actualites","9":"tag-castres","10":"tag-faits-divers","11":"tag-fr","12":"tag-france","13":"tag-news","14":"tag-republique-francaise","15":"tag-tarn"},"share_on_mastodon":{"url":"https:\/\/pubeurope.com\/@fr\/115661385617613312","error":""},"_links":{"self":[{"href":"https:\/\/www.europesays.com\/fr\/wp-json\/wp\/v2\/posts\/577558","targetHints":{"allow":["GET"]}}],"collection":[{"href":"https:\/\/www.europesays.com\/fr\/wp-json\/wp\/v2\/posts"}],"about":[{"href":"https:\/\/www.europesays.com\/fr\/wp-json\/wp\/v2\/types\/post"}],"author":[{"embeddable":true,"href":"https:\/\/www.europesays.com\/fr\/wp-json\/wp\/v2\/users\/2"}],"replies":[{"embeddable":true,"href":"https:\/\/www.europesays.com\/fr\/wp-json\/wp\/v2\/comments?post=577558"}],"version-history":[{"count":0,"href":"https:\/\/www.europesays.com\/fr\/wp-json\/wp\/v2\/posts\/577558\/revisions"}],"wp:featuredmedia":[{"embeddable":true,"href":"https:\/\/www.europesays.com\/fr\/wp-json\/wp\/v2\/media\/577559"}],"wp:attachment":[{"href":"https:\/\/www.europesays.com\/fr\/wp-json\/wp\/v2\/media?parent=577558"}],"wp:term":[{"taxonomy":"category","embeddable":true,"href":"https:\/\/www.europesays.com\/fr\/wp-json\/wp\/v2\/categories?post=577558"},{"taxonomy":"post_tag","embeddable":true,"href":"https:\/\/www.europesays.com\/fr\/wp-json\/wp\/v2\/tags?post=577558"}],"curies":[{"name":"wp","href":"https:\/\/api.w.org\/{rel}","templated":true}]}}