{"id":577564,"date":"2025-12-04T12:53:13","date_gmt":"2025-12-04T12:53:13","guid":{"rendered":"https:\/\/www.europesays.com\/fr\/577564\/"},"modified":"2025-12-04T12:53:13","modified_gmt":"2025-12-04T12:53:13","slug":"les-jeunes-elus-du-cmj-deja-pleinement-engages-a-saint-etienne-du-gres-avec-une-recolte-de-44-kg-dolives","status":"publish","type":"post","link":"https:\/\/www.europesays.com\/fr\/577564\/","title":{"rendered":"Les jeunes \u00e9lus du CMJ d\u00e9j\u00e0 pleinement engag\u00e9s \u00e0 Saint-\u00c9tienne-du-Gr\u00e8s avec une r\u00e9colte de 44 kg d&rsquo;olives"},"content":{"rendered":"<p>Il y a quelques jours, Amaury, Milo, Augustin, Ange, Batiste, Alix, Camille et Aure ont endoss\u00e9 leur r\u00f4le <a href=\"https:\/\/www.laprovence.com\/article\/politique\/49509707114511\/les-12-nouveaux-membres-du-conseil-municipal-des-jeunes-ont-recu-leurs-echarpes-a-saint-etienne-du-gres\" target=\"_blank\" rel=\"noopener\">d\u2019\u00e9lus du CMJ<\/a> de <a href=\"https:\/\/www.laprovence.com\/bouches-du-rhone\/saint-etienne-du-gres-13094\" target=\"_blank\" rel=\"noopener\">Saint-\u00c9tienne-du-Gr\u00e8s<\/a> avec s\u00e9rieux et enthousiasme, lors d\u2019une grande op\u00e9ration de r\u00e9colte d\u2019olives qui restera comme leur premi\u00e8re action collective.<\/p>\n<p>Leur mobilisation illustre parfaitement l\u2019\u00e9lan citoyen qui les anime et la volont\u00e9 d\u2019\u00eatre utiles \u00e0 leur commune d\u00e8s le d\u00e9but de leur mandat. Bravant le mistral, les jeunes \u00e9lus se sont r\u00e9partis autour des <a href=\"https:\/\/www.laprovence.com\/article\/economie\/41407445644475\/au-pied-de-la-sainte-victoire-on-plante-des-oliviers-millenaires-et-on-securise-la-foret\" target=\"_blank\" rel=\"noopener\">oliviers <\/a>municipaux, mais aussi de ceux de cinq particuliers qui ont accept\u00e9 d\u2019ouvrir leur propri\u00e9t\u00e9 pour l\u2019occasion.<\/p>\n<p>Leur accueil chaleureux a permis aux participants de d\u00e9couvrir d\u2019autres terrains, d\u2019\u00e9changer sur les techniques de cueillette et de mieux comprendre l\u2019importance de pr\u00e9server ces arbres embl\u00e9matiques du territoire.<\/p>\n<p>Les olives press\u00e9es \u00e0 Mouri\u00e8s<\/p>\n<p>L\u2019apr\u00e8s-midi a \u00e9t\u00e9 rythm\u00e9e par le son des peignes glissant sur les branches et les discussions enthousiastes des participants. Les vari\u00e9t\u00e9s salonenque, b\u00e9ruguette et verdale, toutes typiques de la r\u00e9gion, ont \u00e9t\u00e9 cueillies avec soin par les jeunes mains appliqu\u00e9es du CMJ.<\/p>\n<p>Pour beaucoup, il s\u2019agissait d\u2019une premi\u00e8re exp\u00e9rience de r\u00e9colte, un moment ludique et instructif qui leur a permis de toucher du doigt un savoir-faire local transmis de g\u00e9n\u00e9ration en g\u00e9n\u00e9ration.<\/p>\n<p>L\u2019ensemble de la r\u00e9colte, totalisant 44\u00a0kg d\u2019olives gr\u00e9souillaises, a \u00e9t\u00e9 apport\u00e9 au Moulin Saint-Michel de <a href=\"https:\/\/www.laprovence.com\/bouches-du-rhone\/mouries-13065\" target=\"_blank\" rel=\"noopener\">Mouri\u00e8s<\/a>. Avec un rendement moyen d\u2019un litre d\u2019huile pour six kilos d\u2019olives, cette cueillette donnera environ sept litres d\u2019une huile d\u2019olive locale de qualit\u00e9. Celle-ci sera conditionn\u00e9e en fioles de 25\u00a0cl et vendue pendant le march\u00e9 de No\u00ebl au profit des projets du CMJ, parmi lesquels figure notamment la cr\u00e9ation d\u2019un futur espace d\u00e9di\u00e9 aux jeunes.<\/p>\n<p>Au-del\u00e0 du simple geste agricole, cette action symbolique marque les premiers pas tr\u00e8s concrets d\u2019un groupe d\u2019\u00e9lus motiv\u00e9s, soud\u00e9s et d\u00e9j\u00e0 d\u00e9sireux d\u2019apporter leur contribution \u00e0 la vie de la commune.<\/p>\n","protected":false},"excerpt":{"rendered":"Il y a quelques jours, Amaury, Milo, Augustin, Ange, Batiste, Alix, Camille et Aure ont endoss\u00e9 leur r\u00f4le&hellip;\n","protected":false},"author":2,"featured_media":577565,"comment_status":"","ping_status":"","sticky":false,"template":"","format":"standard","meta":{"footnotes":""},"categories":[9653],"tags":[17,1111,11,2430,69207,1442,10153,43745,1777,674,1011,27,4074,151,12,69208,25,4001,104],"class_list":{"0":"post-577564","1":"post","2":"type-post","3":"status-publish","4":"format-standard","5":"has-post-thumbnail","7":"category-saint-etienne","8":"tag-17","9":"tag-actu","10":"tag-actualites","11":"tag-auvergne-rhone-alpes","12":"tag-cmj","13":"tag-deja","14":"tag-elus","15":"tag-engages","16":"tag-eu","17":"tag-europe","18":"tag-fr","19":"tag-france","20":"tag-jeunes","21":"tag-les","22":"tag-news","23":"tag-pleinement","24":"tag-republique-francaise","25":"tag-saint-etienne","26":"tag-societe"},"share_on_mastodon":{"url":"https:\/\/pubeurope.com\/@fr\/115661400017588098","error":""},"_links":{"self":[{"href":"https:\/\/www.europesays.com\/fr\/wp-json\/wp\/v2\/posts\/577564","targetHints":{"allow":["GET"]}}],"collection":[{"href":"https:\/\/www.europesays.com\/fr\/wp-json\/wp\/v2\/posts"}],"about":[{"href":"https:\/\/www.europesays.com\/fr\/wp-json\/wp\/v2\/types\/post"}],"author":[{"embeddable":true,"href":"https:\/\/www.europesays.com\/fr\/wp-json\/wp\/v2\/users\/2"}],"replies":[{"embeddable":true,"href":"https:\/\/www.europesays.com\/fr\/wp-json\/wp\/v2\/comments?post=577564"}],"version-history":[{"count":0,"href":"https:\/\/www.europesays.com\/fr\/wp-json\/wp\/v2\/posts\/577564\/revisions"}],"wp:featuredmedia":[{"embeddable":true,"href":"https:\/\/www.europesays.com\/fr\/wp-json\/wp\/v2\/media\/577565"}],"wp:attachment":[{"href":"https:\/\/www.europesays.com\/fr\/wp-json\/wp\/v2\/media?parent=577564"}],"wp:term":[{"taxonomy":"category","embeddable":true,"href":"https:\/\/www.europesays.com\/fr\/wp-json\/wp\/v2\/categories?post=577564"},{"taxonomy":"post_tag","embeddable":true,"href":"https:\/\/www.europesays.com\/fr\/wp-json\/wp\/v2\/tags?post=577564"}],"curies":[{"name":"wp","href":"https:\/\/api.w.org\/{rel}","templated":true}]}}