{"id":577570,"date":"2025-12-04T12:56:13","date_gmt":"2025-12-04T12:56:13","guid":{"rendered":"https:\/\/www.europesays.com\/fr\/577570\/"},"modified":"2025-12-04T12:56:13","modified_gmt":"2025-12-04T12:56:13","slug":"le-corps-dune-adolescente-retrouve-dans-une-chambre-dun-internat-a-toulon","status":"publish","type":"post","link":"https:\/\/www.europesays.com\/fr\/577570\/","title":{"rendered":"Le corps d&rsquo;une adolescente retrouv\u00e9 dans une chambre d&rsquo;un internat \u00e0 Toulon"},"content":{"rendered":"<p>Une adolescente a \u00e9t\u00e9 retrouv\u00e9e morte ce jeudi 4 d\u00e9cembre, dans une chambre d&rsquo;internat dans un lyc\u00e9e de Toulon. Selon le site de <a href=\"https:\/\/www.bfmtv.com\/var\/faits-divers\/le-corps-d-une-adolescente-de-16-ans-retrouve-dans-une-chambre-d-internat-d-un-lycee-toulonnais_AN-202512040481.html\" target=\"_blank\" rel=\"noopener\">BFMTV<\/a>, la jeune fille \u00e9tait \u00e2g\u00e9e de 16 ans et a \u00e9t\u00e9 d\u00e9couverte dans l&rsquo;\u00e9tablissement Dumont-d&rsquo;Urville.<\/p>\n<p>Selon nos confr\u00e8res, c&rsquo;est une femme de m\u00e9nage qui a retrouv\u00e9 la jeune fille inanim\u00e9e t\u00f4t ce jeudi matin.\u00a0<\/p>\n<p>La th\u00e8se du suicide envisag\u00e9e<\/p>\n<p>Selon les premiers \u00e9l\u00e9ments de l&rsquo;enqu\u00eate recueillis par nos confr\u00e8res mais aussi par <a href=\"https:\/\/www.nicematin.com\/faits-divers\/le-corps-d-une-lyceenne-decouvert-a-l-internat-du-lycee-duomnt-d-urville-a-toulon-10659447\" target=\"_blank\" rel=\"noopener\">Var-Matin<\/a>, la th\u00e8se du suicide est privil\u00e9gi\u00e9e. Une cellule psychologique a \u00e9t\u00e9 mise en place pour accompagner les autres internes, indique la pr\u00e9fecture du Var.<\/p>\n","protected":false},"excerpt":{"rendered":"Une adolescente a \u00e9t\u00e9 retrouv\u00e9e morte ce jeudi 4 d\u00e9cembre, dans une chambre d&rsquo;internat dans un lyc\u00e9e de&hellip;\n","protected":false},"author":2,"featured_media":577571,"comment_status":"","ping_status":"","sticky":false,"template":"","format":"standard","meta":{"footnotes":""},"categories":[9619],"tags":[17,1111,11,13008,15760,6725,1446,4440,1777,674,274,1011,27,12,882,25,4256,2310,96],"class_list":{"0":"post-577570","1":"post","2":"type-post","3":"status-publish","4":"format-standard","5":"has-post-thumbnail","7":"category-toulon","8":"tag-17","9":"tag-actu","10":"tag-actualites","11":"tag-adolescente","12":"tag-chambre","13":"tag-corps","14":"tag-dans","15":"tag-dune","16":"tag-eu","17":"tag-europe","18":"tag-faits-divers-justice","19":"tag-fr","20":"tag-france","21":"tag-news","22":"tag-provence-alpes-cote-dazur","23":"tag-republique-francaise","24":"tag-retrouve","25":"tag-toulon","26":"tag-une"},"share_on_mastodon":{"url":"https:\/\/pubeurope.com\/@fr\/115661411849676742","error":""},"_links":{"self":[{"href":"https:\/\/www.europesays.com\/fr\/wp-json\/wp\/v2\/posts\/577570","targetHints":{"allow":["GET"]}}],"collection":[{"href":"https:\/\/www.europesays.com\/fr\/wp-json\/wp\/v2\/posts"}],"about":[{"href":"https:\/\/www.europesays.com\/fr\/wp-json\/wp\/v2\/types\/post"}],"author":[{"embeddable":true,"href":"https:\/\/www.europesays.com\/fr\/wp-json\/wp\/v2\/users\/2"}],"replies":[{"embeddable":true,"href":"https:\/\/www.europesays.com\/fr\/wp-json\/wp\/v2\/comments?post=577570"}],"version-history":[{"count":0,"href":"https:\/\/www.europesays.com\/fr\/wp-json\/wp\/v2\/posts\/577570\/revisions"}],"wp:featuredmedia":[{"embeddable":true,"href":"https:\/\/www.europesays.com\/fr\/wp-json\/wp\/v2\/media\/577571"}],"wp:attachment":[{"href":"https:\/\/www.europesays.com\/fr\/wp-json\/wp\/v2\/media?parent=577570"}],"wp:term":[{"taxonomy":"category","embeddable":true,"href":"https:\/\/www.europesays.com\/fr\/wp-json\/wp\/v2\/categories?post=577570"},{"taxonomy":"post_tag","embeddable":true,"href":"https:\/\/www.europesays.com\/fr\/wp-json\/wp\/v2\/tags?post=577570"}],"curies":[{"name":"wp","href":"https:\/\/api.w.org\/{rel}","templated":true}]}}