{"id":577582,"date":"2025-12-04T13:03:17","date_gmt":"2025-12-04T13:03:17","guid":{"rendered":"https:\/\/www.europesays.com\/fr\/577582\/"},"modified":"2025-12-04T13:03:17","modified_gmt":"2025-12-04T13:03:17","slug":"un-reseau-depiceries-discret-fait-des-ravages","status":"publish","type":"post","link":"https:\/\/www.europesays.com\/fr\/577582\/","title":{"rendered":"\u00ab\u00a0Un r\u00e9seau d&rsquo;\u00e9piceries discret\u00a0\u00bb fait des ravages"},"content":{"rendered":"<p>                    Par<br \/>\n        <strong><br \/>\n            <a href=\"https:\/\/actu.fr\/auteur\/lisa-rodrigues\" title=\"Consulter tous les articles de Lisa Rodrigues\" target=\"_blank\" rel=\"noopener\">Lisa Rodrigues<\/a><br \/>\n                    <\/strong><\/p>\n<p>        Publi\u00e9 le<\/p>\n<p>            4 d\u00e9c. 2025 \u00e0 13h46        <\/p>\n<p>D\u00e9but d\u00e9cembre, un dossier de trafic de cigarettes a \u00e9t\u00e9 pr\u00e9sent\u00e9 au tribunal de <a href=\"https:\/\/actu.fr\/auvergne-rhone-alpes\/grenoble_38185\" target=\"_blank\" rel=\"noopener\">Grenoble<\/a>. Deux hommes sont soup\u00e7onn\u00e9s d\u2019avoir achet\u00e9 \u00e0 <a href=\"https:\/\/actu.fr\/auvergne-rhone-alpes\/lyon_69123\" target=\"_blank\" rel=\"noopener\">Lyon<\/a> plus de 2 700 cartouches de cigarettes de contrebande destin\u00e9es au march\u00e9 turc pour les \u00e9couler via une \u00e9picerie de nuit \u00e0 \u00c9chirolles.<br \/>\u00c0 cette occasion, Daniel Bruquel, chef du service pr\u00e9vention du commerce illicite chez le tabagiste Philip Morris France, d\u00e9crypte pour actu Grenoble la <strong>place du march\u00e9 parall\u00e8le de cigarettes<\/strong> dans la capitale des Alpes.<\/p>\n<p>Plus d\u2019une cigarette sur deux ne vient pas de chez un buraliste<\/p>\n<p class=\"ac-article-content__question wall-content\"><strong class=\"color-primary\">Actu : <\/strong>Quelle est l&rsquo;ampleur du march\u00e9 parall\u00e8le de la cigarette \u00e0 Grenoble ?<\/p>\n<p class=\" wall-content\"><strong class=\"color-primary\">Daniel Bruquel : <\/strong>Aujourd&rsquo;hui, une cigarette sur deux consomm\u00e9e en France n&rsquo;est pas du r\u00e9seau l\u00e9gal des buralistes. C&rsquo;est \u00e0 peu pr\u00e8s le double d&rsquo;il y a 10 ans.<br \/>\u00c0 Grenoble, on est \u00e0 54 % au premier semestre 2025, donc un petit peu au-dessus de la moyenne nationale. En 2019, on \u00e9tait \u00e0 27 %. La cigarette de contrefa\u00e7on en tant que telle repr\u00e9sentait un peu moins de 4% en 2019. Aujourd&rsquo;hui, c\u2019est 17%.<\/p>\n<p class=\"ac-article-content__question wall-content\">Quels sont les canaux de distribution de ces cigarettes ?<\/p>\n<p class=\" wall-content\"><strong class=\"color-primary\">DB : <\/strong>Avec le passage du paquet \u00e0 10 \u20ac en 2020 et la p\u00e9riode de confinement o\u00f9 aller \u00e0 l&rsquo;\u00e9tranger n\u2019\u00e9tait plus possible, les consommateurs ont trouv\u00e9 d&rsquo;autres solutions. Notamment par les r\u00e9seaux de distribution ill\u00e9gaux sur les r\u00e9seaux sociaux, comme Snapchat, WhatsApp ou Facebook.<br \/>Les points de deal physiques dans la rue se sont d\u00e9velopp\u00e9s dans un second temps. Et le dernier \u00e9tage, ce sont les \u00e9piceries de nuit.<\/p>\n<p>    <img   decoding=\"async\" loading=\"lazy\" src=\"https:\/\/www.europesays.com\/fr\/wp-content\/uploads\/2025\/12\/581abcfb730963c1abcfb7309102abv-960x640.jpeg\" alt=\"La consommation de cigarettes issues des r\u00e9seaux de contrebande et de contrefa\u00e7on a explos\u00e9, selon une \u00e9tude.\" width=\"960\" height=\"640\"\/><br \/>\n    La consommation de cigarettes issues des r\u00e9seaux de contrebande et de contrefa\u00e7on a explos\u00e9 en France, et la ville de Grenoble n\u2019est pas \u00e9pargn\u00e9e. (\u00a9Illustration \/ actu.fr \/ Juliette VOISIN)<\/p>\n<p class=\"ac-article-content__question wall-content\">La M\u00e9tropole de Grenoble n&rsquo;est donc pas \u00e9pargn\u00e9e par le ph\u00e9nom\u00e8ne ?<\/p>\n<p class=\" wall-content\"><strong class=\"color-primary\">DB : <\/strong>Les grandes villes sont particuli\u00e8rement touch\u00e9es. En zone rurale ou grande p\u00e9riph\u00e9rie, vous avez exactement les m\u00eames ph\u00e9nom\u00e8nes.<br \/>Sur Grenoble, vous \u00eates proches de Lyon, qui est un hub de trafic de contrefa\u00e7on de cigarettes r\u00e9put\u00e9 : des r\u00e9seaux mafieux sont r\u00e9guli\u00e8rement d\u00e9mantel\u00e9s.<br \/>Les r\u00e9seaux de distribution de produits ill\u00e9gaux sur Grenoble sont quand m\u00eame assez bien ancr\u00e9s. Et on entre dans une normalisation de ce type de trafic : il y a quelques mois, des dealers ont mis des flyers avec tous leurs produits dans les bo\u00eetes aux lettres de la banlieue de Grenoble.<\/p>\n<p>Les risques encourus<\/p>\n<p class=\"ac-article-content__question wall-content\">C\u2019est un march\u00e9 qui rapporte \u00e0 ces trafiquants ?<\/p>\n<p class=\" wall-content\"><strong class=\"color-primary\">DB : <\/strong>C&rsquo;est un business extr\u00eamement lucratif. Quand vous achetez des cartouches \u00e0 23 \u20ac pour les revendre \u00e0 50 \u20ac, \u00e7a fait une marge cons\u00e9quente. En vendant un paquet \u00e0 5 \u20ac, contre 12-13 \u20ac chez le buraliste, \u00e7a attire le consommateur.\u00a0<br \/>Si on prend juste la contrefa\u00e7on de cigarettes, c&rsquo;est 2,3 milliards de revenus pour les groupes criminels en France. Le trafic de stup\u00e9fiants, selon la derni\u00e8re commission d&rsquo;enqu\u00eate sur le narcotrafic, c&rsquo;est 3,5 milliards \u20ac. <br \/>Pour le trafic de cigarettes, vous risquez 3 ans de prison, alors que sur le trafic de stup\u00e9fiants, c\u2019est 10 ans. Avec 10 millions de fumeurs en France, les trafiquants ont une balance risque-rentabilit\u00e9 extr\u00eamement positive.<\/p>\n<p>    <img   decoding=\"async\" loading=\"lazy\" src=\"https:\/\/www.europesays.com\/fr\/wp-content\/uploads\/2025\/12\/cigarettes-tabac-paquet-trafic-960x640.jpg\" alt=\"Deux affaires li\u00e9es \u00e0 un trafic de tabac ont \u00e9t\u00e9 \u00e9lucid\u00e9es pr\u00e8s du Havre.\" width=\"960\" height=\"640\"\/><br \/>\n    Le trafic de cigarettes est de plus en plus li\u00e9 aux autres activit\u00e9s ill\u00e9gales de groupes criminels, comme les stup\u00e9fiants. (\u00a9Illustration\/ JB \/ 76actu)<\/p>\n<p>Votre r\u00e9gion, votre actu !<\/p>\n<p>Recevez chaque jour les infos qui comptent pour vous.<\/p>\n<p>\t<a href=\"https:\/\/actu.fr\/newsletter\" class=\"ac-btn ac-btn--corner ac-btn--medium ac-btn--blue800\" target=\"_blank\" rel=\"noopener\">S&rsquo;incrire<\/a><\/p>\n<p class=\"ac-article-content__question wall-content\">Quels sont les risques encourus par les acheteurs de cigarettes sur le march\u00e9 parall\u00e8le ?<\/p>\n<p class=\" wall-content\"><strong class=\"color-primary\">DB : <\/strong>C&rsquo;est une amende de 135 \u20ac, mais il y a la question de la capacit\u00e9 \u00e0 pouvoir verbaliser. On a eu des dossiers o\u00f9 les trafiquants ont \u00e9t\u00e9 traduits devant un tribunal et les clients identifi\u00e9s et sanctionn\u00e9s.<br \/>Mais il faudrait que les polices municipales aient le droit de verbaliser : ce sont elles qui sont au contact de la vente de rue et des \u00e9piceries o\u00f9 on vend ces cigarettes.<\/p>\n<p class=\"ac-article-content__question wall-content\">Quelles sont les sp\u00e9cificit\u00e9s du march\u00e9 ill\u00e9gal de cigarettes \u00e0 Grenoble ?<\/p>\n<p class=\" wall-content\"><strong class=\"color-primary\">DB : <\/strong>On retrouve \u00e0 Grenoble ce qu&rsquo;on retrouve un peu partout : une combinaison entre quelques points de deal, une vente sur les r\u00e9seaux sociaux et dans les \u00e9piceries.<br \/>Tout ce qui se passe dans les \u00e9piceries est assez invisible au final et difficile \u00e0 comprendre, y compris pour le consommateur. Acheter ses cigarettes dans la rue, on sait que ce n\u2019est pas normal. Mais l&rsquo;\u00e9picerie, \u00e7a reste un commerce l\u00e9gal, qui vend ill\u00e9galement des cigarettes. C&rsquo;est une zone grise dans la t\u00eate du consommateur.<\/p>\n<p>Un trafic de plus en plus violent<\/p>\n<p class=\"ac-article-content__question wall-content\">Y a-t-il un lien avec les autres trafics ?<\/p>\n<p class=\" wall-content\"><strong class=\"color-primary\">DB : <\/strong>Vous avez un empilement de criminalit\u00e9. Derri\u00e8re la contrefa\u00e7on de cigarettes en France, il y a des mafias de l&rsquo;Europe de l&rsquo;Est, avec les m\u00eames fonctionnements que les trafics de stup\u00e9fiants. Vous avez des convois, des nourrices, des box pour stocker et alimenter les vendeurs.<br \/>Vous commencez aussi \u00e0 avoir des r\u00e8glements de compte violents, comme pour les stup\u00e9fiants : on l&rsquo;a vu \u00e0 Montpellier, Lyon, Marseille ou Paris.\u00a0<\/p>\n<p class=\"ac-article-content__question wall-content\">Via ce prisme du trafic de cigarettes, Grenoble est-elle une ville violente ?<\/p>\n<p class=\" wall-content\"><strong class=\"color-primary\">DB : <\/strong>Grenoble n\u2019est pas aussi m\u00e9diatis\u00e9e en termes de criminalit\u00e9, comme peut l&rsquo;\u00eatre Marseille par exemple. Pourtant, on est dans un environnement criminog\u00e8ne : la grenade qui a \u00e9t\u00e9 jet\u00e9e dans un bar associatif en d\u00e9but d&rsquo;ann\u00e9e, c&rsquo;\u00e9tait un trafic de contrefa\u00e7ons de cigarettes.\u00a0<br \/>On parle peut-\u00eatre moins de Grenoble, parce qu&rsquo;il y a moins de points de deal physiques de cigarettes. Mais il y a un r\u00e9seau d&rsquo;\u00e9piceries qui fait le m\u00eame office, discr\u00e8tement, sur Grenoble et qui fonctionne bien.<\/p>\n<p class=\" wall-content\">Personnalisez votre actualit\u00e9 en ajoutant vos villes et m\u00e9dias en favori avec <a href=\"https:\/\/moncompte.actu.fr\" title=\"D\u00e9couvez Mon Actu\" rel=\"nofollow noopener\" data-trk=\"{&quot;cta&quot;:{&quot;action&quot;:&quot;https:\\\/\\\/moncompte.actu.fr&quot;,&quot;category&quot;:&quot;mon compte&quot;,&quot;from&quot;:&quot;article footer&quot;,&quot;name&quot;:&quot;Mon actu&quot;,&quot;type&quot;:&quot;cta&quot;}}\" target=\"_blank\">Mon Actu<\/a>.<\/p>\n","protected":false},"excerpt":{"rendered":"Par Lisa Rodrigues Publi\u00e9 le 4 d\u00e9c. 2025 \u00e0 13h46 D\u00e9but d\u00e9cembre, un dossier de trafic de cigarettes&hellip;\n","protected":false},"author":2,"featured_media":577583,"comment_status":"","ping_status":"","sticky":false,"template":"","format":"standard","meta":{"footnotes":""},"categories":[9566],"tags":[1111,11,2430,1777,674,1011,27,2731,303,813,12,25,104,6582],"class_list":{"0":"post-577582","1":"post","2":"type-post","3":"status-publish","4":"format-standard","5":"has-post-thumbnail","7":"category-grenoble","8":"tag-actu","9":"tag-actualites","10":"tag-auvergne-rhone-alpes","11":"tag-eu","12":"tag-europe","13":"tag-fr","14":"tag-france","15":"tag-grenoble","16":"tag-justice","17":"tag-narcotrafiquants","18":"tag-news","19":"tag-republique-francaise","20":"tag-societe","21":"tag-tabac"},"share_on_mastodon":{"url":"https:\/\/pubeurope.com\/@fr\/115661439548858168","error":""},"_links":{"self":[{"href":"https:\/\/www.europesays.com\/fr\/wp-json\/wp\/v2\/posts\/577582","targetHints":{"allow":["GET"]}}],"collection":[{"href":"https:\/\/www.europesays.com\/fr\/wp-json\/wp\/v2\/posts"}],"about":[{"href":"https:\/\/www.europesays.com\/fr\/wp-json\/wp\/v2\/types\/post"}],"author":[{"embeddable":true,"href":"https:\/\/www.europesays.com\/fr\/wp-json\/wp\/v2\/users\/2"}],"replies":[{"embeddable":true,"href":"https:\/\/www.europesays.com\/fr\/wp-json\/wp\/v2\/comments?post=577582"}],"version-history":[{"count":0,"href":"https:\/\/www.europesays.com\/fr\/wp-json\/wp\/v2\/posts\/577582\/revisions"}],"wp:featuredmedia":[{"embeddable":true,"href":"https:\/\/www.europesays.com\/fr\/wp-json\/wp\/v2\/media\/577583"}],"wp:attachment":[{"href":"https:\/\/www.europesays.com\/fr\/wp-json\/wp\/v2\/media?parent=577582"}],"wp:term":[{"taxonomy":"category","embeddable":true,"href":"https:\/\/www.europesays.com\/fr\/wp-json\/wp\/v2\/categories?post=577582"},{"taxonomy":"post_tag","embeddable":true,"href":"https:\/\/www.europesays.com\/fr\/wp-json\/wp\/v2\/tags?post=577582"}],"curies":[{"name":"wp","href":"https:\/\/api.w.org\/{rel}","templated":true}]}}