{"id":577586,"date":"2025-12-04T13:05:11","date_gmt":"2025-12-04T13:05:11","guid":{"rendered":"https:\/\/www.europesays.com\/fr\/577586\/"},"modified":"2025-12-04T13:05:11","modified_gmt":"2025-12-04T13:05:11","slug":"trois-entreprises-sont-placees-en-liquidation-judiciaire-en-ille-et-vilaine-voici-lesquelles","status":"publish","type":"post","link":"https:\/\/www.europesays.com\/fr\/577586\/","title":{"rendered":"Trois entreprises sont plac\u00e9es en liquidation judiciaire en Ille-et-Vilaine\u00a0: voici lesquelles"},"content":{"rendered":"<p>Trois entreprises d\u2019Ille-et-Vilaine ont \u00e9t\u00e9 plac\u00e9es en liquidation judiciaire par le tribunal de commerce de Rennes, lors de son audience du mercredi 26 novembre 2025. Voici lesquelles :<\/p>\n<p>&#8211; <strong>SARL On s\u2019appelle \u00e0 10 h<\/strong>, agence de rencontre \u00e0 Thorign\u00e9-Fouillard<\/p>\n<p>&#8211; <strong>SARL Homies Chantepie<\/strong>, restaurant \u00e0 Chantepie<\/p>\n<p>&#8211; <strong>SARL Atout Vap<\/strong>, commerce de cigarettes \u00e9lectroniques, \u00e0 Rennes<\/p>\n","protected":false},"excerpt":{"rendered":"Trois entreprises d\u2019Ille-et-Vilaine ont \u00e9t\u00e9 plac\u00e9es en liquidation judiciaire par le tribunal de commerce de Rennes, lors de&hellip;\n","protected":false},"author":2,"featured_media":577587,"comment_status":"","ping_status":"","sticky":false,"template":"","format":"standard","meta":{"footnotes":""},"categories":[2821],"tags":[1111,11,829,2033,1777,674,1011,27,848,12,584,25],"class_list":{"0":"post-577586","1":"post","2":"type-post","3":"status-publish","4":"format-standard","5":"has-post-thumbnail","7":"category-rennes","8":"tag-actu","9":"tag-actualites","10":"tag-bretagne","11":"tag-commerces-a-rennes","12":"tag-eu","13":"tag-europe","14":"tag-fr","15":"tag-france","16":"tag-ille-et-vilaine","17":"tag-news","18":"tag-rennes","19":"tag-republique-francaise"},"share_on_mastodon":{"url":"https:\/\/pubeurope.com\/@fr\/115661447226948156","error":""},"_links":{"self":[{"href":"https:\/\/www.europesays.com\/fr\/wp-json\/wp\/v2\/posts\/577586","targetHints":{"allow":["GET"]}}],"collection":[{"href":"https:\/\/www.europesays.com\/fr\/wp-json\/wp\/v2\/posts"}],"about":[{"href":"https:\/\/www.europesays.com\/fr\/wp-json\/wp\/v2\/types\/post"}],"author":[{"embeddable":true,"href":"https:\/\/www.europesays.com\/fr\/wp-json\/wp\/v2\/users\/2"}],"replies":[{"embeddable":true,"href":"https:\/\/www.europesays.com\/fr\/wp-json\/wp\/v2\/comments?post=577586"}],"version-history":[{"count":0,"href":"https:\/\/www.europesays.com\/fr\/wp-json\/wp\/v2\/posts\/577586\/revisions"}],"wp:featuredmedia":[{"embeddable":true,"href":"https:\/\/www.europesays.com\/fr\/wp-json\/wp\/v2\/media\/577587"}],"wp:attachment":[{"href":"https:\/\/www.europesays.com\/fr\/wp-json\/wp\/v2\/media?parent=577586"}],"wp:term":[{"taxonomy":"category","embeddable":true,"href":"https:\/\/www.europesays.com\/fr\/wp-json\/wp\/v2\/categories?post=577586"},{"taxonomy":"post_tag","embeddable":true,"href":"https:\/\/www.europesays.com\/fr\/wp-json\/wp\/v2\/tags?post=577586"}],"curies":[{"name":"wp","href":"https:\/\/api.w.org\/{rel}","templated":true}]}}