{"id":577590,"date":"2025-12-04T13:07:17","date_gmt":"2025-12-04T13:07:17","guid":{"rendered":"https:\/\/www.europesays.com\/fr\/577590\/"},"modified":"2025-12-04T13:07:17","modified_gmt":"2025-12-04T13:07:17","slug":"athletisme-pour-un-stage-il-court-20-kilometres-et-dessine-le-logo-de-decathlon-dans-les-rues-de-strasbourg","status":"publish","type":"post","link":"https:\/\/www.europesays.com\/fr\/577590\/","title":{"rendered":"Athl\u00e9tisme. Pour un stage, il court 20 kilom\u00e8tres et\u00a0dessine le logo de Decathlon dans les rues de Strasbourg"},"content":{"rendered":"<p>Il y a ceux qui envoient juste un CV, parfois mal mis en page, et il y a Thibaud Le Gal. Cet \u00e9tudiant en master Management de l&rsquo;innovation et de la cr\u00e9ativit\u00e9 (Mic), <a href=\"https:\/\/www.dna.fr\/education\/2025\/09\/03\/a-l-unistra-57-000-etudiants-font-leur-rentree\" target=\"_blank\" rel=\"nofollow noopener\">\u00e0 l&rsquo;Universit\u00e9 de Strasbourg<\/a>, a eu une dr\u00f4le d&rsquo;id\u00e9e. Pour envoyer sa candidature \u00e0 une offre de stage publi\u00e9e par Decathlon, il a couru pr\u00e8s de 20 kilom\u00e8tres afin de dessiner le logo de l&rsquo;entreprise fran\u00e7aise !\u00a0<\/p>\n<p>\u00ab Je pars du principe qu&rsquo;au vu de mes \u00e9tudes, je dois prouver que je sais innover d\u00e8s le premier instant\u00a0\u00bb, sourit le jeune homme de 22 ans. \u00ab\u00a0L&rsquo;an dernier, j&rsquo;avais d\u00e9j\u00e0 obtenu un stage de quatre mois en sortant du lot. C&rsquo;\u00e9tait pour une agence qui s&rsquo;appelle \u00a0\u00bbCitron\u00a0\u00bb et je leur avais envoy\u00e9 mon CV sur une bouteille de Pulco\u00a0! Sur l&rsquo;\u00e9tiquette, \u00e0 la place des ingr\u00e9dients, il y avait par exemple mes comp\u00e9tences. Ca avait march\u00e9\u00a0!<\/p>\n<p>Cette fois, le natif de Vannes (Morbihan) a donc eu une id\u00e9e nettement plus sportive. \u00ab\u00a0J&rsquo;ai eu l&rsquo;id\u00e9e tout seul mais je me suis inspir\u00e9 des \u00a0\u00bbStrava Art\u00a0\u00bb. En 2024, je me souviens que deux Fran\u00e7ais avaient par exemple dessin\u00e9 les anneaux olympiques \u00e0 v\u00e9lo.\u00a0\u00bb En p\u00e9dalant pr\u00e9cis\u00e9ment 2196 kilom\u00e8tres de la Normandie \u00e0 la Champagne, en passant par l&rsquo;Ile-de-France, la Bourgogne et le Val de Loire.<\/p>\n<p>  &#13;<br \/>\n      <a href=\"https:\/\/cdn-s-www.dna.fr\/images\/aa088d20-bee5-4380-965c-c4f92f877e78\/NW_raw\/le-parcours-n-a-pas-toujours-ete-simple-pour-thibaud-le-gal-photo-dr-1764852426.jpg\" title=\"Le parcours n&#039;a pas toujours \u00e9t\u00e9 simple pour Thibaud Le Gal. Photo DR\" class=\"chocolat-image GA-tracking\" data-ga_type=\"click\" data-ga_category=\"D\u00e9tail\" data-ga_action=\"zoomer\" data-ga_label=\"agrandir image\" rel=\"nofollow noopener\" target=\"_blank\">&#13;<br \/>\n          <img loading=\"lazy\" decoding=\"async\" src=\"https:\/\/www.europesays.com\/fr\/wp-content\/uploads\/2025\/12\/le-parcours-n-a-pas-toujours-ete-simple-pour-thibaud-le-gal-photo-dr-1764852426.jpg\" data-mobile=\"NW_listC_M|1764852426\" data-base=\"NW_listC|1764852426\" alt=\"Le parcours n'a pas toujours \u00e9t\u00e9 simple pour Thibaud Le Gal. Photo DR\"\/>&#13;<br \/>\n      <\/a>&#13;<\/p>\n<p>Le parcours n&rsquo;a pas toujours \u00e9t\u00e9 simple pour Thibaud Le Gal. Photo DR<\/p>\n<p>&#13;<\/p>\n<p>  \u00ab J&rsquo;avais le GPS dans la main\u00a0\u00bb<\/p>\n<p>Thibaud Le Gal, lui, est rest\u00e9 \u00e0 <a href=\"https:\/\/www.dna.fr\/edition-strasbourg\" target=\"_blank\" rel=\"nofollow noopener\">Strasbourg<\/a> d\u00e9but octobre. \u00ab J&rsquo;ai tout simplement d\u00e9calqu\u00e9 le logo de Decathlon sur le plan de Strasbourg et apr\u00e8s, j&rsquo;ai ouvert Strava et cherch\u00e9 le meilleur parcours possible \u00bb, d\u00e9taille cet habitu\u00e9 de la course \u00e0 pied, qui a boucl\u00e9 plusieurs triathlons. Il ne lui restait alors plus qu&rsquo;\u00e0 faire l&rsquo;effort, sur 19,20 kilom\u00e8tres dans les rues de la capitale alsacienne. Pas forc\u00e9ment simple.<\/p>\n<p>\u00ab J&rsquo;avais le GPS dans la main, je devais g\u00e9rer parfois les feux de circulation, je me suis retrouv\u00e9 dans des impasses&#8230;\u00a0\u00bb, \u00e9num\u00e8re celui qui a quand m\u00eame boucl\u00e9 l&rsquo;affaire en 1h22&rsquo;54, soit \u00e0 un tr\u00e8s joli rythme de 4&rsquo;19 le kilom\u00e8tre. Avec des passages un peu partout dans la capitale alsacienne. De fa\u00e7on donc \u00e0 former ce logo aux allures de \u00ab\u00a0montagne, voile, vague, ou m\u00eame les battements du coeur\u00a0\u00bb, comme le d\u00e9finit, non sans po\u00e9sie, la marque.<\/p>\n<p>  Un refus&#8230; avant l&rsquo;avalanche de propositions<\/p>\n<p>Sauf que le groupe d&rsquo;\u00e9quipements sportifs\u00a0n&rsquo;a pas vraiment \u00e9t\u00e9 sensible \u00e0 l&rsquo;initiative. \u00ab\u00a0Une semaine apr\u00e8s avoir envoy\u00e9 ma candidature, j&rsquo;ai re\u00e7u un mail de refus qui me semblait automatique \u00bb, relate-t-il encore, sans en \u00eatre d\u00e9\u00e7u. Car son dossier a depuis rebondi.<\/p>\n<p>Gr\u00e2ce \u00e0 la publication, sur le r\u00e9seau social LinkedIn, de son petit exploit. \u00ab\u00a0Je voulais juste montrer ce que j&rsquo;avais fait et, pour d&rsquo;autres entreprises, ce que j&rsquo;\u00e9tais capable de trouver. Ca a fait 8000 likes\u00a0! \u00bb, s&rsquo;amuse encore le jeune homme qui a re\u00e7u depuis \u00ab vingt-cinq propositions de stage\u00a0\u00bb. Dont des appels de&#8230; Decathlon. \u00ab\u00a0On est en pourparlers au sujet de stages. On verra si j&rsquo;y vais car j&rsquo;ai d&rsquo;autres pistes tr\u00e8s int\u00e9ressantes. \u00bb<\/p>\n<p>Avant de choisir son stage de fin d&rsquo;\u00e9tudes, pr\u00e9vu \u00e0 partir de f\u00e9vrier, Thibaud Le Gal s&rsquo;est remis \u00e0 courir r\u00e9guli\u00e8rement. Sans former de \u00ab\u00a0Strava Art\u00a0\u00bb. Mais il doit d\u00e9j\u00e0 penser \u00e0 d&rsquo;autres id\u00e9es pour la suite&#8230; \u00ab\u00a0Ce n&rsquo;\u00e9tait que pour un stage, il va falloir que je fasse encore plus fort quand je candidaterai pour un travail ! \u00bb, conclut-il.<\/p>\n","protected":false},"excerpt":{"rendered":"Il y a ceux qui envoient juste un CV, parfois mal mis en page, et il y a&hellip;\n","protected":false},"author":2,"featured_media":577591,"comment_status":"","ping_status":"","sticky":false,"template":"","format":"standard","meta":{"footnotes":""},"categories":[2820],"tags":[328,1111,11,4132,2649,1777,674,107,1011,27,775,12,25,517,640],"class_list":{"0":"post-577590","1":"post","2":"type-post","3":"status-publish","4":"format-standard","5":"has-post-thumbnail","7":"category-strasbourg","8":"tag-a-la-une","9":"tag-actu","10":"tag-actualites","11":"tag-athletisme","12":"tag-bas-rhin","13":"tag-eu","14":"tag-europe","15":"tag-fil-info","16":"tag-fr","17":"tag-france","18":"tag-grand-est","19":"tag-news","20":"tag-republique-francaise","21":"tag-sport","22":"tag-strasbourg"},"share_on_mastodon":{"url":"https:\/\/pubeurope.com\/@fr\/115661456043987641","error":""},"_links":{"self":[{"href":"https:\/\/www.europesays.com\/fr\/wp-json\/wp\/v2\/posts\/577590","targetHints":{"allow":["GET"]}}],"collection":[{"href":"https:\/\/www.europesays.com\/fr\/wp-json\/wp\/v2\/posts"}],"about":[{"href":"https:\/\/www.europesays.com\/fr\/wp-json\/wp\/v2\/types\/post"}],"author":[{"embeddable":true,"href":"https:\/\/www.europesays.com\/fr\/wp-json\/wp\/v2\/users\/2"}],"replies":[{"embeddable":true,"href":"https:\/\/www.europesays.com\/fr\/wp-json\/wp\/v2\/comments?post=577590"}],"version-history":[{"count":0,"href":"https:\/\/www.europesays.com\/fr\/wp-json\/wp\/v2\/posts\/577590\/revisions"}],"wp:featuredmedia":[{"embeddable":true,"href":"https:\/\/www.europesays.com\/fr\/wp-json\/wp\/v2\/media\/577591"}],"wp:attachment":[{"href":"https:\/\/www.europesays.com\/fr\/wp-json\/wp\/v2\/media?parent=577590"}],"wp:term":[{"taxonomy":"category","embeddable":true,"href":"https:\/\/www.europesays.com\/fr\/wp-json\/wp\/v2\/categories?post=577590"},{"taxonomy":"post_tag","embeddable":true,"href":"https:\/\/www.europesays.com\/fr\/wp-json\/wp\/v2\/tags?post=577590"}],"curies":[{"name":"wp","href":"https:\/\/api.w.org\/{rel}","templated":true}]}}