{"id":577613,"date":"2025-12-04T13:19:12","date_gmt":"2025-12-04T13:19:12","guid":{"rendered":"https:\/\/www.europesays.com\/fr\/577613\/"},"modified":"2025-12-04T13:19:12","modified_gmt":"2025-12-04T13:19:12","slug":"voici-quand-les-travaux-doivent-sachever","status":"publish","type":"post","link":"https:\/\/www.europesays.com\/fr\/577613\/","title":{"rendered":"voici quand les travaux doivent s&rsquo;achever"},"content":{"rendered":"<p>                    Par<br \/>\n        <strong><br \/>\n            <a href=\"https:\/\/actu.fr\/auteur\/thibault-nadal-actu-fr\" title=\"Consulter tous les articles de Thibault Nadal\" target=\"_blank\" rel=\"noopener\">Thibault Nadal<\/a><br \/>\n                    <\/strong><\/p>\n<p>        Publi\u00e9 le<\/p>\n<p>            4 d\u00e9c. 2025 \u00e0 14h04        <\/p>\n<p>Les automobilistes (et cyclistes) vont devoir encore attendre. \u00c0 la mi-octobre, <strong>la rue du Commandant de Surian<\/strong>, un axe strat\u00e9gique entre les tr\u00e8s fr\u00e9quent\u00e9s, boulevard de la Corderie et le cours Puget, dans le 7e arrondissement de <a href=\"https:\/\/actu.fr\/marseille\/\" target=\"_blank\" rel=\"noopener\">Marseille<\/a>, avait d\u00fb \u00eatre <a href=\"https:\/\/actu.fr\/provence-alpes-cote-d-azur\/marseille_13055\/marseille-un-mur-de-ce-parc-menace-de-s-effondrer-des-mesures-prises-en-urgence_63315605.html\" target=\"_blank\" rel=\"noopener\">ferm\u00e9e en urgence \u00e0 la circulation<\/a> en raison d\u2019un mur qui mena\u00e7ait de s\u2019effondrer.<\/p>\n<p>Entre plusieurs semaines et plusieurs mois<\/p>\n<p class=\" wall-content\">Pr\u00e8s d\u2019un mois et demi, la mairie de Marseille nous indique que les <a href=\"https:\/\/actu.fr\/tag\/travaux\" target=\"_blank\" rel=\"noopener\">travaux<\/a> ont <strong>d\u00e9marr\u00e9 le 10\u00a0novembre<\/strong> \u00ab\u2009avec la pose des \u00e9chafaudages\u2009\u00bb.<\/p>\n<p class=\" wall-content\">Mais pour le moment, aucune date de r\u00e9ouverture ne peut \u00eatre annonc\u00e9e. \u00ab\u2009Nous estimons <strong>le temps de travaux total \u00e0 quelques mois<\/strong>, mais nous esp\u00e9rons pouvoir r\u00e9tablir la circulation (avec potentielles restrictions de tonnage) <strong>prochainement<\/strong>\u2009\u00bb, indique la municipalit\u00e9 \u00e0 actu Marseille.<\/p>\n<p>    <img   decoding=\"async\" loading=\"lazy\" src=\"https:\/\/www.europesays.com\/fr\/wp-content\/uploads\/2025\/12\/design-sans-titre-83-960x640.png\" alt=\"Aucune date de r\u00e9ouverture de la rue du Commandant de Surian n'est pour le moment connue.\" width=\"960\" height=\"640\"\/><br \/>\n    Aucune date de r\u00e9ouverture de la rue du Commandant de Surian n\u2019est pour le moment connue. (\u00a9TN \/ actu Marseille)Trois lignes de bus de la RTM toujours d\u00e9vi\u00e9es<\/p>\n<p class=\" wall-content\">Apr\u00e8s avoir \u00e9voqu\u00e9 une r\u00e9ouverture le 30\u00a0novembre, <a href=\"https:\/\/actu.fr\/tag\/rtm\" target=\"_blank\" rel=\"noopener\">la R\u00e9gie m\u00e9tropolitaine des transports<\/a> (RTM) botte en touche aujourd\u2019hui et parle sur <a href=\"https:\/\/www.rtm.fr\/infos-trafic\/5625741296228904682\" target=\"_blank\" rel=\"noopener\">son site<\/a> d\u2019une d\u00e9viation <strong>\u00ab\u2009\u00e0 dur\u00e9e ind\u00e9termin\u00e9e\u2009\u00bb<\/strong>.<\/p>\n<p class=\" wall-content\">Trois lignes empruntent cette voie\u2009: <strong>54, 81 et S7<\/strong>. Plusieurs arr\u00eats ne sont par cons\u00e9quent pas desservis, comme Puget Moulet et Puget Roux de Brignoles.<\/p>\n<p class=\" wall-content\">Personnalisez votre actualit\u00e9 en ajoutant vos villes et m\u00e9dias en favori avec <a href=\"https:\/\/moncompte.actu.fr\" title=\"D\u00e9couvez Mon Actu\" rel=\"nofollow noopener\" data-trk=\"{&quot;cta&quot;:{&quot;action&quot;:&quot;https:\\\/\\\/moncompte.actu.fr&quot;,&quot;category&quot;:&quot;mon compte&quot;,&quot;from&quot;:&quot;article footer&quot;,&quot;name&quot;:&quot;Mon actu&quot;,&quot;type&quot;:&quot;cta&quot;}}\" target=\"_blank\">Mon Actu<\/a>.<\/p>\n","protected":false},"excerpt":{"rendered":"Par Thibault Nadal Publi\u00e9 le 4 d\u00e9c. 2025 \u00e0 14h04 Les automobilistes (et cyclistes) vont devoir encore attendre.&hellip;\n","protected":false},"author":2,"featured_media":577614,"comment_status":"","ping_status":"","sticky":false,"template":"","format":"standard","meta":{"footnotes":""},"categories":[2814],"tags":[1111,11,646,1777,674,1011,27,884,12,882,25,10783,104,2086],"class_list":{"0":"post-577613","1":"post","2":"type-post","3":"status-publish","4":"format-standard","5":"has-post-thumbnail","7":"category-marseille","8":"tag-actu","9":"tag-actualites","10":"tag-automobile","11":"tag-eu","12":"tag-europe","13":"tag-fr","14":"tag-france","15":"tag-marseille","16":"tag-news","17":"tag-provence-alpes-cote-dazur","18":"tag-republique-francaise","19":"tag-rtm","20":"tag-societe","21":"tag-travaux"},"share_on_mastodon":{"url":"https:\/\/pubeurope.com\/@fr\/115661503703272700","error":""},"_links":{"self":[{"href":"https:\/\/www.europesays.com\/fr\/wp-json\/wp\/v2\/posts\/577613","targetHints":{"allow":["GET"]}}],"collection":[{"href":"https:\/\/www.europesays.com\/fr\/wp-json\/wp\/v2\/posts"}],"about":[{"href":"https:\/\/www.europesays.com\/fr\/wp-json\/wp\/v2\/types\/post"}],"author":[{"embeddable":true,"href":"https:\/\/www.europesays.com\/fr\/wp-json\/wp\/v2\/users\/2"}],"replies":[{"embeddable":true,"href":"https:\/\/www.europesays.com\/fr\/wp-json\/wp\/v2\/comments?post=577613"}],"version-history":[{"count":0,"href":"https:\/\/www.europesays.com\/fr\/wp-json\/wp\/v2\/posts\/577613\/revisions"}],"wp:featuredmedia":[{"embeddable":true,"href":"https:\/\/www.europesays.com\/fr\/wp-json\/wp\/v2\/media\/577614"}],"wp:attachment":[{"href":"https:\/\/www.europesays.com\/fr\/wp-json\/wp\/v2\/media?parent=577613"}],"wp:term":[{"taxonomy":"category","embeddable":true,"href":"https:\/\/www.europesays.com\/fr\/wp-json\/wp\/v2\/categories?post=577613"},{"taxonomy":"post_tag","embeddable":true,"href":"https:\/\/www.europesays.com\/fr\/wp-json\/wp\/v2\/tags?post=577613"}],"curies":[{"name":"wp","href":"https:\/\/api.w.org\/{rel}","templated":true}]}}