{"id":577615,"date":"2025-12-04T13:20:38","date_gmt":"2025-12-04T13:20:38","guid":{"rendered":"https:\/\/www.europesays.com\/fr\/577615\/"},"modified":"2025-12-04T13:20:38","modified_gmt":"2025-12-04T13:20:38","slug":"nos-idees-de-cadeaux-locaux-et-artisanaux-pour-soutenir-les-createurs-de-marseille-et-de-provence","status":"publish","type":"post","link":"https:\/\/www.europesays.com\/fr\/577615\/","title":{"rendered":"nos id\u00e9es de cadeaux locaux et artisanaux pour soutenir les cr\u00e9ateurs de Marseille et de Provence"},"content":{"rendered":"<p>\t\t\t\t\t\t\t\t\t\t\t\t\t\t\t\t\t\t\t\t\t\t<img loading=\"lazy\" decoding=\"async\" src=\"https:\/\/www.europesays.com\/fr\/wp-content\/uploads\/2025\/12\/BeFunky-collage-2023-12-18T153937.765-1024x683.jpg\" class=\"img-fluid\" alt=\"id\u00e9es cadeaux marseille\" width=\"1024\" height=\"683\"\/><\/p>\n<p>    Save<\/p>\n<p>Chaque ann\u00e9e c\u2019est la m\u00eame histoire. Il faut se creuser la t\u00eate pour trouver des <strong>id\u00e9es cadeaux originales ET personnelles<\/strong> pour toute la famille\u2026 Et si cette ann\u00e9e, on soutenait les <strong>artisans et cr\u00e9ateurs locaux<\/strong> en offrant des <a href=\"https:\/\/marseillesecrete.com\/plans-et-experiences-en-cadeaux\/\" rel=\"follow noopener\" target=\"_self\" class=\"shortcode-outbound-link\" data-has-ga=\"true\" data-ga-type=\"click\" data-label=\"https:\/\/marseillesecrete.com\/plans-et-experiences-en-cadeaux\/\" data-action=\"text_cta_0\" data-category=\"click_internal\">exp\u00e9riences locales<\/a> ou des <strong>cadeaux faits \u00e0 Marseille<\/strong> ? Pour ce <a href=\"https:\/\/marseillesecrete.com\/marches-de-noel-marseille-alentours\/\" rel=\"follow noopener\" target=\"_self\" class=\"shortcode-outbound-link\" data-has-ga=\"true\" data-ga-type=\"click\" data-label=\"https:\/\/marseillesecrete.com\/marches-de-noel-marseille-alentours\/\" data-action=\"text_cta_1\" data-category=\"click_internal\"><strong>No\u00ebl 2025<\/strong><\/a>, Marseille Secr\u00e8te vous propose de d\u00e9couvrir sa s\u00e9lection de <strong>cadeaux styl\u00e9s de marques marseillaises<\/strong> !\u00a0\u00a0<\/p>\n<p><strong>Des tasses faites \u00e0 la main chez Concept by LyLy<\/strong><br \/>\n<img fetchpriority=\"high\" decoding=\"async\" class=\"size-full wp-image-16421\" src=\"https:\/\/www.europesays.com\/fr\/wp-content\/uploads\/2025\/12\/tasses-concept-lyly-marseille.jpg\" alt=\"Petits tasses en c\u00e9ramique pour No\u00ebl \u00e0 Marseille\" width=\"1200\" height=\"800\"  \/>\u00a9 Concept by LyLy<\/p>\n<p>Ne sont-elles pas adorables ? R\u00e9alis\u00e9es \u00e0 la main par <a href=\"https:\/\/www.instagram.com\/dominique_pagliai\/\" rel=\"nofollow noopener\" target=\"_blank\" class=\"shortcode-outbound-link\" data-has-ga=\"true\" data-ga-type=\"click\" data-label=\"https:\/\/www.instagram.com\/dominique_pagliai\/\" data-action=\"text_cta_2\" data-category=\"click_non_sales\"><strong>Dominique Pagliai<\/strong><\/a>, cr\u00e9ateur c\u00e9ramiste marseillaisnous, ne doutons pas que ces <strong>petites tasses<\/strong> raviront vos proches. <strong>\u00c0 l\u2019effigie de la cit\u00e9 phoc\u00e9enne<\/strong> ou avec une phrase \u00e0 la marseillaise, vous les trouverez chez <a href=\"https:\/\/www.instagram.com\/lyly_concept_\/\" rel=\"nofollow noopener\" target=\"_blank\" class=\"shortcode-outbound-link\" data-has-ga=\"true\" data-ga-type=\"click\" data-label=\"https:\/\/www.instagram.com\/lyly_concept_\/\" data-action=\"text_cta_3\" data-category=\"click_non_sales\"><strong>Concept by Lyly<\/strong><\/a>.<\/p>\n<p><strong>Des bougies qui sentent bon la Provence<\/strong><br \/>\n<img loading=\"lazy\" decoding=\"async\" class=\"size-full wp-image-16426\" src=\"https:\/\/www.europesays.com\/fr\/wp-content\/uploads\/2025\/12\/bougies-36-chandelles-marseille-1.jpg\" alt=\"Bougies 36 chandelles fabriqu\u00e9es \u00e0 Marseille\" width=\"1200\" height=\"800\"  \/>\u00a9 36 Chandelles<\/p>\n<p>Comblez les sens de vos proches en offrant une bougie naturelle de <a href=\"https:\/\/36chandelles.com\/bougies-naturelles-marseille\/\" rel=\"nofollow noopener\" target=\"_blank\" class=\"shortcode-outbound-link\" data-has-ga=\"true\" data-ga-type=\"click\" data-label=\"https:\/\/36chandelles.com\/bougies-naturelles-marseille\/\" data-action=\"text_cta_4\" data-category=\"click_non_sales\"><strong>36 Chandelles<\/strong><\/a>. Fabriqu\u00e9es \u00e0 Marseille de fa\u00e7on artisanale \u00e0 partir de cire de soja 100% et de parfums de Grasse elles s\u00e9duisent par leurs <strong>senteurs gourmandes et envo\u00fbtantes<\/strong>.<\/p>\n<p>Des bijoux fait-mains de la marque marseillaise Lua Ba\u00efla<br \/>\n<img loading=\"lazy\" decoding=\"async\" class=\"wp-image-8283 size-large\" src=\"https:\/\/www.europesays.com\/fr\/wp-content\/uploads\/2025\/05\/Lua-Baila-1024x576.png\" alt=\"id\u00e9es cadeaux Marseille\" width=\"1024\" height=\"576\"  \/>\u00a9 Lua Ba\u00efla<\/p>\n<p>Impossible de ne pas faire mouche avec de beaux bijoux. Surtout s\u2019ils sont sign\u00e9s <a href=\"https:\/\/www.luabaila.com\/\" rel=\"nofollow noopener\" target=\"_blank\" class=\"shortcode-outbound-link\" data-has-ga=\"true\" data-ga-type=\"click\" data-label=\"https:\/\/www.luabaila.com\/\" data-action=\"text_cta_5\" data-category=\"click_non_sales\">Lua Ba\u00efla<\/a> ! Con\u00e7us artisanalement dans un petit atelier de Marseille, ils sont plaqu\u00e9s \u00e0 l\u2019or fin 24 carats, ou \u00e0 l\u2019argent \u00e0 10 microns. La cha\u00eene est unie par tressage\u2026 Un gage de qualit\u00e9 !<\/p>\n<p><img loading=\"lazy\" decoding=\"async\" class=\"alignnone size-full wp-image-16039\" src=\"https:\/\/www.europesays.com\/fr\/wp-content\/uploads\/2025\/12\/LB_FLOW_2025_DSC08427.jpg\" alt=\"\" width=\"1200\" height=\"800\"  \/><\/p>\n<p>Pour changer des cadeaux mat\u00e9riels, pourquoi ne pas plut\u00f4t offrir une exp\u00e9rience \u00e0 tester avec la personne de votre choix ? On vous propose un<strong> spectacle \u00e9poustouflant au Palais de la Bourse : <a href=\"https:\/\/feverup.com\/m\/435109\" rel=\"follow noopener\" target=\"_blank\" class=\"shortcode-outbound-link\" data-has-ga=\"true\" data-ga-type=\"click\" data-label=\"https:\/\/feverup.com\/m\/435109\" data-action=\"text_cta_7\" data-tracked=\"1\" data-category=\"click_sales\" data-cp_smn_source=\"marseillesecrete\" data-cp_smn_content=\"cadeaux-de-noel-locaux-marseille-provence\" data-cp_smn_term=\"text_cta_7\">Flow, d\u2019Eonarium<\/a><\/strong>. Une <b>exp\u00e9rience immersive spectaculaire qui<\/b>\u00a0r\u00e9invente <b>la Moldau<\/b> dans une fusion de musique orchestrale et rythmes \u00e9lectroniques. Ses projections visuelles envo\u00fbtantes subliment ce voyage musical pour un<b> moment magique et po\u00e9tique <\/b>\u00e0 partager.<\/p>\n<p><strong>Une Huile de CBD bio 6% de la marque Kare\u00a0<\/strong><\/p>\n<p><img loading=\"lazy\" decoding=\"async\" class=\"alignnone wp-image-10478 size-large\" src=\"https:\/\/www.europesays.com\/fr\/wp-content\/uploads\/2025\/12\/cadeaux-faits-a-Marseille-1-1024x576.png\" alt=\"id\u00e9es cadeaux faits \u00e0 Marseille\" width=\"1024\" height=\"576\"  \/><\/p>\n<p>Offrir du CBD, c\u2019est offrir du <strong>bien-\u00eatre<\/strong> \u00e0 vos proches ! Dans son format huile \u00e0 emporter dos\u00e9 \u00e0 6% la <a href=\"https:\/\/takekare.fr\/produit\/huile-de-cbd-6-full-spectrum\/\" rel=\"nofollow noopener\" target=\"_blank\" class=\"shortcode-outbound-link\" data-has-ga=\"true\" data-ga-type=\"click\" data-label=\"https:\/\/takekare.fr\/produit\/huile-de-cbd-6-full-spectrum\/\" data-action=\"text_cta_8\" data-category=\"click_non_sales\">marque marseillaise Kare<\/a> va permettre \u00e0 vos proches de se d\u00e9tendre tout en douceur. Le cadeau id\u00e9al pour un <strong>r\u00e9veillon de No\u00ebl en douceur<\/strong>.<\/p>\n<p><strong>Un parfum Marsiho parmi les id\u00e9es cadeaux qui sentent bon le Sud\u00a0<\/strong><br \/>\n<img loading=\"lazy\" decoding=\"async\" class=\"size-large wp-image-10479\" src=\"https:\/\/www.europesays.com\/fr\/wp-content\/uploads\/2025\/05\/cadeaux-marseille-noel-1024x576.png\" alt=\"cadeaux marseille no\u00ebl\" width=\"1024\" height=\"576\"  \/>\u00a9 Marsiho<\/p>\n<p>Avec ses notes fra\u00eeches de mandarine verte, citron, th\u00e9 blanc, orange am\u00e8re\u2026 Ce <strong>parfum<\/strong> est une v\u00e9ritable madeleine de Proust pour tous les amoureux de la <strong>Provence<\/strong>. Fabriqu\u00e9 par <a href=\"https:\/\/marsiho.fr\/about\/\" rel=\"nofollow noopener\" target=\"_blank\" class=\"shortcode-outbound-link\" data-has-ga=\"true\" data-ga-type=\"click\" data-label=\"https:\/\/marsiho.fr\/about\/\" data-action=\"text_cta_9\" data-category=\"click_non_sales\">Marsiho<\/a>, une <strong>marque 100% Marseillaise<\/strong> et artisanale, craquer pour la version pour <strong>Femme<\/strong> ou pour <strong>Homme<\/strong>.<\/p>\n<p><strong>D\u2019authentiques savons de Marseille de La Corvette<\/strong><br \/>\n<img loading=\"lazy\" decoding=\"async\" class=\"size-large wp-image-10480\" src=\"https:\/\/www.europesays.com\/fr\/wp-content\/uploads\/2025\/12\/Savon-de-Marseille-1024x576.png\" alt=\"Savon de Marseille\" width=\"1024\" height=\"576\"  \/>\u00a9 La Corvette<\/p>\n<p>Savonnerie de Marseille depuis 1894, <a href=\"https:\/\/www.la-corvette.com\/boutique\/les-paves-marseillais-4-x-125g\/\" rel=\"nofollow noopener\" target=\"_blank\" class=\"shortcode-outbound-link\" data-has-ga=\"true\" data-ga-type=\"click\" data-label=\"https:\/\/www.la-corvette.com\/boutique\/les-paves-marseillais-4-x-125g\/\" data-action=\"text_cta_10\" data-category=\"click_non_sales\">la Corvette<\/a> est LA savonnerie du Midi. C\u2019est d\u2019ailleurs l\u2019une des <strong>meilleures r\u00e9f\u00e9rences<\/strong> sur le march\u00e9 si vous cherchez du savon de Marseille 100% authentique. Alors pourquoi h\u00e9siter ? Un petit <strong>savon de Marseille<\/strong> bien de chez nous fait toujours son petit effet.<\/p>\n<p><strong>Des vases et cache-pots de chez Oustao<\/strong><br \/>\n<img loading=\"lazy\" decoding=\"async\" class=\"size-large wp-image-10484\" src=\"https:\/\/www.europesays.com\/fr\/wp-content\/uploads\/2025\/12\/Oustao-1024x576.png\" alt=\"Oustao\" width=\"1024\" height=\"576\"  \/>\u00a9 Oustao<\/p>\n<p>Vous voulez mettre le Sud dans votre maison ? Avec ses <strong>vases<\/strong> et ses cache-pots en c\u00e9ramique fabriqu\u00e9e en alliant l\u2019univers m\u00e9diterran\u00e9en et le <strong>savoir-faire artisanal<\/strong>, <a href=\"https:\/\/oustao.com\/collections\/vases-et-cache-pots\" rel=\"nofollow noopener\" target=\"_blank\" class=\"shortcode-outbound-link\" data-has-ga=\"true\" data-ga-type=\"click\" data-label=\"https:\/\/oustao.com\/collections\/vases-et-cache-pots\" data-action=\"text_cta_11\" data-category=\"click_non_sales\">Oustao<\/a> vous propose des objets uniques. Imagin\u00e9s et dessin\u00e9s en <strong>Provence<\/strong>, il nous faut absolument ces jolis objets d\u00e9cos.<\/p>\n<p><img decoding=\"async\" src=\"https:\/\/www.europesays.com\/fr\/wp-content\/uploads\/2025\/12\/CANDLELIGHT_-_CHOPIN_SALA_SP_BY_FERNANDO_SIGMA-42_m4yhjs-c81e23c3142d93e176f07831c593ef02-1-1024x683.png\" alt=\"palais du pharo candlelight\"\/><\/p>\n<p>Autre id\u00e9e brillante ? Celle d\u2019offrir un <a href=\"https:\/\/feverup.com\/fr\/marseille\/candlelight\" rel=\"follow noopener\" target=\"_blank\" class=\"shortcode-outbound-link\" data-has-ga=\"true\" data-ga-type=\"click\" data-label=\"https:\/\/feverup.com\/fr\/marseille\/candlelight\" data-action=\"text_cta_13\" data-tracked=\"1\" data-category=\"click_sales\" data-cp_smn_source=\"marseillesecrete\" data-cp_smn_content=\"cadeaux-de-noel-locaux-marseille-provence\" data-cp_smn_term=\"text_cta_13\"><strong>concert Candlelight<\/strong><\/a>. Ils n\u2019ont pas encore eu l\u2019opportunit\u00e9 de tester le concept ? C\u2019est l\u2019occasion ou jamais ! Choisissez son genre pr\u00e9f\u00e9r\u00e9 ou son artiste favori et offrez \u00e0 la personne de votre choix un cadeau des plus personnels : un <strong>concert \u00e0 la bougie<\/strong>. La valeur ajout\u00e9e : c\u2019est une fa\u00e7on de red\u00e9couvrir <strong>les lieux les plus embl\u00e9matiques de Marseille<\/strong>. Parmi la liste des lieux participants, vous n\u2019\u00eates pas \u00e0 l\u2019abri d\u2019une jolie d\u00e9couverte !<\/p>\n<p><strong>Une belle affiche Grav\u00e9 du Sud ode \u00e0 Marseille<\/strong><br \/>\n<img loading=\"lazy\" decoding=\"async\" class=\"size-large wp-image-10486\" src=\"https:\/\/www.europesays.com\/fr\/wp-content\/uploads\/2025\/12\/affiches-Marseille-1024x576.png\" alt=\"affiches Marseille\" width=\"1024\" height=\"576\"  \/>\u00a9 Grav\u00e9 du Sud<\/p>\n<p>Une belle affiche aux couleurs du Sud, des citrons, du Pastis et des inspirations 100% locales, voici la marque de fabrique de <a href=\"https:\/\/www.gravedusud.fr\/products\" rel=\"nofollow noopener\" target=\"_blank\" class=\"shortcode-outbound-link\" data-has-ga=\"true\" data-ga-type=\"click\" data-label=\"https:\/\/www.gravedusud.fr\/products\" data-action=\"text_cta_14\" data-category=\"click_non_sales\">Grav\u00e9 du Sud<\/a>, cette marque de linogravure aux d\u00e9licieux accents de soleil qui trouvera sa place chez tous les marseillais styl\u00e9s !<\/p>\n<p>Une jolie toile de la galerie d\u2019art Maison Marseille<\/p>\n<p><img loading=\"lazy\" decoding=\"async\" class=\"alignnone wp-image-13828 size-large\" src=\"https:\/\/www.europesays.com\/fr\/wp-content\/uploads\/2025\/12\/Oeuvre-1-1024x416.jpg\" alt=\"Photo d'une oeuvre d'art de la galerie Maison Marseille\" width=\"1024\" height=\"416\"  \/><\/p>\n<p>\u00c0 deux pas de la Cath\u00e9drale La Major et du Mucem, <a href=\"https:\/\/maisonmarseille.art\/\" rel=\"nofollow noopener\" target=\"_blank\" class=\"shortcode-outbound-link\" data-has-ga=\"true\" data-ga-type=\"click\" data-label=\"https:\/\/maisonmarseille.art\/\" data-action=\"text_cta_15\" data-category=\"click_non_sales\">cette petite galerie d\u2019art<\/a> regorge de p\u00e9pites. Des petites <strong>cartes postales<\/strong>, des <strong>furoshokis qui parfument votre maison<\/strong> et bien sur des <strong>oeuvres d\u2019art<\/strong> qui habilleront vos murs avec \u00e9l\u00e9gance, tout est r\u00e9alis\u00e9 de la main des artistes de la galerie.<\/p>\n<p><strong>Un t-shirt \u201cfille du sud\u201d de La Treille Maison Ensoleill\u00e9e\u00a0<\/strong><br \/>\n<img loading=\"lazy\" decoding=\"async\" class=\"size-large wp-image-10488\" src=\"https:\/\/www.europesays.com\/fr\/wp-content\/uploads\/2025\/12\/mode-Marseille-1024x576.png\" alt=\"mode Marseille\" width=\"1024\" height=\"576\"  \/>\u00a9 La Treille Maison Ensoleill\u00e9e<\/p>\n<p>On affiche fi\u00e8rement ses convictions et son amour pour la <strong>Provence<\/strong> avec un t-shirt brod\u00e9 \u00ab\u00a0Fille du Sud\u00a0\u00bb dans un esprit libre et boh\u00e8me, \u00e0 contre-courant de la <strong>fast-fashion<\/strong>. C\u2019est l\u00e0 tout le concept de <a href=\"https:\/\/latreillemaisonensoleillee.com\/collections\/tee-shirts\/products\/tee-shirt-fille-du-sud\" rel=\"nofollow noopener\" target=\"_blank\" class=\"shortcode-outbound-link\" data-has-ga=\"true\" data-ga-type=\"click\" data-label=\"https:\/\/latreillemaisonensoleillee.com\/collections\/tee-shirts\/products\/tee-shirt-fille-du-sud\" data-action=\"text_cta_16\" data-category=\"click_non_sales\">La Treille Maison Ensoleill\u00e9e<\/a>, une maison qui vous veut du bien !<\/p>\n<p><strong>Une bouteille de Ratafia de Marseille de la mythique maison Ferroni\u00a0<\/strong><br \/>\n<img loading=\"lazy\" decoding=\"async\" class=\"size-large wp-image-10490\" src=\"https:\/\/www.europesays.com\/fr\/wp-content\/uploads\/2025\/12\/Ferroni-1024x576.png\" alt=\"Ferroni\" width=\"1024\" height=\"576\"  \/>\u00a9 Ferroni<\/p>\n<p>Aaaaah le <strong>Ratafia<\/strong> ! Comment l\u2019oublier ? <a href=\"https:\/\/www.ferroni.shop\/\" rel=\"nofollow noopener\" target=\"_blank\" class=\"shortcode-outbound-link\" data-has-ga=\"true\" data-ga-type=\"click\" data-label=\"https:\/\/www.ferroni.shop\/\" data-action=\"text_cta_17\" data-category=\"click_non_sales\">Ferroni<\/a> met en bouteille et en lumi\u00e8re cette liqueur d\u2019un autre temps, r\u00e9\u00e9dit\u00e9s d\u2019apr\u00e8s une recette de 1823. Du<strong> rhum<\/strong>, des fruits rouges, des \u00e9pices\u2026 Vous ne pouvez pas vous tromper !<\/p>\n<p>\u00ab\u00a0Comme Avant\u00a0\u00bb, des cosm\u00e9tiques bio, vegan et z\u00e9ro-d\u00e9chets faits \u00e0 Marseille<\/p>\n<p><img decoding=\"async\" src=\"https:\/\/www.europesays.com\/fr\/wp-content\/uploads\/2025\/12\/73182455_1353366738174365_5172015595121541120_o-1024x597.png\" alt=\"\u00ab\u00a0Comme Avant\u00a0\u00bb : les cosm\u00e9tiques bio, vegan et z\u00e9ro-d\u00e9chets made in Marseille!\"\/><\/p>\n<p>Ici, tous les produits sont confectionn\u00e9s au sein de l\u2019atelier de fabrication \u00e0 Marseille. Le but de\u00a0Comme Avant, c\u2019est proposer des produits d\u2019hygi\u00e8ne\u00a0<strong>sains<\/strong>\u00a0et\u00a0<strong>sans produits de synth\u00e8se<\/strong>,\u00a0<strong>sans parfum<\/strong>,\u00a0<strong>sans colorant<\/strong>\u00a0et compos\u00e9s exclusivement de\u00a0<strong>composants d\u2019origine naturelle<\/strong>. Avec les cosm\u00e9tiques de <a href=\"https:\/\/marseillesecrete.com\/comme-avant-les-cosmetiques-bio-vegan-et-zero-dechets-made-in-marseille\/\" rel=\"follow noopener\" target=\"_self\" class=\"shortcode-outbound-link\" data-has-ga=\"true\" data-ga-type=\"click\" data-label=\"https:\/\/marseillesecrete.com\/comme-avant-les-cosmetiques-bio-vegan-et-zero-dechets-made-in-marseille\/\" data-action=\"text_cta_18\" data-category=\"click_internal\">Comme Avant<\/a>, pas de listes d\u2019ingr\u00e9dients interminables aux noms barbares. Gr\u00e2ce \u00e0 ces produits \u00ab\u00a0d\u2019antan\u00a0\u00bb, plus simples et plus efficaces, la marque recherche avant tout le bien-\u00eatre de l\u2019Homme et de l\u2019environnement.<\/p>\n<p>\t\t\t\t<script async src=\"\/\/www.instagram.com\/embed.js\"><\/script><\/p>\n","protected":false},"excerpt":{"rendered":"Save Chaque ann\u00e9e c\u2019est la m\u00eame histoire. Il faut se creuser la t\u00eate pour trouver des id\u00e9es cadeaux&hellip;\n","protected":false},"author":2,"featured_media":577616,"comment_status":"","ping_status":"","sticky":false,"template":"","format":"standard","meta":{"footnotes":""},"categories":[2814],"tags":[1111,11,1777,674,1011,27,884,12,882,25],"class_list":{"0":"post-577615","1":"post","2":"type-post","3":"status-publish","4":"format-standard","5":"has-post-thumbnail","7":"category-marseille","8":"tag-actu","9":"tag-actualites","10":"tag-eu","11":"tag-europe","12":"tag-fr","13":"tag-france","14":"tag-marseille","15":"tag-news","16":"tag-provence-alpes-cote-dazur","17":"tag-republique-francaise"},"share_on_mastodon":{"url":"https:\/\/pubeurope.com\/@fr\/115661507608334392","error":""},"_links":{"self":[{"href":"https:\/\/www.europesays.com\/fr\/wp-json\/wp\/v2\/posts\/577615","targetHints":{"allow":["GET"]}}],"collection":[{"href":"https:\/\/www.europesays.com\/fr\/wp-json\/wp\/v2\/posts"}],"about":[{"href":"https:\/\/www.europesays.com\/fr\/wp-json\/wp\/v2\/types\/post"}],"author":[{"embeddable":true,"href":"https:\/\/www.europesays.com\/fr\/wp-json\/wp\/v2\/users\/2"}],"replies":[{"embeddable":true,"href":"https:\/\/www.europesays.com\/fr\/wp-json\/wp\/v2\/comments?post=577615"}],"version-history":[{"count":0,"href":"https:\/\/www.europesays.com\/fr\/wp-json\/wp\/v2\/posts\/577615\/revisions"}],"wp:featuredmedia":[{"embeddable":true,"href":"https:\/\/www.europesays.com\/fr\/wp-json\/wp\/v2\/media\/577616"}],"wp:attachment":[{"href":"https:\/\/www.europesays.com\/fr\/wp-json\/wp\/v2\/media?parent=577615"}],"wp:term":[{"taxonomy":"category","embeddable":true,"href":"https:\/\/www.europesays.com\/fr\/wp-json\/wp\/v2\/categories?post=577615"},{"taxonomy":"post_tag","embeddable":true,"href":"https:\/\/www.europesays.com\/fr\/wp-json\/wp\/v2\/tags?post=577615"}],"curies":[{"name":"wp","href":"https:\/\/api.w.org\/{rel}","templated":true}]}}