{"id":577617,"date":"2025-12-04T13:21:20","date_gmt":"2025-12-04T13:21:20","guid":{"rendered":"https:\/\/www.europesays.com\/fr\/577617\/"},"modified":"2025-12-04T13:21:20","modified_gmt":"2025-12-04T13:21:20","slug":"fete-des-lumieres-de-lyon-greve-surprise-des-tcl-sur-ces-lignes-voici-a-quoi-sattendre","status":"publish","type":"post","link":"https:\/\/www.europesays.com\/fr\/577617\/","title":{"rendered":"F\u00eate des Lumi\u00e8res de Lyon. Gr\u00e8ve surprise des TCL sur ces lignes, voici \u00e0 quoi s&rsquo;attendre"},"content":{"rendered":"<p>                    Par<br \/>\n        <strong><br \/>\n            <a href=\"https:\/\/actu.fr\/auteur\/theo-zuili\" title=\"Consulter tous les articles de Th\u00e9o Zuili\" target=\"_blank\" rel=\"noopener\">Th\u00e9o Zuili<\/a><br \/>\n                    <\/strong><\/p>\n<p>        Publi\u00e9 le<\/p>\n<p>            4 d\u00e9c. 2025 \u00e0 10h59        <\/p>\n<p>La <strong>catastrophe a \u00e9t\u00e9 \u00e9vit\u00e9e<\/strong> : les lignes les plus importantes des <a href=\"https:\/\/actu.fr\/tag\/transports-en-commun-lyonnais-tcl\" target=\"_blank\" rel=\"noopener\">TCL<\/a> fonctionneront bien normalement \u00e0 Lyon lors de la <a href=\"https:\/\/actu.fr\/auvergne-rhone-alpes\/lyon_69123\/lyon-fete-des-lumieres-2025-les-dates-et-les-horaires-complets-avec-du-changement_63494023.html\" target=\"_blank\" rel=\"noopener\">F\u00eate des Lumi\u00e8res 2025<\/a>, apr\u00e8s la<a href=\"https:\/\/actu.fr\/auvergne-rhone-alpes\/lyon_69123\/lyon-une-greve-du-metro-tcl-plane-sur-la-fete-des-lumieres-a-quoi-s-attendre_63510239.html\" target=\"_blank\" rel=\"noopener\"> menace d\u2019une gr\u00e8ve massive<\/a> sur le r\u00e9seau de transport en commun lyonnais.<\/p>\n<p class=\" wall-content\">Mais<strong> 3% des salari\u00e9s<\/strong> de RATP Dev, qui exploite les m\u00e9tros et tramways, seront <strong>finalement bien en gr\u00e8ve<\/strong> <a href=\"https:\/\/actu.fr\/auvergne-rhone-alpes\/lyon_69123\/lyon-greve-massive-des-tcl-a-la-fete-des-lumieres-ce-qu-ont-decide-les-agents_63516174.html\" target=\"_blank\" rel=\"noopener\">malgr\u00e9 un accord sign\u00e9 avec l\u2019ensemble du personnel<\/a>, communique l\u2019entreprise parisienne.<\/p>\n<p>Des lignes de tramway perturb\u00e9es<\/p>\n<p class=\" wall-content\">Les TCL seront impact\u00e9s par \u00ab\u00a0un mouvement social tr\u00e8s localis\u00e9\u00a0\u00bb. RATP Dev d\u00e9taille les lignes <strong>perturb\u00e9es le 5 d\u00e9cembre<\/strong> :<\/p>\n<ul class=\" wall-content\">\n<li>La ligne T3 \u00a0circulera uniquement entre Meyzieu Les Panettes et Vaulx-en-Velin La Soie.<\/li>\n<li>La ligne T5\u00a0 ne circulera pas.<\/li>\n<li>La ligne T7\u00a0\u00a0ne circulera\u00a0qu\u2019en soir\u00e9e (de 18h30 \u00e0 23h45).\n<p>Et rassure : \u00ab\u00a0Les autres lignes de tramway (T1-T2-T4-T6 et Rh\u00f4nexpress), les lignes de m\u00e9tro (A, B, C et D) et les funiculaires (F1, F2) fonctionneront normalement.\u00a0\u00bb<\/p>\n<\/li>\n<\/ul>\n<p>Des personnels en gr\u00e8ve apr\u00e8s la prime<\/p>\n<p class=\" wall-content\">Fin novembre, <strong>100% des agents op\u00e9rateurs du m\u00e9tro D<\/strong> avaient d\u00e9pos\u00e9 leur pr\u00e9avis de gr\u00e8ve d\u00e8s le 5 d\u00e9cembre, jour de lancement de la F\u00eate des Lumi\u00e8res de Lyon, tandis qu\u2019aucune estimation n\u2019avait fuit\u00e9 dans la presse c\u00f4t\u00e9 tramways.<\/p>\n<p class=\" wall-content\">Une mobilisation spontan\u00e9e port\u00e9e par des salari\u00e9s m\u00e9contents d\u00e9cid\u00e9s \u00e0 employer le <a href=\"https:\/\/actu.fr\/auvergne-rhone-alpes\/lyon_69123\/greve-des-tcl-a-lyon-une-mobilisation-record-de-nouvelles-perturbations-a-prevoir_63129893.html\" target=\"_blank\" rel=\"noopener\">pr\u00e9avis de gr\u00e8ve longue dur\u00e9e d\u00e9pos\u00e9 sur toute l\u2019ann\u00e9e<\/a> \u00e0 l\u2019issue de \u00ab\u00a0l\u2019\u00e9chec\u00a0\u00bb des n\u00e9gociations annuelles obligatoires du printemps dernier.<\/p>\n<p>Votre r\u00e9gion, votre actu !<\/p>\n<p>Recevez chaque jour les infos qui comptent pour vous.<\/p>\n<p>\t<a href=\"https:\/\/actu.fr\/newsletter\" class=\"ac-btn ac-btn--corner ac-btn--medium ac-btn--blue800\" target=\"_blank\" rel=\"noopener\">S&rsquo;incrire<\/a><\/p>\n<p class=\" wall-content\">Des menaces pour exiger de meilleurs salaires et conditions de travail. Mais la r\u00e9ponse de RATP Dev ne s\u2019est pas fait attendre : une <strong>prime de 450\u20ac nets<\/strong> a apais\u00e9 la col\u00e8re des salari\u00e9s. Les syndicats FO et CGT n\u2019appelaient pas \u00e0 la gr\u00e8ve \u00ab\u00a0en cons\u00e9quence\u00a0\u00bb.<\/p>\n<p class=\" wall-content\">Mais certaines lignes de tramway seront finalement perturb\u00e9es par la gr\u00e8ve d\u2019une petite partie des conducteurs, vraisemblablement pas satisfaits de l\u2019accord sign\u00e9 mercredi.\u00a0<\/p>\n<p class=\" wall-content\">Personnalisez votre actualit\u00e9 en ajoutant vos villes et m\u00e9dias en favori avec <a href=\"https:\/\/moncompte.actu.fr\" title=\"D\u00e9couvez Mon Actu\" rel=\"nofollow noopener\" data-trk=\"{&quot;cta&quot;:{&quot;action&quot;:&quot;https:\\\/\\\/moncompte.actu.fr&quot;,&quot;category&quot;:&quot;mon compte&quot;,&quot;from&quot;:&quot;article footer&quot;,&quot;name&quot;:&quot;Mon actu&quot;,&quot;type&quot;:&quot;cta&quot;}}\" target=\"_blank\">Mon Actu<\/a>.<\/p>\n","protected":false},"excerpt":{"rendered":"Par Th\u00e9o Zuili Publi\u00e9 le 4 d\u00e9c. 2025 \u00e0 10h59 La catastrophe a \u00e9t\u00e9 \u00e9vit\u00e9e : les lignes&hellip;\n","protected":false},"author":2,"featured_media":577618,"comment_status":"","ping_status":"","sticky":false,"template":"","format":"standard","meta":{"footnotes":""},"categories":[1889],"tags":[1111,11,2430,1777,674,48837,1011,27,6151,2428,12,25,104,5787],"class_list":{"0":"post-577617","1":"post","2":"type-post","3":"status-publish","4":"format-standard","5":"has-post-thumbnail","7":"category-lyon","8":"tag-actu","9":"tag-actualites","10":"tag-auvergne-rhone-alpes","11":"tag-eu","12":"tag-europe","13":"tag-fete-des-lumieres-de-lyon","14":"tag-fr","15":"tag-france","16":"tag-greve","17":"tag-lyon","18":"tag-news","19":"tag-republique-francaise","20":"tag-societe","21":"tag-transports-en-commun-lyonnais-tcl"},"share_on_mastodon":{"url":"https:\/\/pubeurope.com\/@fr\/115661510139635174","error":""},"_links":{"self":[{"href":"https:\/\/www.europesays.com\/fr\/wp-json\/wp\/v2\/posts\/577617","targetHints":{"allow":["GET"]}}],"collection":[{"href":"https:\/\/www.europesays.com\/fr\/wp-json\/wp\/v2\/posts"}],"about":[{"href":"https:\/\/www.europesays.com\/fr\/wp-json\/wp\/v2\/types\/post"}],"author":[{"embeddable":true,"href":"https:\/\/www.europesays.com\/fr\/wp-json\/wp\/v2\/users\/2"}],"replies":[{"embeddable":true,"href":"https:\/\/www.europesays.com\/fr\/wp-json\/wp\/v2\/comments?post=577617"}],"version-history":[{"count":0,"href":"https:\/\/www.europesays.com\/fr\/wp-json\/wp\/v2\/posts\/577617\/revisions"}],"wp:featuredmedia":[{"embeddable":true,"href":"https:\/\/www.europesays.com\/fr\/wp-json\/wp\/v2\/media\/577618"}],"wp:attachment":[{"href":"https:\/\/www.europesays.com\/fr\/wp-json\/wp\/v2\/media?parent=577617"}],"wp:term":[{"taxonomy":"category","embeddable":true,"href":"https:\/\/www.europesays.com\/fr\/wp-json\/wp\/v2\/categories?post=577617"},{"taxonomy":"post_tag","embeddable":true,"href":"https:\/\/www.europesays.com\/fr\/wp-json\/wp\/v2\/tags?post=577617"}],"curies":[{"name":"wp","href":"https:\/\/api.w.org\/{rel}","templated":true}]}}