{"id":577619,"date":"2025-12-04T13:22:14","date_gmt":"2025-12-04T13:22:14","guid":{"rendered":"https:\/\/www.europesays.com\/fr\/577619\/"},"modified":"2025-12-04T13:22:14","modified_gmt":"2025-12-04T13:22:14","slug":"la-boutique-officielle-est-ouverte-jusqua-22-heures-a-partir-de-vendredi","status":"publish","type":"post","link":"https:\/\/www.europesays.com\/fr\/577619\/","title":{"rendered":"la boutique officielle est ouverte jusqu\u2019\u00e0 22 heures \u00e0 partir de vendredi"},"content":{"rendered":"<p>Chaque ann\u00e9e, le \u00ab\u00a0merchandising\u00a0\u00bb, les produits d\u00e9riv\u00e9s \u00e0 l\u2019image de la F\u00eate des Lumi\u00e8res, est plus important. La preuve cette ann\u00e9e avec plein de nouveaux articles, toujours certifi\u00e9s de la Licence Ville de Lyon. Le tote-bag phosphorescent est toujours disponible, ainsi que le stylo quatre couleurs, rejoints cette ann\u00e9e par des mugs et autres.<\/p>\n<p>Le produit-phare\u00a0: le nouveau foulard carr\u00e9 de soie de la Maison Malfroy, aux couleurs de la f\u00eate (disponible en carr\u00e9 de diff\u00e9rentes tailles et en bandeau, \u00e0 partir de 50\u00a0euros).<\/p>\n<p>A d\u00e9couvrir dans la boutique officielle de la F\u00eate des Lumi\u00e8res, ouverte jusqu\u2019au 20\u00a0d\u00e9cembre et en horaires allong\u00e9s pendant les 4 jours de la F\u00eate.<\/p>\n<p class=\"note\">Boutique officielle de la F\u00eate des Lumi\u00e8res, kiosque sur la place Bellecour (Lyon 2e) juste \u00e0 c\u00f4t\u00e9 de l\u2019Office du tourisme. Ouverte du 3 au 20\u00a0d\u00e9cembre. Du mercredi au samedi de 10\u00a0h \u00e0 19\u00a0h et pendant les 4 jours de la F\u00eate des Lumi\u00e8res de 11\u00a0h \u00e0 22\u00a0h. Articles \u00e0 tous les prix. Site\u00a0: <a href=\"https:\/\/boutique.lyon.fr\/partenaire\/maison-malfroy\" target=\"_blank\" rel=\"noopener\">https:\/\/boutique.lyon.fr\/partenaire\/maison-malfroy<\/a><\/p>\n","protected":false},"excerpt":{"rendered":"Chaque ann\u00e9e, le \u00ab\u00a0merchandising\u00a0\u00bb, les produits d\u00e9riv\u00e9s \u00e0 l\u2019image de la F\u00eate des Lumi\u00e8res, est plus important. La&hellip;\n","protected":false},"author":2,"featured_media":577620,"comment_status":"","ping_status":"","sticky":false,"template":"","format":"standard","meta":{"footnotes":""},"categories":[1889],"tags":[1111,11,2430,1687,2757,1777,674,48836,3326,1011,27,2428,2756,12,25,2429],"class_list":{"0":"post-577619","1":"post","2":"type-post","3":"status-publish","4":"format-standard","5":"has-post-thumbnail","7":"category-lyon","8":"tag-actu","9":"tag-actualites","10":"tag-auvergne-rhone-alpes","11":"tag-culture-loisirs","12":"tag-edition-lyon-villeurbanne","13":"tag-eu","14":"tag-europe","15":"tag-fete-des-lumieres","16":"tag-fete-locale","17":"tag-fr","18":"tag-france","19":"tag-lyon","20":"tag-lyon-bassin","21":"tag-news","22":"tag-republique-francaise","23":"tag-rhone"},"share_on_mastodon":{"url":"https:\/\/pubeurope.com\/@fr\/115661513898886800","error":""},"_links":{"self":[{"href":"https:\/\/www.europesays.com\/fr\/wp-json\/wp\/v2\/posts\/577619","targetHints":{"allow":["GET"]}}],"collection":[{"href":"https:\/\/www.europesays.com\/fr\/wp-json\/wp\/v2\/posts"}],"about":[{"href":"https:\/\/www.europesays.com\/fr\/wp-json\/wp\/v2\/types\/post"}],"author":[{"embeddable":true,"href":"https:\/\/www.europesays.com\/fr\/wp-json\/wp\/v2\/users\/2"}],"replies":[{"embeddable":true,"href":"https:\/\/www.europesays.com\/fr\/wp-json\/wp\/v2\/comments?post=577619"}],"version-history":[{"count":0,"href":"https:\/\/www.europesays.com\/fr\/wp-json\/wp\/v2\/posts\/577619\/revisions"}],"wp:featuredmedia":[{"embeddable":true,"href":"https:\/\/www.europesays.com\/fr\/wp-json\/wp\/v2\/media\/577620"}],"wp:attachment":[{"href":"https:\/\/www.europesays.com\/fr\/wp-json\/wp\/v2\/media?parent=577619"}],"wp:term":[{"taxonomy":"category","embeddable":true,"href":"https:\/\/www.europesays.com\/fr\/wp-json\/wp\/v2\/categories?post=577619"},{"taxonomy":"post_tag","embeddable":true,"href":"https:\/\/www.europesays.com\/fr\/wp-json\/wp\/v2\/tags?post=577619"}],"curies":[{"name":"wp","href":"https:\/\/api.w.org\/{rel}","templated":true}]}}