{"id":577631,"date":"2025-12-04T13:29:12","date_gmt":"2025-12-04T13:29:12","guid":{"rendered":"https:\/\/www.europesays.com\/fr\/577631\/"},"modified":"2025-12-04T13:29:12","modified_gmt":"2025-12-04T13:29:12","slug":"xi-jinping-rejette-toute-part-de-responsabilite-dans-la-poursuite-de-la-crise-ukrainienne-lors-de-la-visite-en-chine-demmanuel-macron","status":"publish","type":"post","link":"https:\/\/www.europesays.com\/fr\/577631\/","title":{"rendered":"Xi Jinping rejette toute part de responsabilit\u00e9 dans la poursuite de la crise ukrainienne, lors de la visite en Chine d\u2019Emmanuel Macron"},"content":{"rendered":"<p>   Ankara appelle Russie et Ukraine \u00e0 \u00e9pargner les infrastructures \u00e9nerg\u00e9tiques pour pr\u00e9server la s\u00e9curit\u00e9 en mer Noire             <\/p>\n<p class=\"post__live-container--answer-text post__space-node\">Face \u00e0 l\u2019escalade des frappes en mer Noire, la Turquie met en garde contre les risques d\u2019une crise \u00e9nerg\u00e9tique mondiale et d\u00e9fend la diversification de ses approvisionnements en gaz.<\/p>\n<p class=\"post__live-container--answer-text post__space-node\">La Turquie a pri\u00e9 mercredi la Russie et l\u2019Ukraine de \u00ab\u00a0laisser les infrastructures \u00e9nerg\u00e9tiques en dehors de la guerre\u00a0\u00bb, apr\u00e8s des attaques ukrainiennes contre un terminal p\u00e9trolier russe et des navires de la flotte fant\u00f4me utilis\u00e9e par Moscou pour contourner les sanctions occidentales.<\/p>\n<p class=\"post__live-container--answer-text post__space-node\">\u00ab\u00a0Nous disons \u00e0 toutes les parties, en Russie et en Ukraine\u00a0: laissez les infrastructures \u00e9nerg\u00e9tiques en dehors de cette guerre, car cela a un impact fort sur le quotidien des populations\u00a0\u00bb, a r\u00e9p\u00e9t\u00e9 Alparslan Bayraktar, le ministre de l\u2019\u00e9nergie turc \u00e0 plusieurs journalistes, dont l\u2019Agence France-Presse (AFP).<\/p>\n<p class=\"post__live-container--answer-text post__space-node\">Citant les attaques russes et ukrainiennes contre les infrastructures du camp ennemi, le ministre turc a jug\u00e9 n\u00e9cessaire de \u00ab\u00a0maintenir les flux \u00e9nerg\u00e9tiques ininterrompus en mer Noire, dans nos d\u00e9troits, ainsi que dans les pipelines\u00a0\u00bb, avertissant que toute perturbation aurait des r\u00e9percussions sur les march\u00e9s mondiaux.<\/p>\n<p class=\"post__live-container--answer-text post__space-node\">Il y a quelques jours, l\u2019Ukraine a lanc\u00e9 des drones navals contre un important terminal p\u00e9trolier russe et deux p\u00e9troliers li\u00e9s \u00e0 Moscou, \u00e0 quelques dizaines de milles nautiques seulement des c\u00f4tes turques en mer Noire. Moscou accuse, en outre, l\u2019Ukraine d\u2019avoir vis\u00e9 dans ces m\u00eames eaux cette semaine un troisi\u00e8me navire, battant pavillon russe et charg\u00e9 d\u2019huile de tournesol, ce que Kiev nie.<\/p>\n<p class=\"post__live-container--answer-text post__space-node\">Interrog\u00e9, par ailleurs, sur des propos du pr\u00e9sident am\u00e9ricain, Donald Trump, qui a appel\u00e9, \u00e0 la fin de septembre, la Turquie \u00e0 ne plus acheter de p\u00e9trole russe, le ministre turc a soulign\u00e9 que Moscou est \u00ab\u00a0un fournisseur tr\u00e8s fiable\u00a0\u00bb pour Ankara. M.\u00a0Bayraktar a pr\u00e9cis\u00e9 que la Russie a assur\u00e9 40\u00a0% environ de l\u2019approvisionnement en gaz de la Turquie en\u00a02024, contre 60\u00a0% certaines ann\u00e9es. \u00ab\u00a0La s\u00e9curit\u00e9 d\u2019approvisionnement est notre priorit\u00e9 num\u00e9ro un\u00a0\u00bb, a d\u00e9clar\u00e9 le ministre turc, affirmant toutefois qu\u2019Ankara \u00ab\u00a0ne souhaite pas d\u00e9pendre d\u2019un seul pays ou d\u2019une seule entreprise\u00a0\u00bb. Il a poursuivi\u00a0: \u00ab\u00a0Nous avons besoin de gaz russe, de gaz iranien, de gaz azerba\u00efdjanais et de nombreuses autres sources.\u00a0\u00bb Il a rappel\u00e9 qu\u2019Ankara et Moscou sont en discussion pour prolonger un contrat gazier qui expire le 31\u00a0d\u00e9cembre.<\/p>\n","protected":false},"excerpt":{"rendered":"Ankara appelle Russie et Ukraine \u00e0 \u00e9pargner les infrastructures \u00e9nerg\u00e9tiques pour pr\u00e9server la s\u00e9curit\u00e9 en mer Noire Face&hellip;\n","protected":false},"author":2,"featured_media":577632,"comment_status":"","ping_status":"","sticky":false,"template":"","format":"standard","meta":{"footnotes":""},"categories":[1591],"tags":[11,1887,12,1885,1886,132],"class_list":{"0":"post-577631","1":"post","2":"type-post","3":"status-publish","4":"format-standard","5":"has-post-thumbnail","7":"category-russie","8":"tag-actualites","9":"tag-federation-de-russie","10":"tag-news","11":"tag-russia","12":"tag-russian-federation","13":"tag-russie"},"share_on_mastodon":{"url":"https:\/\/pubeurope.com\/@fr\/115661541527926978","error":""},"_links":{"self":[{"href":"https:\/\/www.europesays.com\/fr\/wp-json\/wp\/v2\/posts\/577631","targetHints":{"allow":["GET"]}}],"collection":[{"href":"https:\/\/www.europesays.com\/fr\/wp-json\/wp\/v2\/posts"}],"about":[{"href":"https:\/\/www.europesays.com\/fr\/wp-json\/wp\/v2\/types\/post"}],"author":[{"embeddable":true,"href":"https:\/\/www.europesays.com\/fr\/wp-json\/wp\/v2\/users\/2"}],"replies":[{"embeddable":true,"href":"https:\/\/www.europesays.com\/fr\/wp-json\/wp\/v2\/comments?post=577631"}],"version-history":[{"count":0,"href":"https:\/\/www.europesays.com\/fr\/wp-json\/wp\/v2\/posts\/577631\/revisions"}],"wp:featuredmedia":[{"embeddable":true,"href":"https:\/\/www.europesays.com\/fr\/wp-json\/wp\/v2\/media\/577632"}],"wp:attachment":[{"href":"https:\/\/www.europesays.com\/fr\/wp-json\/wp\/v2\/media?parent=577631"}],"wp:term":[{"taxonomy":"category","embeddable":true,"href":"https:\/\/www.europesays.com\/fr\/wp-json\/wp\/v2\/categories?post=577631"},{"taxonomy":"post_tag","embeddable":true,"href":"https:\/\/www.europesays.com\/fr\/wp-json\/wp\/v2\/tags?post=577631"}],"curies":[{"name":"wp","href":"https:\/\/api.w.org\/{rel}","templated":true}]}}