{"id":577638,"date":"2025-12-04T13:33:26","date_gmt":"2025-12-04T13:33:26","guid":{"rendered":"https:\/\/www.europesays.com\/fr\/577638\/"},"modified":"2025-12-04T13:33:26","modified_gmt":"2025-12-04T13:33:26","slug":"lallemagne-deploie-le-bouclier-antimissile-israelien-arrow-3-pourquoi-cest-important","status":"publish","type":"post","link":"https:\/\/www.europesays.com\/fr\/577638\/","title":{"rendered":"L&rsquo;Allemagne d\u00e9ploie le bouclier antimissile isra\u00e9lien Arrow-3: pourquoi c&rsquo;est important"},"content":{"rendered":"<p>Les tensions entre la Russie et l&rsquo;Europe\u00a0ont encore franchi un cran cette semaine\u00a0: au lendemain de la parution d&rsquo;un article appelant \u00e0 \u00ab\u00a0tout br\u00fbler jusqu&rsquo;\u00e0 la Manche\u00a0\u00bb dans la revue officielle de la diplomatie russe, Vladimir Poutine s&rsquo;est d\u00e9clar\u00e9 \u00ab\u00a0pr\u00eat \u00e0 la guerre\u00a0\u00bb avec les pays du continent. Il faut dire que l&rsquo;UE se pr\u00e9pare \u00e0 aider l&rsquo;Ukraine \u00e0 hauteur de 90 milliards d&rsquo;euros en s&rsquo;appuyant sur les avoirs russes gel\u00e9s en Europe.<\/p>\n<p>L&rsquo;Allemagne au coeur des plans de d\u00e9fense de l&rsquo;OTAN<\/p>\n<p>C&rsquo;est dans ce contexte qu&rsquo;Isra\u00ebl a remis \u00e0 l&rsquo;Allemagne, mercredi 3 d\u00e9cembre, le syst\u00e8me de d\u00e9fense a\u00e9rienne Arrow-3 qu&rsquo;elle a achet\u00e9 pour 4 milliards d&rsquo;euros en septembre 2023. Il est d\u00e9j\u00e0 install\u00e9 sur la base a\u00e9rienne de Holzdorf, 120 kilom\u00e8tres au sud de Berlin, et d&rsquo;autres vont suivre, rapportent <a href=\"https:\/\/fr.euronews.com\/2025\/12\/04\/une-protection-a-33-milliards-lallemagne-active-le-systeme-de-defense-antimissile-israelie\" target=\"_blank\" rel=\"noopener\">Euronews <\/a>et le <a href=\"https:\/\/fr.euronews.com\/2025\/12\/04\/une-protection-a-33-milliards-lallemagne-active-le-systeme-de-defense-antimissile-israelie\" target=\"_blank\" rel=\"noopener\">Times of Israel<\/a>.<\/p>\n<p>\u00ab\u00a0Le syst\u00e8me [Arrow-3] comble la lacune entre la d\u00e9fense atmosph\u00e9rique et la d\u00e9fense exoatmosph\u00e9rique, les missiles en approche ne sont pas d\u00e9truits par une charge explosive, mais par un impact direct, explique Euronews. Cette proc\u00e9dure dite \u00ab\u00a0hit-to-kill\u00a0\u00bb  doit permettre d&rsquo;atteindre l&rsquo;ogive alors qu&rsquo;elle est encore dans l&rsquo;espace et d&rsquo;\u00e9viter ainsi que des d\u00e9bris importants ne tombent au-dessus des zones habit\u00e9es.\u00a0\u00bb<\/p>\n<p>Les syst\u00e8mes de d\u00e9fense a\u00e9rienne <a href=\"https:\/\/www.geo.fr\/geopolitique\/guerre-en-ukraine-les-defis-des-systemes-patriot-face-aux-missiles-russes-ameliores-228171\" target=\"_blank\" rel=\"noopener\">Patriot <\/a>et IRIS-T dont disposait jusqu&rsquo;ici l&rsquo;Allemagne \u00e9taient devenus insuffisants. Or, Berlin joue un r\u00f4le central dans la d\u00e9fense de l&rsquo;Europe, car en cas de conflit avec la Russie, jusqu&rsquo;\u00e0 800 000 militaires de l&rsquo;OTAN devraient transiter par le territoire allemand selon le plan d&rsquo;op\u00e9ration Allemagne (OPLAN DEU). Un manque de protection de l&rsquo;Allemagne contre les missiles balistiques met donc potentiellement en danger toute l&rsquo;Europe.<\/p>\n<p>Lune de miel germano-isra\u00e9lienne<\/p>\n<p>\u00ab\u00a0Nous, Isra\u00e9liens, descendants de survivants de l\u2019Holocauste, souhaitons voir une Allemagne forte et prosp\u00e8re, fi\u00e8re et leader en Europe et dans le monde, a d\u00e9clar\u00e9 Amir Baram, directeur g\u00e9n\u00e9ral du minist\u00e8re isra\u00e9lien de la d\u00e9fense, lors de la c\u00e9r\u00e9monie. Nous appr\u00e9cions profond\u00e9ment que les syst\u00e8mes isra\u00e9liens participent au renforcement des forces arm\u00e9es allemandes. La remise d\u2019aujourd\u2019hui ne marque qu\u2019un d\u00e9but pour [la coop\u00e9ration militaire entre] Isra\u00ebl et l\u2019Allemagne.\u00a0\u00bb<\/p>\n<p>Le syst\u00e8me Arrow-3 a d\u00e9j\u00e0 \u00e9t\u00e9 utilis\u00e9 par Isra\u00ebl pour se d\u00e9fendre contre les drones et missiles que l&rsquo;Iran a tir\u00e9 contre son territoire durant la \u00ab\u00a0guerre de douze jours\u00a0\u00bb de juin 2025. La livraison intervient alors que Berlin a d\u00e9cid\u00e9 d&rsquo;autoriser de nouveau les livraisons d&rsquo;armes allemande \u00e0 Isra\u00ebl, alors qu&rsquo;un embargo avait \u00e9t\u00e9 mis en place lors de l&rsquo;offensive de Tsahal sur Gaza, qui a fait des dizaines de milliers de morts, majoritairement civils.<\/p>\n<p>\u00ab\u00a0Un tel embargo n\u2019aurait jamais d\u00fb \u00eatre impos\u00e9 \u00e0 l\u2019alli\u00e9 de l\u2019Allemagne qui lutte contre le terrorisme islamiste meurtrier, qu\u2019il provienne du r\u00e9gime th\u00e9ocratique iranien ou du Hamas \u00e0 Gaza, a ajout\u00e9 Amir Baram. Lorsqu\u2019Isra\u00ebl agit contre les menaces nucl\u00e9aires, les missiles balistiques et le terrorisme, nous ne nous d\u00e9fendons pas seulement nous-m\u00eames, nous prot\u00e9geons le monde occidental tout entier. Nous accomplissons le travail difficile, parfois le sale boulot, que le monde entier devrait faire.\u00a0\u00bb<\/p>\n","protected":false},"excerpt":{"rendered":"Les tensions entre la Russie et l&rsquo;Europe\u00a0ont encore franchi un cran cette semaine\u00a0: au lendemain de la parution&hellip;\n","protected":false},"author":2,"featured_media":577639,"comment_status":"","ping_status":"","sticky":false,"template":"","format":"standard","meta":{"footnotes":""},"categories":[1587],"tags":[10714,11,672,1804,1805,1803,9929,1777,674,1801,3519,3343,12,136,1802],"class_list":{"0":"post-577638","1":"post","2":"type-post","3":"status-publish","4":"format-standard","5":"has-post-thumbnail","7":"category-allemagne","8":"tag-actu-russie","9":"tag-actualites","10":"tag-allemagne","11":"tag-bundesrepublik-deutschland","12":"tag-de","13":"tag-deutschland","14":"tag-du00e9fense","15":"tag-eu","16":"tag-europe","17":"tag-germany","18":"tag-hamas","19":"tag-missile","20":"tag-news","21":"tag-otan","22":"tag-republique-federale-dallemagne"},"share_on_mastodon":{"url":"https:\/\/pubeurope.com\/@fr\/115661557228849128","error":""},"_links":{"self":[{"href":"https:\/\/www.europesays.com\/fr\/wp-json\/wp\/v2\/posts\/577638","targetHints":{"allow":["GET"]}}],"collection":[{"href":"https:\/\/www.europesays.com\/fr\/wp-json\/wp\/v2\/posts"}],"about":[{"href":"https:\/\/www.europesays.com\/fr\/wp-json\/wp\/v2\/types\/post"}],"author":[{"embeddable":true,"href":"https:\/\/www.europesays.com\/fr\/wp-json\/wp\/v2\/users\/2"}],"replies":[{"embeddable":true,"href":"https:\/\/www.europesays.com\/fr\/wp-json\/wp\/v2\/comments?post=577638"}],"version-history":[{"count":0,"href":"https:\/\/www.europesays.com\/fr\/wp-json\/wp\/v2\/posts\/577638\/revisions"}],"wp:featuredmedia":[{"embeddable":true,"href":"https:\/\/www.europesays.com\/fr\/wp-json\/wp\/v2\/media\/577639"}],"wp:attachment":[{"href":"https:\/\/www.europesays.com\/fr\/wp-json\/wp\/v2\/media?parent=577638"}],"wp:term":[{"taxonomy":"category","embeddable":true,"href":"https:\/\/www.europesays.com\/fr\/wp-json\/wp\/v2\/categories?post=577638"},{"taxonomy":"post_tag","embeddable":true,"href":"https:\/\/www.europesays.com\/fr\/wp-json\/wp\/v2\/tags?post=577638"}],"curies":[{"name":"wp","href":"https:\/\/api.w.org\/{rel}","templated":true}]}}