{"id":577660,"date":"2025-12-04T13:49:21","date_gmt":"2025-12-04T13:49:21","guid":{"rendered":"https:\/\/www.europesays.com\/fr\/577660\/"},"modified":"2025-12-04T13:49:21","modified_gmt":"2025-12-04T13:49:21","slug":"augmentation-du-prix-dentree-au-louvre-le-cout-doeil","status":"publish","type":"post","link":"https:\/\/www.europesays.com\/fr\/577660\/","title":{"rendered":"Augmentation du prix d\u2019entr\u00e9e au Louvre\u00a0: le co\u00fbt d\u2019\u0153il"},"content":{"rendered":"<p>L\u2019id\u00e9e r\u00e9publicaine de la culture pour tous est-elle compatible avec le choix d\u2019une segmentation de ses tarifs\u00a0? Comme la plupart de ses voisins europ\u00e9ens, la France augmente depuis quelques ann\u00e9es les prix d\u2019entr\u00e9e de ses grands mus\u00e9es. Il s\u2019agit d\u2019amortir le choc de la pouss\u00e9e inflationniste post-pand\u00e9mie et d\u2019affronter la rigueur budg\u00e9taire. Et les billetteries constituent d\u2019importantes rentr\u00e9es d\u2019argent, \u00e0 c\u00f4t\u00e9 du m\u00e9c\u00e9nat et des subventions publiques.<\/p>\n<p>Pour continuer de faire vivre ces lieux de culture qui supposent d\u2019exorbitants co\u00fbts de fonctionnement et de r\u00e9novations indispensables \u00e0 la conservation des \u0153uvres et \u00e0 l\u2019accueil des visiteurs, il n\u2019est pas illogique de faire participer ces derniers, \u00e0 hauteur de leurs moyens. Et pourquoi ne pas taxer les touristes \u00e9trangers qui, on le sait, n\u2019h\u00e9sitent pas \u00e0 mettre la main \u00e0 la poche\u00a0? C\u2019est \u00e0 partir de cette vieille id\u00e9e, soutenue par le gouvernement, que d\u00e8s janvier\u00a02026 le <a href=\"https:\/\/www.la-croix.com\/culture\/musee-du-louvre-la-presidente-sommee-de-se-concentrer-sur-les-travaux-de-renovation-20251106\" data-tracking=\"inpage_click\" data-tracking-action=\"lire un article\" data-tracking-category=\"recirculation\" target=\"_blank\" rel=\"noopener\">Mus\u00e9e du Louvre<\/a> augmentera de 45\u00a0% le prix du billet d\u2019entr\u00e9e pour ses visiteurs extra-europ\u00e9ens.<\/p>\n<p>Attention \u00e0 la rupture d\u2019\u00e9galit\u00e9<\/p>\n<p>La logique est implacable, surtout dans le cas du Louvre o\u00f9 plus des trois quarts des visiteurs sont \u00e9trangers. Mais elle supporterait quelques pr\u00e9cautions, impossibles \u00e0 garantir, pour \u00e9viter les glissements vers la rupture d\u2019\u00e9galit\u00e9. Notamment \u00eatre en mesure de s\u2019assurer que la diff\u00e9rentiation des tarifs soit pens\u00e9e en fonction des moyens et non de l\u2019origine, et si possible dans le sens de la d\u00e9gressivit\u00e9, sous peine d\u2019appara\u00eetre discriminante, voire x\u00e9nophobe. <\/p>\n<p>Par ailleurs, peut-on se comporter en \u00ab\u00a0propri\u00e9taires\u00a0\u00bb, quand on sait que les \u0153uvres de nos mus\u00e9es proviennent des quatre coins du monde et qu\u2019elles furent parfois acquises, ou vol\u00e9es, dans des contextes de guerre ou de domination coloniale\u00a0? Faire vivre nos mus\u00e9es doit rester un objectif de nos politiques culturelles, mais pas \u00e0 n\u2019importe quel prix pour nos valeurs d\u00e9mocratiques.<\/p>\n","protected":false},"excerpt":{"rendered":"L\u2019id\u00e9e r\u00e9publicaine de la culture pour tous est-elle compatible avec le choix d\u2019une segmentation de ses tarifs\u00a0? Comme&hellip;\n","protected":false},"author":2,"featured_media":577661,"comment_status":"","ping_status":"","sticky":false,"template":"","format":"standard","meta":{"footnotes":""},"categories":[1358],"tags":[1348,1384,1385,1386,58,59,1011,27],"class_list":{"0":"post-577660","1":"post","2":"type-post","3":"status-publish","4":"format-standard","5":"has-post-thumbnail","7":"category-arts-et-design","8":"tag-arts","9":"tag-arts-and-design","10":"tag-arts-et-design","11":"tag-design","12":"tag-divertissement","13":"tag-entertainment","14":"tag-fr","15":"tag-france"},"share_on_mastodon":{"url":"https:\/\/pubeurope.com\/@fr\/115661620060675711","error":""},"_links":{"self":[{"href":"https:\/\/www.europesays.com\/fr\/wp-json\/wp\/v2\/posts\/577660","targetHints":{"allow":["GET"]}}],"collection":[{"href":"https:\/\/www.europesays.com\/fr\/wp-json\/wp\/v2\/posts"}],"about":[{"href":"https:\/\/www.europesays.com\/fr\/wp-json\/wp\/v2\/types\/post"}],"author":[{"embeddable":true,"href":"https:\/\/www.europesays.com\/fr\/wp-json\/wp\/v2\/users\/2"}],"replies":[{"embeddable":true,"href":"https:\/\/www.europesays.com\/fr\/wp-json\/wp\/v2\/comments?post=577660"}],"version-history":[{"count":0,"href":"https:\/\/www.europesays.com\/fr\/wp-json\/wp\/v2\/posts\/577660\/revisions"}],"wp:featuredmedia":[{"embeddable":true,"href":"https:\/\/www.europesays.com\/fr\/wp-json\/wp\/v2\/media\/577661"}],"wp:attachment":[{"href":"https:\/\/www.europesays.com\/fr\/wp-json\/wp\/v2\/media?parent=577660"}],"wp:term":[{"taxonomy":"category","embeddable":true,"href":"https:\/\/www.europesays.com\/fr\/wp-json\/wp\/v2\/categories?post=577660"},{"taxonomy":"post_tag","embeddable":true,"href":"https:\/\/www.europesays.com\/fr\/wp-json\/wp\/v2\/tags?post=577660"}],"curies":[{"name":"wp","href":"https:\/\/api.w.org\/{rel}","templated":true}]}}