{"id":577670,"date":"2025-12-04T13:55:13","date_gmt":"2025-12-04T13:55:13","guid":{"rendered":"https:\/\/www.europesays.com\/fr\/577670\/"},"modified":"2025-12-04T13:55:13","modified_gmt":"2025-12-04T13:55:13","slug":"textor-a-ruine-lol-un-specialiste-accuse-la-dncg","status":"publish","type":"post","link":"https:\/\/www.europesays.com\/fr\/577670\/","title":{"rendered":"Textor a ruin\u00e9 l\u2019OL, un sp\u00e9cialiste accuse la DNCG"},"content":{"rendered":"<p><b>John Textor a v\u00e9ritablement plomb\u00e9 l\u2019OL avec une gestion d\u00e9sastreuse dont le club rhodanien paie aujourd\u2019hui encore les pots cass\u00e9s.<\/b><\/p>\n<p>Il y a quelques jours, <a href=\"https:\/\/www.foot01.com\/ol\/ol-lyon-publie-un-bilan-financier-catastrophique\" target=\"_self\" rel=\"noopener\">l\u2019Olympique Lyonnais a publi\u00e9 son bilan financier<\/a> de la saison 2024-2025. Sans surprise, les voyants sont dans le rouge avec plus de 200 millions d\u2019euros de pertes. La gestion de John Textor est \u00e9videmment critiqu\u00e9e et plus encore depuis que l\u2019on sait que l\u2019OL a pay\u00e9 120 millions d\u2019euros pour des joueurs de Botafogo\u2026 qui n\u2019ont jamais mis un doigt de pied \u00e0 Lyon. Une gestion catastrophique de la part de l\u2019homme d\u2019affaires am\u00e9ricain, qui a plong\u00e9 le club rhodanien dans un chaos sans pr\u00e9c\u00e9dent puisque l\u2019\u00e9t\u00e9 dernier, l\u2019OL \u00e9tait tout proche d\u2019atterrir en Ligue 2 sans un sauvetage miraculeux de Michele Kang en appel.<\/p>\n<p>Sp\u00e9cialiste de l\u2019\u00e9conomie dans le football et intervenant r\u00e9gulier dans l\u2019After Foot sur RMC, David Gluzman est revenu sur la situation chaotique de l\u2019Olympique Lyonnais. Pour ce sp\u00e9cialiste, il est urgent que la DNCG puisse bloquer les ventes de club lorsque le gendarme financier du football fran\u00e7ais estime que le plan d\u2019affaires de l\u2019acqu\u00e9reur n\u2019est pas viable comme c\u2019\u00e9tait clairement le cas avec John Textor \u00e0 Lyon.<\/p>\n<p>Bient\u00f4t plus de pouvoir pour la DNCG ?<\/p>\n<p>\u00ab Si la DNCG avait la possibilit\u00e9 de bloquer la vente, j\u2019ose esp\u00e9rer qu\u2019elle l\u2019aurait fait. Pour vous donner une indication, le closing, donc la signature de l\u2019op\u00e9ration, a \u00e9t\u00e9 repouss\u00e9e sept fois avec John Textor. L\u2019autre parall\u00e8le qui me vient, c\u2019est Joseph DaGrosa, GACP avec les Girondins de Bordeaux. Toutes les alarmes auraient d\u00fb retentir avant la signature. Je ne comprends pas qu\u2019en France, on ait pas un organisme, la DNCG ou un autre, qui puisse \u00eatre en mesure d\u2019\u00e9tudier la viabilit\u00e9 des plans d\u2019affaires et de bloquer les ventes de clubs\u00a0\u00bb estime David Gluzman, persuad\u00e9 que le gendarme financier du football fran\u00e7ais aurait pu \u00e9viter la catastrophe qui s\u2019est ensuite produit \u00e0 l\u2019Olympique Lyonnais avec la gestion suicidaire de John Textor. Une r\u00e9forme en ce sens verra peut-\u00eatre le jour dans les mois \u00e0 venir afin que la DNCG ou un autre organisme ait ce pouvoir, ce qui \u00e9viterait \u00e0 certains clubs historiques du football fran\u00e7ais de tomber entre de mauvaises mains.<\/p>\n","protected":false},"excerpt":{"rendered":"John Textor a v\u00e9ritablement plomb\u00e9 l\u2019OL avec une gestion d\u00e9sastreuse dont le club rhodanien paie aujourd\u2019hui encore les&hellip;\n","protected":false},"author":2,"featured_media":577671,"comment_status":"","ping_status":"","sticky":false,"template":"","format":"standard","meta":{"footnotes":""},"categories":[9],"tags":[1011,27,66,241,60],"class_list":{"0":"post-577670","1":"post","2":"type-post","3":"status-publish","4":"format-standard","5":"has-post-thumbnail","7":"category-sports","8":"tag-fr","9":"tag-france","10":"tag-ligue-1","11":"tag-ol","12":"tag-sports"},"share_on_mastodon":{"url":"https:\/\/pubeurope.com\/@fr\/115661643759287515","error":""},"_links":{"self":[{"href":"https:\/\/www.europesays.com\/fr\/wp-json\/wp\/v2\/posts\/577670","targetHints":{"allow":["GET"]}}],"collection":[{"href":"https:\/\/www.europesays.com\/fr\/wp-json\/wp\/v2\/posts"}],"about":[{"href":"https:\/\/www.europesays.com\/fr\/wp-json\/wp\/v2\/types\/post"}],"author":[{"embeddable":true,"href":"https:\/\/www.europesays.com\/fr\/wp-json\/wp\/v2\/users\/2"}],"replies":[{"embeddable":true,"href":"https:\/\/www.europesays.com\/fr\/wp-json\/wp\/v2\/comments?post=577670"}],"version-history":[{"count":0,"href":"https:\/\/www.europesays.com\/fr\/wp-json\/wp\/v2\/posts\/577670\/revisions"}],"wp:featuredmedia":[{"embeddable":true,"href":"https:\/\/www.europesays.com\/fr\/wp-json\/wp\/v2\/media\/577671"}],"wp:attachment":[{"href":"https:\/\/www.europesays.com\/fr\/wp-json\/wp\/v2\/media?parent=577670"}],"wp:term":[{"taxonomy":"category","embeddable":true,"href":"https:\/\/www.europesays.com\/fr\/wp-json\/wp\/v2\/categories?post=577670"},{"taxonomy":"post_tag","embeddable":true,"href":"https:\/\/www.europesays.com\/fr\/wp-json\/wp\/v2\/tags?post=577670"}],"curies":[{"name":"wp","href":"https:\/\/api.w.org\/{rel}","templated":true}]}}