{"id":577712,"date":"2025-12-04T14:19:25","date_gmt":"2025-12-04T14:19:25","guid":{"rendered":"https:\/\/www.europesays.com\/fr\/577712\/"},"modified":"2025-12-04T14:19:25","modified_gmt":"2025-12-04T14:19:25","slug":"attentat-du-marche-de-noel-de-strasbourg-2018-lhomme-qui-aurait-vendu-larme-au-terroriste-ne-sera-jamais-juge","status":"publish","type":"post","link":"https:\/\/www.europesays.com\/fr\/577712\/","title":{"rendered":"Attentat du march\u00e9 de No\u00ebl de Strasbourg 2018 : L\u2019homme qui aurait vendu l\u2019arme au terroriste ne sera jamais jug\u00e9"},"content":{"rendered":"<p class=\"mb-4 text-lg md:leading-8 break-words\"><strong>sant\u00e9 &#8211; Un expert, missionn\u00e9 par la cour d\u2019appel de Paris, a estim\u00e9 que l\u2019\u00e9tat g\u00e9n\u00e9ral de l\u2019accus\u00e9 \u00e9tait \u00ab\u00a0incompatible\u00a0\u00bb avec une comparution devant la justice.<\/strong><\/p>\n<p class=\"mb-4 text-lg md:leading-8 break-words\">Albert Bodein se sera jamais jug\u00e9. Ag\u00e9 de 85 ans, cet homme originaire de Mulhouse n\u2019avait pu compara\u00eetre, en avril\u00a02024, devant la cour d\u2019assises de <a href=\"https:\/\/www.20minutes.fr\/paris\/?at_medium=RSS%20feed&amp;at_campaign=ynews&amp;utm_source=yahoo&amp;utm_medium=rss&amp;utm_campaign=news_feed&amp;utm_content=in_article_link\" rel=\"nofollow noopener\" target=\"_blank\" data-ylk=\"slk:Paris;elm:context_link;itc:0;sec:content-canvas\" class=\"link \">Paris<\/a> sp\u00e9cialement compos\u00e9e en raison de son \u00e9tat de sant\u00e9. Il est pourtant soup\u00e7onn\u00e9 d\u2019avoir vendu le revolver utilis\u00e9 par le terroriste <a href=\"https:\/\/www.20minutes.fr\/societe\/cherif-chekatt\/?at_medium=RSS%20feed&amp;at_campaign=ynews&amp;utm_source=yahoo&amp;utm_medium=rss&amp;utm_campaign=news_feed&amp;utm_content=in_article_link\" rel=\"nofollow noopener\" target=\"_blank\" data-ylk=\"slk:Ch\u00e9rif Chekatt;elm:context_link;itc:0;sec:content-canvas\" class=\"link \">Ch\u00e9rif Chekatt<\/a> sur le march\u00e9 de No\u00ebl, le 11\u00a0d\u00e9cembre 2018.<\/p>\n<p class=\"mb-4 text-lg md:leading-8 break-words\">Selon les <a href=\"https:\/\/www.dna.fr\/faits-divers-justice\/2025\/12\/03\/albert-bodein-l-homme-qui-a-vendu-le-revolver-utilise-par-cherif-chekatt-ne-sera-jamais-juge?at_medium=RSS%20feed&amp;at_campaign=ynews&amp;utm_source=yahoo&amp;utm_medium=rss&amp;utm_campaign=news_feed&amp;utm_content=in_article_link\" rel=\"nofollow noopener\" target=\"_blank\" data-ylk=\"slk:DNA;elm:context_link;itc:0;sec:content-canvas\" class=\"link \">DNA<\/a>, un expert, missionn\u00e9 par la cour d\u2019appel de Paris, a estim\u00e9 que l\u2019\u00e9tat g\u00e9n\u00e9ral de l\u2019accus\u00e9 \u00e9tait \u00ab\u00a0incompatible\u00a0\u00bb avec une comparution devant la justice. Selon le rapport de ce m\u00e9decin, dat\u00e9 du 17\u00a0novembre, l\u2019octog\u00e9naire risquerait d\u2019\u00eatre victime d\u2019un infarctus ou d\u2019un AVC pendant l\u2019audience.<\/p>\n<p>\u00ab\u00a0Souffrance\u00a0\u00bb et \u00ab\u00a0incompr\u00e9hension\u00a0\u00bb des parties civiles<\/p>\n<p class=\"mb-4 text-lg md:leading-8 break-words\">Cette d\u00e9cision \u00ab\u00a0cr\u00e9e de la souffrance et une certaine incompr\u00e9hension \u00e0 quelques jours de la date anniversaire et \u00e0 quelques mois du proc\u00e8s en appel\u00a0\u00bb, a r\u00e9agi aupr\u00e8s d\u2019<a href=\"https:\/\/www.francebleu.fr\/infos\/faits-divers-justice\/pas-de-proces-pour-l-homme-suspecte-d-avoir-vendu-l-arme-utilisee-par-cherif-chekatt-lors-de-l-attentat-de-strasbourg-8770298?at_medium=RSS%20feed&amp;at_campaign=ynews&amp;utm_source=yahoo&amp;utm_medium=rss&amp;utm_campaign=news_feed&amp;utm_content=in_article_link\" rel=\"nofollow noopener\" target=\"_blank\" data-ylk=\"slk:ICI Alsace;elm:context_link;itc:0;sec:content-canvas\" class=\"link \">ICI Alsace<\/a> Me Lienhard, l\u2019avocat de nombreuses parties civiles.<\/p>\n<p class=\"mb-4 text-lg md:leading-8 break-words\">L\u2019auteur de l\u2019attentat, Ch\u00e9rif Chekatt, a \u00e9t\u00e9 tu\u00e9 par la police au terme d\u2019une cavale de deux jours. <a href=\"https:\/\/www.20minutes.fr\/justice\/4084765-20240404-attentat-strasbourg-heure-verdict-quatre-accuses-fusillade-marche-noel?at_medium=RSS%20feed&amp;at_campaign=ynews&amp;utm_source=yahoo&amp;utm_medium=rss&amp;utm_campaign=news_feed&amp;utm_content=in_article_link\" rel=\"nofollow noopener\" target=\"_blank\" data-ylk=\"slk:En avril\u00a02024, la cour;elm:context_link;itc:0;sec:content-canvas\" class=\"link \">En avril\u00a02024, la cour<\/a> avait condamn\u00e9 \u00e0 30 ans de r\u00e9clusion criminelle, Audrey Mondjehi, un ami et ancien cod\u00e9tenu du terroriste. Cet homme, soup\u00e7onn\u00e9 d\u2019avoir particip\u00e9 \u00e0 la fourniture de l\u2019arme utilis\u00e9e \u00e0 Strasbourg, a fait appel. Son proc\u00e8s se tiendra du 23\u00a0mars au 17\u00a0avril 2016.<\/p>\n<p class=\"mb-4 text-lg md:leading-8 break-words\"><a href=\"https:\/\/www.20minutes.fr\/faits_divers\/4189674-20251204-attentat-marche-noel-strasbourg-2018-homme-vendu-arme-terroriste-jamais-juge?at_medium=RSS%20feed&amp;at_campaign=ynews&amp;utm_source=yahoo&amp;utm_medium=rss&amp;utm_campaign=news_feed&amp;utm_content=read_more_link&quot;\" rel=\"nofollow noopener\" target=\"_blank\" data-ylk=\"slk:Lire la suite sur 20minutes;elm:context_link;itc:0;sec:content-canvas\" class=\"link \">Lire la suite sur 20minutes<\/a><\/p>\n<p>\u00c0 lire aussi :<br \/><a href=\"https:\/\/www.20minutes.fr\/justice\/4084765-20240404-attentat-strasbourg-heure-verdict-quatre-accuses-fusillade-marche-noel?at_medium=RSS%20feed&amp;at_campaign=ynews&amp;utm_source=yahoo&amp;utm_medium=rss&amp;utm_campaign=news_feed&amp;utm_content=related_content_link\" rel=\"nofollow noopener\" target=\"_blank\" data-ylk=\"slk:Attentat \u00e0 Strasbourg\u00a0: C\u2019est l\u2019heure du verdict pour les quatre accus\u00e9s de la fusillade au march\u00e9 de No\u00ebl;elm:context_link;itc:0;sec:content-canvas\" class=\"link \">Attentat \u00e0 Strasbourg\u00a0: C\u2019est l\u2019heure du verdict pour les quatre accus\u00e9s de la fusillade au march\u00e9 de No\u00ebl<\/a><br \/><a href=\"https:\/\/www.20minutes.fr\/justice\/4078939-20240229-attentat-strasbourg-quatre-accuses-proces-ouvre?at_medium=RSS%20feed&amp;at_campaign=ynews&amp;utm_source=yahoo&amp;utm_medium=rss&amp;utm_campaign=news_feed&amp;utm_content=related_content_link\" rel=\"nofollow noopener\" target=\"_blank\" data-ylk=\"slk:Attentat \u00e0 Strasbourg\u00a0: Qui sont les quatre accus\u00e9s du proc\u00e8s qui s\u2019ouvre\u00a0?;elm:context_link;itc:0;sec:content-canvas\" class=\"link \">Attentat \u00e0 Strasbourg\u00a0: Qui sont les quatre accus\u00e9s du proc\u00e8s qui s\u2019ouvre\u00a0?<\/a><\/p>\n","protected":false},"excerpt":{"rendered":"sant\u00e9 &#8211; Un expert, missionn\u00e9 par la cour d\u2019appel de Paris, a estim\u00e9 que l\u2019\u00e9tat g\u00e9n\u00e9ral de l\u2019accus\u00e9&hellip;\n","protected":false},"author":2,"featured_media":577713,"comment_status":"","ping_status":"","sticky":false,"template":"","format":"standard","meta":{"footnotes":""},"categories":[2820],"tags":[1111,11,32579,1777,674,1011,27,775,8935,36053,12,25,640],"class_list":{"0":"post-577712","1":"post","2":"type-post","3":"status-publish","4":"format-standard","5":"has-post-thumbnail","7":"category-strasbourg","8":"tag-actu","9":"tag-actualites","10":"tag-cour-dappel-de-paris","11":"tag-eu","12":"tag-europe","13":"tag-fr","14":"tag-france","15":"tag-grand-est","16":"tag-la-cour","17":"tag-marche-de-noel","18":"tag-news","19":"tag-republique-francaise","20":"tag-strasbourg"},"share_on_mastodon":{"url":"https:\/\/pubeurope.com\/@fr\/115661738175805296","error":""},"_links":{"self":[{"href":"https:\/\/www.europesays.com\/fr\/wp-json\/wp\/v2\/posts\/577712","targetHints":{"allow":["GET"]}}],"collection":[{"href":"https:\/\/www.europesays.com\/fr\/wp-json\/wp\/v2\/posts"}],"about":[{"href":"https:\/\/www.europesays.com\/fr\/wp-json\/wp\/v2\/types\/post"}],"author":[{"embeddable":true,"href":"https:\/\/www.europesays.com\/fr\/wp-json\/wp\/v2\/users\/2"}],"replies":[{"embeddable":true,"href":"https:\/\/www.europesays.com\/fr\/wp-json\/wp\/v2\/comments?post=577712"}],"version-history":[{"count":0,"href":"https:\/\/www.europesays.com\/fr\/wp-json\/wp\/v2\/posts\/577712\/revisions"}],"wp:featuredmedia":[{"embeddable":true,"href":"https:\/\/www.europesays.com\/fr\/wp-json\/wp\/v2\/media\/577713"}],"wp:attachment":[{"href":"https:\/\/www.europesays.com\/fr\/wp-json\/wp\/v2\/media?parent=577712"}],"wp:term":[{"taxonomy":"category","embeddable":true,"href":"https:\/\/www.europesays.com\/fr\/wp-json\/wp\/v2\/categories?post=577712"},{"taxonomy":"post_tag","embeddable":true,"href":"https:\/\/www.europesays.com\/fr\/wp-json\/wp\/v2\/tags?post=577712"}],"curies":[{"name":"wp","href":"https:\/\/api.w.org\/{rel}","templated":true}]}}