{"id":577735,"date":"2025-12-04T14:32:18","date_gmt":"2025-12-04T14:32:18","guid":{"rendered":"https:\/\/www.europesays.com\/fr\/577735\/"},"modified":"2025-12-04T14:32:18","modified_gmt":"2025-12-04T14:32:18","slug":"marseille-meteo-du-jour-jeudi-04-decembre-2025-et-previsions-detaillees","status":"publish","type":"post","link":"https:\/\/www.europesays.com\/fr\/577735\/","title":{"rendered":"Marseille : m\u00e9t\u00e9o du jour jeudi 04 d\u00e9cembre 2025 et pr\u00e9visions d\u00e9taill\u00e9es"},"content":{"rendered":"<p>\u00c0 Marseille, la journ\u00e9e de jeudi 04 d\u00e9cembre 2025 sera globalement s\u00e8che avec un ciel passant de l\u00e9g\u00e8rement nuageux le matin \u00e0 d\u00e9gag\u00e9 l\u2019apr\u00e8s-midi. Les temp\u00e9ratures \u00e9volueront entre 8 et 11 \u00b0C, sous un vent mod\u00e9r\u00e9 de nord-ouest.<\/p>\n<p>    Matin : ciel lumineux sur la cit\u00e9 phoc\u00e9enne<\/p>\n<p>Le soleil se l\u00e8ve \u00e0 07 h 54. \u00c0 09 h, Marseille b\u00e9n\u00e9ficie d\u2019un temps l\u00e9g\u00e8rement nuageux, caract\u00e9ristique d\u2019un flux de nord, g\u00e9n\u00e9ralement plus sec qu\u2019humide.<\/p>\n<ul>\n<li><b>Temp\u00e9rature : 9 \u00b0C<\/b> (ressenti 8 \u00b0C).<\/li>\n<li>Vent de nord, 11 km\/h. Aucun risque de rafale marquante.<\/li>\n<li>Humidit\u00e9 \u00e9lev\u00e9e : 78 %, pression 1\u2009012 hPa.<\/li>\n<li>Probabilit\u00e9 de pluie nulle, mais l\u2019atmosph\u00e8re demeure fra\u00eeche.<\/li>\n<\/ul>\n<p>Un jogging matinal ou la travers\u00e9e du Vieux-Port peuvent donc se faire sans parapluie\u2009; seule une petite \u00e9charpe sera utile pour contrer la sensation de frais.<\/p>\n<p>Apr\u00e8s-midi : soleil franc et douceur contenue<\/p>\n<p>Vers 15 h, les \u00e9claircies du matin c\u00e8dent enti\u00e8rement la place \u00e0 un ciel d\u00e9gag\u00e9. Les mod\u00e8les num\u00e9riques confirment le maintien d\u2019un temps sec jusqu\u2019en soir\u00e9e.<\/p>\n<ul>\n<li><b>Temp\u00e9rature maximale : 11 \u00b0C<\/b> (ressenti 10 \u00b0C).<\/li>\n<li>Vent d\u2019ouest-nord-ouest, 18 km\/h, suffisant pour rafra\u00eechir les terrasses.<\/li>\n<li>Humidit\u00e9 en baisse \u00e0 63 %, pression 1\u2009010 hPa.<\/li>\n<li>Aucun cumul significatif de pr\u00e9cipitations attendu.<\/li>\n<\/ul>\n<p>Cette douceur restera l\u00e9g\u00e8rement inf\u00e9rieure aux normales de saison, symbole d\u2019un d\u00e9but d\u00e9cembre paisible c\u00f4t\u00e9 thermom\u00e8tre. Dans le contexte du changement climatique, ces valeurs proches des moyennes soulignent que la variabilit\u00e9 locale demeure, malgr\u00e9 la tendance globale au r\u00e9chauffement.<\/p>\n<p>Pour plus d\u2019id\u00e9es d\u2019activit\u00e9s par temps clair, consultez <a href=\"https:\/\/www.meteocity.com\/france\/marseille-v2995469\/tourisme\" target=\"_blank\" rel=\"noopener\">notre page tourisme<\/a>.<\/p>\n<p>Soir : nuages \u00e9pais avant la nuit<\/p>\n<p>Le soleil se couche \u00e0 17 h 03. En d\u00e9but de soir\u00e9e, les passages nuageux s\u2019\u00e9paississent progressivement, sans toutefois d\u00e9g\u00e9n\u00e9rer en averses notables.<\/p>\n<ul>\n<li><b>Temp\u00e9rature : 10 \u00b0C<\/b> (ressenti 8 \u00b0C).<\/li>\n<li>Vent nord-ouest autour de 15 km\/h.<\/li>\n<li>Humidit\u00e9 remontant \u00e0 72 %, pression 1\u2009009 hPa.<\/li>\n<li>Risque pluvieux globalement limit\u00e9, mais le taux atteint 81 % dans certains sc\u00e9narios, t\u00e9moignant d\u2019une instabilit\u00e9 mod\u00e9r\u00e9e.<\/li>\n<\/ul>\n<p>La soir\u00e9e demeure donc propice aux march\u00e9s de No\u00ebl ou \u00e0 une balade sur la Corniche\u2009; il reste n\u00e9anmoins conseill\u00e9 d\u2019emporter une veste imperm\u00e9able, au cas o\u00f9 une bruine furtive surviendrait.<\/p>\n<p>Tendance g\u00e9n\u00e9rale pour demain vendredi 5 d\u00e9cembre<\/p>\n<p>Les derni\u00e8res sorties de mod\u00e8les annoncent un ciel pleinement d\u00e9gag\u00e9 d\u00e8s la seconde partie de nuit\u2009: l\u2019observation \u00e0 00 h fait \u00e9tat d\u2019un temps clair et d\u2019une temp\u00e9rature de 8 \u00b0C.<\/p>\n<ul>\n<li><b>Plage thermique pr\u00e9vue : 8 \u00b0C \/ 11 \u00b0C.<\/b><\/li>\n<li>Vent de nord-ouest se renfor\u00e7ant l\u00e9g\u00e8rement, garant d\u2019un air plus sec.<\/li>\n<li>Probabilit\u00e9 de pluie proche de z\u00e9ro sur l\u2019ensemble de la journ\u00e9e.<\/li>\n<\/ul>\n<p>Ainsi, la journ\u00e9e s\u2019annonce lumineuse mais fra\u00eeche, sous l\u2019influence d\u2019un mistral mod\u00e9r\u00e9. Pour suivre l\u2019\u00e9volution heure par heure, rendez-vous sur <a href=\"https:\/\/www.meteocity.com\/france\/marseille-v2995469\" target=\"_blank\" rel=\"noopener\">notre bulletin complet<\/a>.<\/p>\n<p>En r\u00e9sum\u00e9, la m\u00e9t\u00e9o demeure cl\u00e9mente pour les d\u00e9placements et les activit\u00e9s en ext\u00e9rieur. Seule la fra\u00eecheur matinale et la sensation de froid due au vent, surtout au bord de mer, m\u00e9ritent une attention particuli\u00e8re.<\/p>\n","protected":false},"excerpt":{"rendered":"\u00c0 Marseille, la journ\u00e9e de jeudi 04 d\u00e9cembre 2025 sera globalement s\u00e8che avec un ciel passant de l\u00e9g\u00e8rement&hellip;\n","protected":false},"author":2,"featured_media":577736,"comment_status":"","ping_status":"","sticky":false,"template":"","format":"standard","meta":{"footnotes":""},"categories":[2814],"tags":[1111,11,1777,674,1011,27,884,12,882,25],"class_list":{"0":"post-577735","1":"post","2":"type-post","3":"status-publish","4":"format-standard","5":"has-post-thumbnail","7":"category-marseille","8":"tag-actu","9":"tag-actualites","10":"tag-eu","11":"tag-europe","12":"tag-fr","13":"tag-france","14":"tag-marseille","15":"tag-news","16":"tag-provence-alpes-cote-dazur","17":"tag-republique-francaise"},"share_on_mastodon":{"url":"https:\/\/pubeurope.com\/@fr\/115661789316514773","error":""},"_links":{"self":[{"href":"https:\/\/www.europesays.com\/fr\/wp-json\/wp\/v2\/posts\/577735","targetHints":{"allow":["GET"]}}],"collection":[{"href":"https:\/\/www.europesays.com\/fr\/wp-json\/wp\/v2\/posts"}],"about":[{"href":"https:\/\/www.europesays.com\/fr\/wp-json\/wp\/v2\/types\/post"}],"author":[{"embeddable":true,"href":"https:\/\/www.europesays.com\/fr\/wp-json\/wp\/v2\/users\/2"}],"replies":[{"embeddable":true,"href":"https:\/\/www.europesays.com\/fr\/wp-json\/wp\/v2\/comments?post=577735"}],"version-history":[{"count":0,"href":"https:\/\/www.europesays.com\/fr\/wp-json\/wp\/v2\/posts\/577735\/revisions"}],"wp:featuredmedia":[{"embeddable":true,"href":"https:\/\/www.europesays.com\/fr\/wp-json\/wp\/v2\/media\/577736"}],"wp:attachment":[{"href":"https:\/\/www.europesays.com\/fr\/wp-json\/wp\/v2\/media?parent=577735"}],"wp:term":[{"taxonomy":"category","embeddable":true,"href":"https:\/\/www.europesays.com\/fr\/wp-json\/wp\/v2\/categories?post=577735"},{"taxonomy":"post_tag","embeddable":true,"href":"https:\/\/www.europesays.com\/fr\/wp-json\/wp\/v2\/tags?post=577735"}],"curies":[{"name":"wp","href":"https:\/\/api.w.org\/{rel}","templated":true}]}}