{"id":577737,"date":"2025-12-04T14:33:12","date_gmt":"2025-12-04T14:33:12","guid":{"rendered":"https:\/\/www.europesays.com\/fr\/577737\/"},"modified":"2025-12-04T14:33:12","modified_gmt":"2025-12-04T14:33:12","slug":"lancien-president-dinventer-la-metropole-de-demain-fustige-le-ralliement-a-jean-michel-aulas-et-veronique-sarselli","status":"publish","type":"post","link":"https:\/\/www.europesays.com\/fr\/577737\/","title":{"rendered":"l&rsquo;ancien pr\u00e9sident d&rsquo;Inventer la M\u00e9tropole de Demain fustige le ralliement \u00e0 Jean-Michel Aulas et V\u00e9ronique Sarselli"},"content":{"rendered":"<p itemprop=\"description\"><strong><a href=\"https:\/\/www.lyonmag.com\/profil-personnalite-lyonnaise\/1\/gerard-collomb\" target=\"_blank\" rel=\"noopener\">G\u00e9rard Collomb<\/a> aurait peut-\u00eatre \u00e9t\u00e9 flatt\u00e9 que les \u00e9cologistes comme la droite se revendiquent aujourd&rsquo;hui de son h\u00e9ritage.<\/strong><\/p>\n<p>Mais dans le cadre de la campagne des \u00e9lections m\u00e9tropolitaines, le jeu de celui qui sera le meilleur h\u00e9ritier de l&rsquo;ancien s\u00e9nateur-maire de Lyon a quelque chose de g\u00eanant. A tel point que <a href=\"https:\/\/www.lyonmag.com\/profil-personnalite-lyonnaise\/306\/louis-pelaez\" target=\"_blank\" rel=\"noopener\">Louis Pelaez<\/a>, retir\u00e9 de la vie publique, est sorti de sa r\u00e9serve pour d\u00e9noncer <a href=\"https:\/\/www.lyonmag.com\/article\/148695\/metropolitaines-le-groupe-inventer-la-metropole-de-demain-rejoint-aussi-grand-coeur-lyonnais-de-veronique-sarselli-et-jean-michel-aulas\" target=\"_blank\" rel=\"noopener\">le ralliement du groupe Inventer la M\u00e9tropole de Demain<\/a> qu&rsquo;il pr\u00e9sidait.<\/p>\n<p>Pour lui, le choix de se rallier \u00e0 <a href=\"https:\/\/www.lyonmag.com\/profil-personnalite-lyonnaise\/210\/veronique-sarselli\" target=\"_blank\" rel=\"noopener\">V\u00e9ronique Sarselli<\/a> et <a href=\"https:\/\/www.lyonmag.com\/profil-personnalite-lyonnaise\/8\/jean-michel-aulas\" target=\"_blank\" rel=\"noopener\">Jean-Michel Aulas<\/a> en vue du scrutin de mars prochain appartient aux \u00e9lus. \u00ab\u00a0Toutefois, ce groupe r\u00e9siduel ne dispose pas davantage que quiconque de la l\u00e9gitimit\u00e9 n\u00e9cessaire pour mobiliser le nom ou l\u2019image de G\u00e9rard Collomb \u00e0 des fins strictement politiques, personnelles ou partisanes. L\u2019usage insistant du nom de G\u00e9rard Collomb dans leur communiqu\u00e9 de presse m\u2019appara\u00eet, \u00e0 cet \u00e9gard, inopportun et malvenu\u00a0\u00bb, critique celui qui fut notamment pr\u00e9sident de LPA.<\/p>\n<p>Louis Pelaez en profite \u00e9galement pour critiquer le duo Sarselli-Aulas, \u00ab\u00a0qui r\u00e9unit principalement des forces situ\u00e9es de la droite, du centre droit \u00e0 la droite plus radicale, ainsi que quelques personnalit\u00e9s dont la motivation semble \u00eatre tourn\u00e9e vers une revanche sur 2020 et une volont\u00e9 de r\u00e9\u00e9lection\u00a0\u00bb.<\/p>\n","protected":false},"excerpt":{"rendered":"G\u00e9rard Collomb aurait peut-\u00eatre \u00e9t\u00e9 flatt\u00e9 que les \u00e9cologistes comme la droite se revendiquent aujourd&rsquo;hui de son h\u00e9ritage.&hellip;\n","protected":false},"author":2,"featured_media":577738,"comment_status":"","ping_status":"","sticky":false,"template":"","format":"standard","meta":{"footnotes":""},"categories":[1889],"tags":[1111,11,2813,2190,2430,1109,251,1112,2811,1777,674,118,1011,27,1922,1110,1114,2428,2810,12,241,316,25,2812,517,800],"class_list":{"0":"post-577737","1":"post","2":"type-post","3":"status-publish","4":"format-standard","5":"has-post-thumbnail","7":"category-lyon","8":"tag-actu","9":"tag-actualites","10":"tag-article","11":"tag-asvel","12":"tag-auvergne-rhone-alpes","13":"tag-breves","14":"tag-culture","15":"tag-depeches","16":"tag-economique","17":"tag-eu","18":"tag-europe","19":"tag-faits-divers","20":"tag-fr","21":"tag-france","22":"tag-info","23":"tag-informations","24":"tag-infos","25":"tag-lyon","26":"tag-lyonmag","27":"tag-news","28":"tag-ol","29":"tag-politique","30":"tag-republique-francaise","31":"tag-sociale","32":"tag-sport","33":"tag-transports"},"share_on_mastodon":{"url":"https:\/\/pubeurope.com\/@fr\/115661793218568136","error":""},"_links":{"self":[{"href":"https:\/\/www.europesays.com\/fr\/wp-json\/wp\/v2\/posts\/577737","targetHints":{"allow":["GET"]}}],"collection":[{"href":"https:\/\/www.europesays.com\/fr\/wp-json\/wp\/v2\/posts"}],"about":[{"href":"https:\/\/www.europesays.com\/fr\/wp-json\/wp\/v2\/types\/post"}],"author":[{"embeddable":true,"href":"https:\/\/www.europesays.com\/fr\/wp-json\/wp\/v2\/users\/2"}],"replies":[{"embeddable":true,"href":"https:\/\/www.europesays.com\/fr\/wp-json\/wp\/v2\/comments?post=577737"}],"version-history":[{"count":0,"href":"https:\/\/www.europesays.com\/fr\/wp-json\/wp\/v2\/posts\/577737\/revisions"}],"wp:featuredmedia":[{"embeddable":true,"href":"https:\/\/www.europesays.com\/fr\/wp-json\/wp\/v2\/media\/577738"}],"wp:attachment":[{"href":"https:\/\/www.europesays.com\/fr\/wp-json\/wp\/v2\/media?parent=577737"}],"wp:term":[{"taxonomy":"category","embeddable":true,"href":"https:\/\/www.europesays.com\/fr\/wp-json\/wp\/v2\/categories?post=577737"},{"taxonomy":"post_tag","embeddable":true,"href":"https:\/\/www.europesays.com\/fr\/wp-json\/wp\/v2\/tags?post=577737"}],"curies":[{"name":"wp","href":"https:\/\/api.w.org\/{rel}","templated":true}]}}