{"id":577739,"date":"2025-12-04T14:34:13","date_gmt":"2025-12-04T14:34:13","guid":{"rendered":"https:\/\/www.europesays.com\/fr\/577739\/"},"modified":"2025-12-04T14:34:13","modified_gmt":"2025-12-04T14:34:13","slug":"rhone-rosalia-debutera-sa-tournee-mondiale-a-lyon","status":"publish","type":"post","link":"https:\/\/www.europesays.com\/fr\/577739\/","title":{"rendered":"Rh\u00f4ne. Rosalia d\u00e9butera sa tourn\u00e9e mondiale \u00e0 Lyon"},"content":{"rendered":"<p>Joli coup pour la LDLC Arena\u00a0: la salle de D\u00e9cines accueillera le 16\u00a0mars 2026 la pop star espagnole Rosalia. La chanteuse vient d\u2019annoncer une tourn\u00e9e europ\u00e9enne avec seulement trois dates en France, dont deux \u00e0 Paris \u00e0 l\u2019Accor Arena (18 et 20 mars).<\/p>\n<p>Le ph\u00e9nom\u00e8ne plan\u00e9taire aux pr\u00e8s de 28 millions de followers sur Instagram se rendra \u00e0 Zurich puis Milan. Elle se produira ensuite au Movistar Arena de Madrid les 30 mars, 1er, 3 et 4 avril. Elle ira ensuite \u00e0 Lisbonne et donnera quatre autres concerts dans sa r\u00e9gion natale, \u00e0 Barcelone, les 13, 15, 17 et 18 avril. La tourn\u00e9e se poursuivra en Europe avant d\u2019aller aux Etats-Unis \u00e0 partir de juin, puis en Colombie, au Chili, en Argentine, au Mexique et enfin \u00e0 Porto Rico en septembre<\/p>\n<p>La mise en vente des billets est pr\u00e9vue le 11\u00a0d\u00e9cembre \u00e0 10h. Il devrait y avoir foule pour d\u00e9couvrir sur sc\u00e8ne l\u2019artiste de 33 ans, exp\u00e9rimentatrice sonore qui collabore d\u00e9sormais avec des artistes de la trempe de Bjork. Son dernier album, l\u2019ample et ambitieux Lux, a \u00e9t\u00e9 enregistr\u00e9 avec l\u2019orchestre symphonique de Londres. Elle y chante dans une douzaine de langues diff\u00e9rentes.<\/p>\n<p class=\"note\">Rosalia, le 16\u00a0mars 2026 \u00e0 la LDLC Arena. <a href=\"https:\/\/www.olvallee.fr\/accueil-ldlc-arena\/\" target=\"_blank\" rel=\"noopener\">https:\/\/www.olvallee.fr\/accueil-ldlc-arena\/<\/a><\/p>\n","protected":false},"excerpt":{"rendered":"Joli coup pour la LDLC Arena\u00a0: la salle de D\u00e9cines accueillera le 16\u00a0mars 2026 la pop star espagnole&hellip;\n","protected":false},"author":2,"featured_media":577740,"comment_status":"","ping_status":"","sticky":false,"template":"","format":"standard","meta":{"footnotes":""},"categories":[1889],"tags":[1111,11,2430,1687,2757,1777,674,107,1011,27,2428,2756,873,12,25,2429,273],"class_list":{"0":"post-577739","1":"post","2":"type-post","3":"status-publish","4":"format-standard","5":"has-post-thumbnail","7":"category-lyon","8":"tag-actu","9":"tag-actualites","10":"tag-auvergne-rhone-alpes","11":"tag-culture-loisirs","12":"tag-edition-lyon-villeurbanne","13":"tag-eu","14":"tag-europe","15":"tag-fil-info","16":"tag-fr","17":"tag-france","18":"tag-lyon","19":"tag-lyon-bassin","20":"tag-musique","21":"tag-news","22":"tag-republique-francaise","23":"tag-rhone","24":"tag-selection-de-la-redaction"},"share_on_mastodon":{"url":"https:\/\/pubeurope.com\/@fr\/115661797025086014","error":""},"_links":{"self":[{"href":"https:\/\/www.europesays.com\/fr\/wp-json\/wp\/v2\/posts\/577739","targetHints":{"allow":["GET"]}}],"collection":[{"href":"https:\/\/www.europesays.com\/fr\/wp-json\/wp\/v2\/posts"}],"about":[{"href":"https:\/\/www.europesays.com\/fr\/wp-json\/wp\/v2\/types\/post"}],"author":[{"embeddable":true,"href":"https:\/\/www.europesays.com\/fr\/wp-json\/wp\/v2\/users\/2"}],"replies":[{"embeddable":true,"href":"https:\/\/www.europesays.com\/fr\/wp-json\/wp\/v2\/comments?post=577739"}],"version-history":[{"count":0,"href":"https:\/\/www.europesays.com\/fr\/wp-json\/wp\/v2\/posts\/577739\/revisions"}],"wp:featuredmedia":[{"embeddable":true,"href":"https:\/\/www.europesays.com\/fr\/wp-json\/wp\/v2\/media\/577740"}],"wp:attachment":[{"href":"https:\/\/www.europesays.com\/fr\/wp-json\/wp\/v2\/media?parent=577739"}],"wp:term":[{"taxonomy":"category","embeddable":true,"href":"https:\/\/www.europesays.com\/fr\/wp-json\/wp\/v2\/categories?post=577739"},{"taxonomy":"post_tag","embeddable":true,"href":"https:\/\/www.europesays.com\/fr\/wp-json\/wp\/v2\/tags?post=577739"}],"curies":[{"name":"wp","href":"https:\/\/api.w.org\/{rel}","templated":true}]}}