{"id":577741,"date":"2025-12-04T14:36:13","date_gmt":"2025-12-04T14:36:13","guid":{"rendered":"https:\/\/www.europesays.com\/fr\/577741\/"},"modified":"2025-12-04T14:36:13","modified_gmt":"2025-12-04T14:36:13","slug":"deux-podiums-en-ile-de-france-pour-le-taekwondo-de-bressuire","status":"publish","type":"post","link":"https:\/\/www.europesays.com\/fr\/577741\/","title":{"rendered":"Deux podiums en \u00cele-de-France pour le taekwondo de Bressuire"},"content":{"rendered":"<p>La saison de taekwondo se poursuit pour le club de\u00a0Bressuire qui se pr\u00e9sentait sur les aires de combats parisiennes \u00e0 l\u2019occasion de l\u2019Open d\u2019\u00cele-de-France les 29 et 30\u00a0novembre 2025.\u00a0Si Alexandre Betremieux s\u2019est inclin\u00e9\u00a0au premier\u00a0tour de sa cat\u00e9gorie, Johan Frageul est quant \u00e0 lui mont\u00e9 sur le podium avec une belle troisi\u00e8me place. Pour Nahim Goktas-Marzanato, c\u2019est le titre qui est\u00a0venu sanctionner cette sortie dans la capitale orchestr\u00e9e par le coach Ahmet Goktas.<\/p>\n","protected":false},"excerpt":{"rendered":"La saison de taekwondo se poursuit pour le club de\u00a0Bressuire qui se pr\u00e9sentait sur les aires de combats&hellip;\n","protected":false},"author":2,"featured_media":577742,"comment_status":"","ping_status":"","sticky":false,"template":"","format":"standard","meta":{"footnotes":""},"categories":[1592],"tags":[1111,11,6753,1674,1777,674,1011,27,662,1393,4387,12,626,25],"class_list":{"0":"post-577741","1":"post","2":"type-post","3":"status-publish","4":"format-standard","5":"has-post-thumbnail","7":"category-ile-de-france","8":"tag-actu","9":"tag-actualites","10":"tag-bressuire","11":"tag-communes","12":"tag-eu","13":"tag-europe","14":"tag-fr","15":"tag-france","16":"tag-ile-de-france","17":"tag-loisirs","18":"tag-loisirs-sportifs","19":"tag-news","20":"tag-paris","21":"tag-republique-francaise"},"share_on_mastodon":{"url":"https:\/\/pubeurope.com\/@fr\/115661804976432062","error":""},"_links":{"self":[{"href":"https:\/\/www.europesays.com\/fr\/wp-json\/wp\/v2\/posts\/577741","targetHints":{"allow":["GET"]}}],"collection":[{"href":"https:\/\/www.europesays.com\/fr\/wp-json\/wp\/v2\/posts"}],"about":[{"href":"https:\/\/www.europesays.com\/fr\/wp-json\/wp\/v2\/types\/post"}],"author":[{"embeddable":true,"href":"https:\/\/www.europesays.com\/fr\/wp-json\/wp\/v2\/users\/2"}],"replies":[{"embeddable":true,"href":"https:\/\/www.europesays.com\/fr\/wp-json\/wp\/v2\/comments?post=577741"}],"version-history":[{"count":0,"href":"https:\/\/www.europesays.com\/fr\/wp-json\/wp\/v2\/posts\/577741\/revisions"}],"wp:featuredmedia":[{"embeddable":true,"href":"https:\/\/www.europesays.com\/fr\/wp-json\/wp\/v2\/media\/577742"}],"wp:attachment":[{"href":"https:\/\/www.europesays.com\/fr\/wp-json\/wp\/v2\/media?parent=577741"}],"wp:term":[{"taxonomy":"category","embeddable":true,"href":"https:\/\/www.europesays.com\/fr\/wp-json\/wp\/v2\/categories?post=577741"},{"taxonomy":"post_tag","embeddable":true,"href":"https:\/\/www.europesays.com\/fr\/wp-json\/wp\/v2\/tags?post=577741"}],"curies":[{"name":"wp","href":"https:\/\/api.w.org\/{rel}","templated":true}]}}