{"id":577743,"date":"2025-12-04T14:37:13","date_gmt":"2025-12-04T14:37:13","guid":{"rendered":"https:\/\/www.europesays.com\/fr\/577743\/"},"modified":"2025-12-04T14:37:13","modified_gmt":"2025-12-04T14:37:13","slug":"une-nouvelle-defenseur-des-enfants-pour-mieux-reperer-les-violences-a-paris","status":"publish","type":"post","link":"https:\/\/www.europesays.com\/fr\/577743\/","title":{"rendered":"Une nouvelle D\u00e9fenseur des enfants pour \u00ab\u00a0mieux rep\u00e9rer\u00a0\u00bb les violences \u00e0 Paris"},"content":{"rendered":"<p class=\"article__intro\">Dominique Versini, actuelle adjointe \u00e0 la maire (PS) de Paris, Anne Hidalgo, a \u00e9t\u00e9 nomm\u00e9e D\u00e9fenseure des enfants aupr\u00e8s de la Ville ce jeudi. Une nomination alors que le p\u00e9riscolaire parisien est \u00e9clabouss\u00e9 par une s\u00e9rie d&rsquo;enqu\u00eates pour violences sexuelles. 30 animateurs ont \u00e9t\u00e9 suspendus en 2025 dont 16 pour des faits de violences sexuelles.<\/p>\n<p>\n      La Quotidienne Soci\u00e9t\u00e9\n    <\/p>\n<p>\n      De la vie quotidienne aux grands enjeux, recevez tous les jours les sujets qui font la soci\u00e9t\u00e9 locale, comme la justice, l\u2019\u00e9ducation, la sant\u00e9 et la famille.\n    <\/p>\n<p>    France T\u00e9l\u00e9visions utilise votre adresse e-mail afin de vous envoyer la newsletter \u00ab\u00a0La Quotidienne Soci\u00e9t\u00e9\u00a0\u00bb. Vous pouvez vous d\u00e9sinscrire \u00e0 tout moment via le lien en bas de cette newsletter. <a target=\"_blank\" href=\"https:\/\/www.francetelevisions.fr\/groupe\/confidentialite\/politique-de-confidentialite\/politique-de-confidentialite-de-france-televisions-6503\" rel=\"noopener\">Notre politique de confidentialit\u00e9<\/a><\/p>\n<p>\u00ab\u00a0Je serai la garante de l&rsquo;int\u00e9r\u00eat sup\u00e9rieur des enfants et \u00e0 l&rsquo;\u00e9coute des familles dont les attentes vis-\u00e0-vis de l&rsquo;administration sont l\u00e9gitimes\u00a0\u00bb, assure Dominique Versini. Elle souligne une \u00ab\u00a0hausse de t\u00e9moignages d&rsquo;enfants r\u00e9v\u00e9lant avoir \u00e9t\u00e9 victimes de violences physiques, psychologiques ou sexuelles par des agents de l&rsquo;administration parisienne\u00a0\u00bb.<\/p>\n<p>L&rsquo;ancienne d\u00e9fenseure des enfants au niveau national, \u00e2g\u00e9e de 71 ans, sera charg\u00e9e de \u00ab\u00a0recevoir les saisines des enfants, de leurs parents et de toute personne y ayant un int\u00e9r\u00eat l\u00e9gitime, en les instruisant\u00a0\u00bb, et de les orienter vers la justice en cas de \u00ab\u00a0situation de danger d&rsquo;un enfant\u00a0\u00bb, annonce la mairie dans un communiqu\u00e9.<\/p>\n<p>Sa fonction est \u00ab\u00a0ind\u00e9pendante de l&rsquo;administration et de l&rsquo;ex\u00e9cutif parisien\u00a0\u00bb, ajoute-t-elle, pr\u00e9cisant que Dominique Versini d\u00e9missionnait de ses fonctions de conseill\u00e8re de Paris et d&rsquo;adjointe charg\u00e9e des droits de l&rsquo;enfant et de la protection de l&rsquo;enfance.<\/p>\n<p>\u00ab\u00a0Je souhaite aller \u00e0 la rencontre des familles concern\u00e9es afin de les \u00e9couter\u00a0\u00bb, pr\u00e9cise l&rsquo;ancienne secr\u00e9taire d&rsquo;\u00c9tat sous la pr\u00e9sidence de Jacques Chirac et co-fondatrice du Samu social.<\/p>\n<p>Ce nouveau poste, \u00ab\u00a0une premi\u00e8re en France \u00e0 l&rsquo;\u00e9chelle d&rsquo;une collectivit\u00e9 locale\u00a0\u00bb, a \u00e9t\u00e9 cr\u00e9\u00e9 dans le cadre d&rsquo;un plan de lutte contre les violences sexistes et sexuelles faites aux enfants dans les \u00e9coles, adopt\u00e9 en novembre au Conseil de Paris.<\/p>\n<p>Il vise \u00e0 \u00ab\u00a0accompagner la lib\u00e9ration de la parole\u00a0\u00bb et \u00e0 \u00ab\u00a0mieux rep\u00e9rer\u00a0\u00bb les violences \u00e0 l&rsquo;encontre des enfants, alors que les \u00e9coles de la capitale sont secou\u00e9es par une s\u00e9rie de plaintes pour agressions sexuelles.<\/p>\n<p>Quinze enqu\u00eates ont \u00e9t\u00e9 ouvertes en 2025 pour des agressions sexuelles pr\u00e9sum\u00e9es dans des \u00e9coles maternelles parisiennes, selon la procureure sp\u00e9cialis\u00e9e mineurs du parquet de Paris, Lisa-Lou Wipf, qui pointait fin novembre \u00ab\u00a0une recrudescence importante du nombre de signalements\u00a0\u00bb visant principalement des animateurs du p\u00e9riscolaire qui d\u00e9pendent de la mairie.<\/p>\n<p>En 2025, trente animateurs ont \u00e9t\u00e9 suspendus, dont 16 pour des suspicions de faits \u00e0 caract\u00e8re sexuel, selon la mairie.<\/p>\n<p>Outre la saisine de la D\u00e9fenseure des enfants, le plan de la mairie pr\u00e9voit le renforcement du recrutement et de la formation des animateurs du p\u00e9riscolaire et la \u00ab\u00a0suspension imm\u00e9diate\u00a0\u00bb de l&rsquo;agent mis en cause.<\/p>\n<p>Un document d\u00e9taillant les mesures a \u00e9t\u00e9 envoy\u00e9 jeudi aux 100 000 parents d&rsquo;\u00e9l\u00e8ves de la capitale via la plateforme Paris Classe Num\u00e9rique (PCN).<\/p>\n","protected":false},"excerpt":{"rendered":"Dominique Versini, actuelle adjointe \u00e0 la maire (PS) de Paris, Anne Hidalgo, a \u00e9t\u00e9 nomm\u00e9e D\u00e9fenseure des enfants&hellip;\n","protected":false},"author":2,"featured_media":577744,"comment_status":"","ping_status":"","sticky":false,"template":"","format":"standard","meta":{"footnotes":""},"categories":[1888],"tags":[1111,1928,11,1927,1777,674,1011,27,12,1926,626,1925,25],"class_list":{"0":"post-577743","1":"post","2":"type-post","3":"status-publish","4":"format-standard","5":"has-post-thumbnail","7":"category-paris","8":"tag-actu","9":"tag-actu-paris","10":"tag-actualites","11":"tag-actualites-paris","12":"tag-eu","13":"tag-europe","14":"tag-fr","15":"tag-france","16":"tag-news","17":"tag-news-paris","18":"tag-paris","19":"tag-paris-news","20":"tag-republique-francaise"},"share_on_mastodon":{"url":"https:\/\/pubeurope.com\/@fr\/115661809241891611","error":""},"_links":{"self":[{"href":"https:\/\/www.europesays.com\/fr\/wp-json\/wp\/v2\/posts\/577743","targetHints":{"allow":["GET"]}}],"collection":[{"href":"https:\/\/www.europesays.com\/fr\/wp-json\/wp\/v2\/posts"}],"about":[{"href":"https:\/\/www.europesays.com\/fr\/wp-json\/wp\/v2\/types\/post"}],"author":[{"embeddable":true,"href":"https:\/\/www.europesays.com\/fr\/wp-json\/wp\/v2\/users\/2"}],"replies":[{"embeddable":true,"href":"https:\/\/www.europesays.com\/fr\/wp-json\/wp\/v2\/comments?post=577743"}],"version-history":[{"count":0,"href":"https:\/\/www.europesays.com\/fr\/wp-json\/wp\/v2\/posts\/577743\/revisions"}],"wp:featuredmedia":[{"embeddable":true,"href":"https:\/\/www.europesays.com\/fr\/wp-json\/wp\/v2\/media\/577744"}],"wp:attachment":[{"href":"https:\/\/www.europesays.com\/fr\/wp-json\/wp\/v2\/media?parent=577743"}],"wp:term":[{"taxonomy":"category","embeddable":true,"href":"https:\/\/www.europesays.com\/fr\/wp-json\/wp\/v2\/categories?post=577743"},{"taxonomy":"post_tag","embeddable":true,"href":"https:\/\/www.europesays.com\/fr\/wp-json\/wp\/v2\/tags?post=577743"}],"curies":[{"name":"wp","href":"https:\/\/api.w.org\/{rel}","templated":true}]}}