{"id":577745,"date":"2025-12-04T14:38:13","date_gmt":"2025-12-04T14:38:13","guid":{"rendered":"https:\/\/www.europesays.com\/fr\/577745\/"},"modified":"2025-12-04T14:38:13","modified_gmt":"2025-12-04T14:38:13","slug":"paris-classee-5%e1%b5%89-ville-la-plus-sale-du-monde","status":"publish","type":"post","link":"https:\/\/www.europesays.com\/fr\/577745\/","title":{"rendered":"Paris class\u00e9e 5\u1d49 ville la plus sale du monde"},"content":{"rendered":"<p>AA \/ Istanbul \/ Seyma Erkul Dayanc<\/p>\n<p>Paris a \u00e9t\u00e9 class\u00e9e 5\u1d49 ville la plus sale au monde parmi les destinations touristiques, selon une \u00e9tude publi\u00e9e fin novembre par Radical Storage, rapportent des m\u00e9dias locaux. L\u2019analyse se base sur plus de 70 000 avis publi\u00e9s sur Google Maps, la plateforme d\u2019avis en ligne du moteur de recherche am\u00e9ricain, contenant des mentions li\u00e9es \u00e0 la \u00ab\u202fpropret\u00e9\u202f\u00bb ou \u00e0 la \u00ab\u202fsalet\u00e9\u202f\u00bb. <\/p>\n<p>Selon Paris Secret, site web fran\u00e7ais sp\u00e9cialis\u00e9 dans l\u2019actualit\u00e9 et le tourisme \u00e0 Paris, environ une centaine de villes ont \u00e9t\u00e9 incluses dans cette \u00e9tude.<\/p>\n<p>La capitale fran\u00e7aise figure derri\u00e8re Budapest, Rome, Las Vegas et Florence, indiquent les m\u00e9dias locaux.<\/p>\n<p>La publication de ces r\u00e9sultats a suscit\u00e9 des r\u00e9actions chez les \u00e9boueurs parisiens. Ludovic Franceschet, \u00e9boueur \u00e0 Paris, a d\u00e9clar\u00e9 mercredi \u00e0 LCI, cha\u00eene de t\u00e9l\u00e9vision fran\u00e7aise d\u2019information continue, que la ville n\u2019\u00e9tait pas une d\u00e9charge et que ce sont les comportements inciviques de certains qui posent probl\u00e8me, impactant directement le travail des \u00e9boueurs.<\/p>\n<p>Pour certains \u00e9lus locaux, ces donn\u00e9es pourraient alimenter les d\u00e9bats en vue des \u00e9lections municipales de mars 2026. Jean-Pierre Lecoq, maire LR du 6\u1d49 arrondissement, estime que \u00ab\u202fla municipalit\u00e9 parisienne ne consacre pas assez d\u2019argent \u00e0 la propret\u00e9 de nos rues et de nos trottoirs\u202f\u00bb. <\/p>\n<p>Une position partag\u00e9e par d\u2019autres \u00e9lus d\u2019opposition. Philippe Goujon, maire LR du 15\u1d49 arrondissement, souligne que \u00ab\u202fc\u2019est l\u2019hygi\u00e8ne, c\u2019est la sant\u00e9 publique, c\u2019est l\u2019image de la ville, surtout Paris qui est la premi\u00e8re destination touristique du monde\u202f\u00bb.<\/p>\n<p>Selon Paris Secret, 28,2\u202f% des avis analys\u00e9s pour Paris font r\u00e9f\u00e9rence \u00e0 la salet\u00e9, et certains quartiers touristiques comme Op\u00e9ra ou la rue de Rivoli figurent r\u00e9guli\u00e8rement dans les commentaires.<\/p>\n<p>                            &#13;<br \/>\n                                <a href=\"https:\/\/www.aa.com.tr\/fr\/p\/abonnement\/1001\" target=\"_blank\" style=\"font-size:12px; color:#444; text-decoration:none;\" rel=\"noopener\">&#13;<br \/>\n                                    Seulement une partie des d\u00e9p\u00eaches, que l&rsquo;Agence Anadolu diffuse \u00e0 ses abonn\u00e9s via le Syst\u00e8me de Diffusion interne (HAS), est diffus\u00e9e sur le site de l&rsquo;AA, de mani\u00e8re r\u00e9sum\u00e9e. <b style=\"color:#1897F7\">Contactez-nous s&rsquo;il vous pla\u00eet pour vous abonner.<\/b>&#13;<br \/>\n                                <\/a>&#13;<\/p>\n","protected":false},"excerpt":{"rendered":"AA \/ Istanbul \/ Seyma Erkul Dayanc Paris a \u00e9t\u00e9 class\u00e9e 5\u1d49 ville la plus sale au monde&hellip;\n","protected":false},"author":2,"featured_media":577746,"comment_status":"","ping_status":"","sticky":false,"template":"","format":"standard","meta":{"footnotes":""},"categories":[1888],"tags":[1111,1928,11,1927,1785,1777,674,1011,27,12,1926,626,1925,25],"class_list":{"0":"post-577745","1":"post","2":"type-post","3":"status-publish","4":"format-standard","5":"has-post-thumbnail","7":"category-paris","8":"tag-actu","9":"tag-actu-paris","10":"tag-actualites","11":"tag-actualites-paris","12":"tag-anadolu-ajansi","13":"tag-eu","14":"tag-europe","15":"tag-fr","16":"tag-france","17":"tag-news","18":"tag-news-paris","19":"tag-paris","20":"tag-paris-news","21":"tag-republique-francaise"},"share_on_mastodon":{"url":"https:\/\/pubeurope.com\/@fr\/115661812929767815","error":""},"_links":{"self":[{"href":"https:\/\/www.europesays.com\/fr\/wp-json\/wp\/v2\/posts\/577745","targetHints":{"allow":["GET"]}}],"collection":[{"href":"https:\/\/www.europesays.com\/fr\/wp-json\/wp\/v2\/posts"}],"about":[{"href":"https:\/\/www.europesays.com\/fr\/wp-json\/wp\/v2\/types\/post"}],"author":[{"embeddable":true,"href":"https:\/\/www.europesays.com\/fr\/wp-json\/wp\/v2\/users\/2"}],"replies":[{"embeddable":true,"href":"https:\/\/www.europesays.com\/fr\/wp-json\/wp\/v2\/comments?post=577745"}],"version-history":[{"count":0,"href":"https:\/\/www.europesays.com\/fr\/wp-json\/wp\/v2\/posts\/577745\/revisions"}],"wp:featuredmedia":[{"embeddable":true,"href":"https:\/\/www.europesays.com\/fr\/wp-json\/wp\/v2\/media\/577746"}],"wp:attachment":[{"href":"https:\/\/www.europesays.com\/fr\/wp-json\/wp\/v2\/media?parent=577745"}],"wp:term":[{"taxonomy":"category","embeddable":true,"href":"https:\/\/www.europesays.com\/fr\/wp-json\/wp\/v2\/categories?post=577745"},{"taxonomy":"post_tag","embeddable":true,"href":"https:\/\/www.europesays.com\/fr\/wp-json\/wp\/v2\/tags?post=577745"}],"curies":[{"name":"wp","href":"https:\/\/api.w.org\/{rel}","templated":true}]}}