{"id":577760,"date":"2025-12-04T14:46:14","date_gmt":"2025-12-04T14:46:14","guid":{"rendered":"https:\/\/www.europesays.com\/fr\/577760\/"},"modified":"2025-12-04T14:46:14","modified_gmt":"2025-12-04T14:46:14","slug":"federica-mogherini-quitte-le-college-deurope-apres-des-accusations-de-fraude","status":"publish","type":"post","link":"https:\/\/www.europesays.com\/fr\/577760\/","title":{"rendered":"Federica Mogherini quitte le Coll\u00e8ge d\u2019Europe apr\u00e8s des accusations de fraude"},"content":{"rendered":"<p>  Par&amp;nbsp<a href=\"https:\/\/fr.euronews.com\/profils\/2954\" target=\"_blank\" rel=\"noopener\">Romane Armangau<\/a>&amp;nbsp&amp;&amp;nbsp<b>Jean-Philippe LIABOT<\/b><\/p>\n<p>\n         Publi\u00e9 le<br \/>\n            04\/12\/2025 &#8211; 15:41 UTC+1\n            <\/p>\n<p><strong>Federica Mogherini<\/strong>, l&rsquo;ancienne Haute repr\u00e9sentante de l&rsquo;Union europ\u00e9enne, a d\u00e9missionn\u00e9 de son poste de recteur du Coll\u00e8ge d&rsquo;Europe apr\u00e8s avoir \u00e9t\u00e9 accus\u00e9e de fraude et de corruption dans le cadre d&rsquo;une enqu\u00eate lanc\u00e9e par le Parquet europ\u00e9en (OEPP).<\/p>\n<p>Federica Mogherini \u00e9tait recteur de cette institution d&rsquo;\u00e9lite dont le si\u00e8ge est \u00e0 Bruges, depuis 2020.<\/p>\n<p>\u00ab\u00a0Conform\u00e9ment \u00e0 la rigueur et \u00e0 l&rsquo;\u00e9quit\u00e9 avec lesquelles j&rsquo;ai toujours exerc\u00e9 mes fonctions, j&rsquo;ai d\u00e9cid\u00e9 aujourd&rsquo;hui de d\u00e9missionner de mon poste de rectrice du Coll\u00e8ge d&rsquo;Europe et de directrice de l&rsquo;Acad\u00e9mie diplomatique de l&rsquo;Union europ\u00e9enne\u00a0\u00bb, a \u00e9crit Mme Mogherini dans un courriel consult\u00e9 par Euronews.<\/p>\n<p>\u00ab\u00a0Je suis fi\u00e8re de ce que nous avons accompli ensemble et je suis profond\u00e9ment reconnaissante de la confiance, de l&rsquo;estime et du soutien que les \u00e9tudiants, le corps enseignant, le personnel et les anciens \u00e9l\u00e8ves du Coll\u00e8ge et de l&rsquo;Acad\u00e9mie m&rsquo;ont t\u00e9moign\u00e9 et me t\u00e9moignent encore\u00a0\u00bb, a-t-elle ajout\u00e9.<\/p>\n<p>\u00ab\u00a0Ce fut un honneur et un plaisir pour moi de servir la communaut\u00e9 du Coll\u00e8ge et sa mission, avec vous tous.\u00a0\u00bb<\/p>\n<p>Federica Mogherini fait partie des <a href=\"https:\/\/fr.euronews.com\/my-europe\/2025\/12\/02\/operation-anti-fraude-la-police-belge-effectue-une-descente-au-service-europeen-pour-lacti\" target=\"_blank\" rel=\"noopener\"><strong>trois suspects<\/strong><\/a> qui ont \u00e9t\u00e9 interrog\u00e9s mardi matin apr\u00e8s que les autorit\u00e9s belges ont perquisitionn\u00e9 les bureaux du Service europ\u00e9en pour l&rsquo;action ext\u00e9rieure (SEAE), le Coll\u00e8ge d&rsquo;Europe dans la ville de Bruges, ainsi qu&rsquo;une s\u00e9rie de domiciles priv\u00e9s.<\/p>\n<p>L&rsquo;enqu\u00eate est centr\u00e9e sur l&rsquo;Acad\u00e9mie diplomatique de l&rsquo;Union europ\u00e9enne, un cours de formation de neuf mois destin\u00e9 aux jeunes diplomates qui a \u00e9t\u00e9 attribu\u00e9 au Coll\u00e8ge d&rsquo;Europe en Belgique dans le cadre d&rsquo;un appel d&rsquo;offres public entre 2021 et 2022.<\/p>\n<p>Les procureurs cherchent \u00e0 d\u00e9terminer si le SEAE a enfreint ses r\u00e8gles d&rsquo;appel d&rsquo;offres en partageant des informations avec le Coll\u00e8ge avant que le projet ne soit officiellement attribu\u00e9.<\/p>\n<p><strong>Stefano Sannino<\/strong>, secr\u00e9taire g\u00e9n\u00e9ral du SEAE de 2021 \u00e0 2024, fait \u00e9galement l&rsquo;objet d&rsquo;une enqu\u00eate. Il a pris un cong\u00e9 anticip\u00e9 de son poste de directeur de la direction g\u00e9n\u00e9rale de la Commission europ\u00e9enne pour le Moyen-Orient, l&rsquo;Afrique du Nord et le Golfe (DG MENA). Il pr\u00e9voit de prendre sa retraite \u00e0 la fin de l&rsquo;ann\u00e9e, une d\u00e9cision prise avant que le scandale n&rsquo;\u00e9clate mardi.<\/p>\n<p>Une troisi\u00e8me personne, qui serait un responsable du Coll\u00e8ge d&rsquo;Europe, a \u00e9galement \u00e9t\u00e9 arr\u00eat\u00e9e.<\/p>\n<p>Les trois personnes <a href=\"https:\/\/fr.euronews.com\/my-europe\/2025\/12\/03\/federica-mogherini-liberee-dans-le-cadre-de-lenquete-sur-la-corruption-au-sein-du-college-\" target=\"_blank\" rel=\"noopener\"><strong>ont \u00e9t\u00e9 lib\u00e9r\u00e9es mercredi<\/strong><\/a> apr\u00e8s avoir \u00e9t\u00e9 interrog\u00e9es par la police et formellement inform\u00e9es des accusations : fraude et corruption en mati\u00e8re de march\u00e9s publics, conflit d&rsquo;int\u00e9r\u00eats et violation du secret professionnel.<\/p>\n","protected":false},"excerpt":{"rendered":"Par&amp;nbspRomane Armangau&amp;nbsp&amp;&amp;nbspJean-Philippe LIABOT Publi\u00e9 le 04\/12\/2025 &#8211; 15:41 UTC+1 Federica Mogherini, l&rsquo;ancienne Haute repr\u00e9sentante de l&rsquo;Union europ\u00e9enne, a&hellip;\n","protected":false},"author":2,"featured_media":577761,"comment_status":"","ping_status":"","sticky":false,"template":"","format":"standard","meta":{"footnotes":""},"categories":[1586],"tags":[11,1777,674,1011,27,1006,12,1072,25,364],"class_list":{"0":"post-577760","1":"post","2":"type-post","3":"status-publish","4":"format-standard","5":"has-post-thumbnail","7":"category-europe","8":"tag-actualites","9":"tag-eu","10":"tag-europe","11":"tag-fr","12":"tag-france","13":"tag-fraude","14":"tag-news","15":"tag-police","16":"tag-republique-francaise","17":"tag-union-europeenne"},"share_on_mastodon":{"url":"https:\/\/pubeurope.com\/@fr\/115661844349536170","error":""},"_links":{"self":[{"href":"https:\/\/www.europesays.com\/fr\/wp-json\/wp\/v2\/posts\/577760","targetHints":{"allow":["GET"]}}],"collection":[{"href":"https:\/\/www.europesays.com\/fr\/wp-json\/wp\/v2\/posts"}],"about":[{"href":"https:\/\/www.europesays.com\/fr\/wp-json\/wp\/v2\/types\/post"}],"author":[{"embeddable":true,"href":"https:\/\/www.europesays.com\/fr\/wp-json\/wp\/v2\/users\/2"}],"replies":[{"embeddable":true,"href":"https:\/\/www.europesays.com\/fr\/wp-json\/wp\/v2\/comments?post=577760"}],"version-history":[{"count":0,"href":"https:\/\/www.europesays.com\/fr\/wp-json\/wp\/v2\/posts\/577760\/revisions"}],"wp:featuredmedia":[{"embeddable":true,"href":"https:\/\/www.europesays.com\/fr\/wp-json\/wp\/v2\/media\/577761"}],"wp:attachment":[{"href":"https:\/\/www.europesays.com\/fr\/wp-json\/wp\/v2\/media?parent=577760"}],"wp:term":[{"taxonomy":"category","embeddable":true,"href":"https:\/\/www.europesays.com\/fr\/wp-json\/wp\/v2\/categories?post=577760"},{"taxonomy":"post_tag","embeddable":true,"href":"https:\/\/www.europesays.com\/fr\/wp-json\/wp\/v2\/tags?post=577760"}],"curies":[{"name":"wp","href":"https:\/\/api.w.org\/{rel}","templated":true}]}}